{"id":13038,"date":"2023-12-20T11:53:13","date_gmt":"2023-12-20T14:53:13","guid":{"rendered":"https:\/\/www.visionweb.com.ar\/?p=13038"},"modified":"2023-12-20T11:53:13","modified_gmt":"2023-12-20T14:53:13","slug":"lomas-de-zamora-se-viene-la-noche-de-los-comercios-edicion-navidad","status":"publish","type":"post","link":"https:\/\/www.visionweb.com.ar\/?p=13038","title":{"rendered":"Lomas de Zamora: Se viene La Noche de los Comercios edici\u00f3n Navidad"},"content":{"rendered":"<p><em><strong>Se realizar\u00e1 el pr\u00f3ximo viernes en diferentes puntos de Lomas de Zamora, donde habr\u00e1 sorteos, shows en vivo, descuentos y mucho m\u00e1s.<\/strong><\/em><!--more--><\/p>\n<p><strong><img loading=\"lazy\" decoding=\"async\" class=\"size-medium wp-image-13039 alignright\" src=\"https:\/\/www.visionweb.com.ar\/wp-content\/uploads\/2023\/12\/lomas-comercios-300x170.png\" alt=\"\" width=\"300\" height=\"170\" srcset=\"https:\/\/www.visionweb.com.ar\/wp-content\/uploads\/2023\/12\/lomas-comercios-300x170.png 300w, https:\/\/www.visionweb.com.ar\/wp-content\/uploads\/2023\/12\/lomas-comercios.png 441w\" sizes=\"auto, (max-width: 300px) 100vw, 300px\" \/>\u00a0\u00a0\u00a0 <\/strong><strong>E<\/strong>l<strong>\u00a0Municipio de Lomas de Zamora <\/strong>realizar\u00e1 una jornada especial de Navidad en distintos puntos del partido, con actividades que se desarrollar\u00e1n el viernes 22, y en la que propone libre estacionamiento, shows en vivo, descuentos en comercios, sorteos y hasta un circo intinerante.<\/p>\n<p>De esta manera, la<strong> Noche de los Comercios edici\u00f3n Navidad<\/strong> promete\u00a0<strong>descuentos de hasta el 40 por ciento<\/strong>, promociones y beneficios. Ser\u00e1 una jornada para aprovechar al m\u00e1ximo, <strong>organizado por el Municipio y la C\u00e1mara de Comercio e Industria lomense.<\/strong><\/p>\n<p><strong>En el Centro de Lomas<\/strong>, desde las 17 y hasta las 23:00hs habr\u00e1 escenarios en la calle Laprida entre Pellegrini y Espa\u00f1a y entre Italia y Avenida Hip\u00f3lito Yrigoyen. Adem\u00e1s, habr\u00e1 un tercer escenario en Italia entre Laprida y Boedo.<\/p>\n<p>Seg\u00fan detall\u00f3 la organizaci\u00f3n se podr\u00e1 disfrutar de m\u00fasica y DJs en vivo, circo itinerante, una plataforma 360\u00b0, cuarteto de cuerdas, stand de glitter y descuentos en comercios.<\/p>\n<p>En la localidad de\u00a0<strong>Banfield<\/strong>\u00a0<strong>Este\u00a0<\/strong>habr\u00e1 un recorrido de los y las artistas sobre la calle Maip\u00fa, un escenario ubicado en la esquina de Maip\u00fa y Belgrano. Tambi\u00e9n, habr\u00e1 descuentos en comercios, sorteos y sorteos. Adem\u00e1s, los artistas har\u00e1n un recorrido desde la avenida hasta General Arenales por Maip\u00fa.<\/p>\n<p>En el barrio de\u00a0<strong>San Jos\u00e9<\/strong>\u00a0habr\u00e1 recorrido de los y las artistas por la calle Salta, m\u00fasica en vivo, show de magia y m\u00fasicos en vivo.<\/p>\n<p>En\u00a0<strong>T\u00e9mperley<\/strong> habr\u00e1 sorteos y circo intinerante. Desde las 19:00hs dispondr\u00e1 de un escenario en 25 de Mayo entre General Jos\u00e9 Tom\u00e1s Guido y Tom\u00e1s Espora. Tambi\u00e9n habr\u00e1 m\u00e1s actividades desde Avenida Meeks. <strong>(VW)<\/strong><\/p>\n","protected":false},"excerpt":{"rendered":"<p>Se realizar\u00e1 el pr\u00f3ximo viernes en diferentes puntos de Lomas de Zamora, donde habr\u00e1 sorteos, shows en vivo, descuentos y mucho m\u00e1s.<\/p>\n","protected":false},"author":4,"featured_media":13039,"comment_status":"closed","ping_status":"closed","sticky":false,"template":"","format":"standard","meta":{"_monsterinsights_skip_tracking":false,"_monsterinsights_sitenote_active":false,"_monsterinsights_sitenote_note":"","_monsterinsights_sitenote_category":0,"footnotes":""},"categories":[8],"tags":[5419,318],"class_list":["post-13038","post","type-post","status-publish","format-standard","has-post-thumbnail","hentry","category-interes-general","tag-la-noche-de-los-comercios-edicion-navidad","tag-lomas-de-zamora"],"_links":{"self":[{"href":"https:\/\/www.visionweb.com.ar\/index.php?rest_route=\/wp\/v2\/posts\/13038","targetHints":{"allow":["GET"]}}],"collection":[{"href":"https:\/\/www.visionweb.com.ar\/index.php?rest_route=\/wp\/v2\/posts"}],"about":[{"href":"https:\/\/www.visionweb.com.ar\/index.php?rest_route=\/wp\/v2\/types\/post"}],"author":[{"embeddable":true,"href":"https:\/\/www.visionweb.com.ar\/index.php?rest_route=\/wp\/v2\/users\/4"}],"replies":[{"embeddable":true,"href":"https:\/\/www.visionweb.com.ar\/index.php?rest_route=%2Fwp%2Fv2%2Fcomments&post=13038"}],"version-history":[{"count":1,"href":"https:\/\/www.visionweb.com.ar\/index.php?rest_route=\/wp\/v2\/posts\/13038\/revisions"}],"predecessor-version":[{"id":13040,"href":"https:\/\/www.visionweb.com.ar\/index.php?rest_route=\/wp\/v2\/posts\/13038\/revisions\/13040"}],"wp:featuredmedia":[{"embeddable":true,"href":"https:\/\/www.visionweb.com.ar\/index.php?rest_route=\/wp\/v2\/media\/13039"}],"wp:attachment":[{"href":"https:\/\/www.visionweb.com.ar\/index.php?rest_route=%2Fwp%2Fv2%2Fmedia&parent=13038"}],"wp:term":[{"taxonomy":"category","embeddable":true,"href":"https:\/\/www.visionweb.com.ar\/index.php?rest_route=%2Fwp%2Fv2%2Fcategories&post=13038"},{"taxonomy":"post_tag","embeddable":true,"href":"https:\/\/www.visionweb.com.ar\/index.php?rest_route=%2Fwp%2Fv2%2Ftags&post=13038"}],"curies":[{"name":"wp","href":"https:\/\/api.w.org\/{rel}","templated":true}]}}