{"id":13036,"date":"2023-12-20T09:42:09","date_gmt":"2023-12-20T12:42:09","guid":{"rendered":"https:\/\/www.visionweb.com.ar\/?p=13036"},"modified":"2023-12-20T09:42:09","modified_gmt":"2023-12-20T12:42:09","slug":"por-el-temporal-arba-modifica-los-vencimientos","status":"publish","type":"post","link":"https:\/\/www.visionweb.com.ar\/?p=13036","title":{"rendered":"Por el temporal ARBA modifica los vencimientos"},"content":{"rendered":"<p><em><strong>La Agencia de Recaudaci\u00f3n de la provincia de Buenos Aires\u00a0 modifico el calendario de vencimientos por los da\u00f1os ocasionados por el temporal del \u00faltimo fin de semana.<\/strong><\/em> <!--more--><\/p>\n<p><strong><img loading=\"lazy\" decoding=\"async\" class=\"size-medium wp-image-10276 alignright\" src=\"https:\/\/www.visionweb.com.ar\/wp-content\/uploads\/2023\/04\/ARBA-300x168.png\" alt=\"\" width=\"300\" height=\"168\" srcset=\"https:\/\/www.visionweb.com.ar\/wp-content\/uploads\/2023\/04\/ARBA-300x168.png 300w, https:\/\/www.visionweb.com.ar\/wp-content\/uploads\/2023\/04\/ARBA.png 647w\" sizes=\"auto, (max-width: 300px) 100vw, 300px\" \/>La Agencia de Recaudaci\u00f3n bonaerense (<a href=\"https:\/\/twitter.com\/arba\">ARBA<\/a>) modific\u00f3 hoy el calendario de vencimientos para los contribuyentes locales del Impuesto a los Ingresos Brutos inscriptos en el R\u00e9gimen General<\/strong>, por el temporal que se registr\u00f3 durante el \u00faltimo fin de semana.<\/p>\n<p>\u201cModificar el calendario de vencimientos previsto en el Anexo IV de la Resoluci\u00f3n Normativa N\u00ba 31\/2022 y\u00a0<strong>considerar presentadas y abonadas en t\u00e9rmino hasta el d\u00eda 22 de diciembre de 2023, inclusive<\/strong>, las declaraciones juradas correspondientes al anticipo mensual 11\/2023 del Impuesto sobre los Ingresos Brutos de los contribuyentes cuyas CUIT terminen en 0, 1, 2 y 3\u2033, se indic\u00f3 en la resoluci\u00f3n publicada hoy en el Bolet\u00edn Oficial bonaerense, inform\u00f3 el organismo recaudador bonaerense.<\/p>\n<p>La medida, que lleva la firma del director ejecutivo de ARBA, Cristian Girard, se adopt\u00f3 en el marco de la asistencia dispuesta por el gobernador Axel Kicellofpara mitigar las consecuencias del temporal que afect\u00f3 a m\u00e1s de 46 municipios de la provincia.<\/p>\n<p><strong>El fen\u00f3meno climatol\u00f3gico del fin de semana incluy\u00f3 fuertes tormentas con intensas precipitaciones y r\u00e1fagas de viento, y produjo anegamientos y da\u00f1os materiales de extrema gravedad<\/strong>, impidiendo el normal desplazamiento de la poblaci\u00f3n y el acceso a servicios esenciales<strong>(VW)<\/strong><\/p>\n","protected":false},"excerpt":{"rendered":"<p>La Agencia de Recaudaci\u00f3n de la provincia de Buenos Aires\u00a0 modifico el calendario de vencimientos por los da\u00f1os ocasionados por el temporal del \u00faltimo fin de semana.<\/p>\n","protected":false},"author":3,"featured_media":4729,"comment_status":"closed","ping_status":"closed","sticky":false,"template":"","format":"standard","meta":{"_monsterinsights_skip_tracking":false,"_monsterinsights_sitenote_active":false,"_monsterinsights_sitenote_note":"","_monsterinsights_sitenote_category":0,"footnotes":""},"categories":[8],"tags":[1366,323,5418],"class_list":["post-13036","post","type-post","status-publish","format-standard","has-post-thumbnail","hentry","category-interes-general","tag-arba","tag-calendario","tag-ib"],"_links":{"self":[{"href":"https:\/\/www.visionweb.com.ar\/index.php?rest_route=\/wp\/v2\/posts\/13036","targetHints":{"allow":["GET"]}}],"collection":[{"href":"https:\/\/www.visionweb.com.ar\/index.php?rest_route=\/wp\/v2\/posts"}],"about":[{"href":"https:\/\/www.visionweb.com.ar\/index.php?rest_route=\/wp\/v2\/types\/post"}],"author":[{"embeddable":true,"href":"https:\/\/www.visionweb.com.ar\/index.php?rest_route=\/wp\/v2\/users\/3"}],"replies":[{"embeddable":true,"href":"https:\/\/www.visionweb.com.ar\/index.php?rest_route=%2Fwp%2Fv2%2Fcomments&post=13036"}],"version-history":[{"count":1,"href":"https:\/\/www.visionweb.com.ar\/index.php?rest_route=\/wp\/v2\/posts\/13036\/revisions"}],"predecessor-version":[{"id":13037,"href":"https:\/\/www.visionweb.com.ar\/index.php?rest_route=\/wp\/v2\/posts\/13036\/revisions\/13037"}],"wp:featuredmedia":[{"embeddable":true,"href":"https:\/\/www.visionweb.com.ar\/index.php?rest_route=\/wp\/v2\/media\/4729"}],"wp:attachment":[{"href":"https:\/\/www.visionweb.com.ar\/index.php?rest_route=%2Fwp%2Fv2%2Fmedia&parent=13036"}],"wp:term":[{"taxonomy":"category","embeddable":true,"href":"https:\/\/www.visionweb.com.ar\/index.php?rest_route=%2Fwp%2Fv2%2Fcategories&post=13036"},{"taxonomy":"post_tag","embeddable":true,"href":"https:\/\/www.visionweb.com.ar\/index.php?rest_route=%2Fwp%2Fv2%2Ftags&post=13036"}],"curies":[{"name":"wp","href":"https:\/\/api.w.org\/{rel}","templated":true}]}}