{"id":13033,"date":"2023-12-19T11:18:32","date_gmt":"2023-12-19T14:18:32","guid":{"rendered":"https:\/\/www.visionweb.com.ar\/?p=13033"},"modified":"2023-12-19T11:18:32","modified_gmt":"2023-12-19T14:18:32","slug":"un-colectivo-que-une-el-aeropuerto-de-ezeiza-con-aeroparque","status":"publish","type":"post","link":"https:\/\/www.visionweb.com.ar\/?p=13033","title":{"rendered":"Un colectivo que une el Aeropuerto de Ezeiza con Aeroparque"},"content":{"rendered":"<p><em><strong>Se trata de la l\u00ednea 8, que se fusion\u00f3 con la 5, y cuenta con el servicio normal y semir\u00e1pido. Se abona con la tarjeta SUBE y cuentan con un espacio especial para el equipaje.<\/strong><\/em><!--more--><\/p>\n<p><img loading=\"lazy\" decoding=\"async\" class=\"size-medium wp-image-13034 alignright\" src=\"https:\/\/www.visionweb.com.ar\/wp-content\/uploads\/2023\/12\/Colectivo-8-Aerop-a-Ezeiza-300x188.png\" alt=\"\" width=\"300\" height=\"188\" srcset=\"https:\/\/www.visionweb.com.ar\/wp-content\/uploads\/2023\/12\/Colectivo-8-Aerop-a-Ezeiza-300x188.png 300w, https:\/\/www.visionweb.com.ar\/wp-content\/uploads\/2023\/12\/Colectivo-8-Aerop-a-Ezeiza.png 565w\" sizes=\"auto, (max-width: 300px) 100vw, 300px\" \/>\u00a0\u00a0 <strong>L<\/strong>a nueva<strong> L\u00ednea 8 de colectivos<\/strong>, que absorbi\u00f3 a la vieja l\u00ednea 5, ya inici\u00f3 su recorrido nuevo que\u00a0<strong>unir\u00e1 el Aeropuerto Internacional de Ezeiza y el Aeroparque Metropolitano Jorge Newbery, en la Costanera Norte de la Ciudad de Buenos Aires.<\/strong><\/p>\n<p>Luego de haber sido anunciado hace m\u00e1s de un a\u00f1o, comenz\u00f3 a funcionar ayer\u00a0<strong>la l\u00ednea 8, <\/strong>que con una flota de 145 coches, contar\u00e1 con servicio normal y otro semir\u00e1pido por autopista.<\/p>\n<p>El servicio contempla la tarjeta SUBE, al igual que el resto de los colectivos del \u00c1rea Metropolitana de Buenos Aires, y el<strong> valor del boleto es de $127,10.<\/strong><\/p>\n<p>La duraci\u00f3n estimada del viaje estimada es de 85 minutos y algunas unidades ya <strong>tienen un espacio especial para el equipaje<\/strong>.<\/p>\n<p>Seg\u00fan lo publicado en el Bolet\u00edn Oficial de la Rep\u00fablica Argentina en octubre de este a\u00f1o por la Secretar\u00eda de Gesti\u00f3n del Transporte los dos ramales son:<\/p>\n<ul>\n<li><strong>Ramal A<\/strong>: Aeroparque \u2013 Ezeiza por Av. Rivadavia<\/li>\n<li><strong>Ramal G:\u00a0<\/strong>Aeroparque \u2013 Ezeiza por Autopista<\/li>\n<\/ul>\n<p>El\u00a0<strong>semir\u00e1pido, como siempre hizo la L\u00ednea 8, utilizsa el Metrobus de la Autopista 25 de Mayo\u00a0<\/strong>seg\u00fan el sentido y el horario, m\u00e1s la continuaci\u00f3n por la 9 de Julio y extiende su anterior l\u00edmite que era Plaza de Mayo, con su ruta hacia y desde Aeroparque. A la vez, contin\u00faa el\u00a0servicio com\u00fan, que es v\u00eda Liniers. <strong>(VW)<\/strong><\/p>\n<p>&nbsp;<\/p>\n","protected":false},"excerpt":{"rendered":"<p>Se trata de la l\u00ednea 8, que se fusion\u00f3 con la 5, y cuenta con el servicio normal y semir\u00e1pido. Se abona con la tarjeta SUBE y cuentan con un espacio especial para el&#46;&#46;&#46;<\/p>\n","protected":false},"author":4,"featured_media":13034,"comment_status":"closed","ping_status":"closed","sticky":false,"template":"","format":"standard","meta":{"_monsterinsights_skip_tracking":false,"_monsterinsights_sitenote_active":false,"_monsterinsights_sitenote_note":"","_monsterinsights_sitenote_category":0,"footnotes":""},"categories":[8],"tags":[5416,5417],"class_list":["post-13033","post","type-post","status-publish","format-standard","has-post-thumbnail","hentry","category-interes-general","tag-colectivo-8","tag-une-ezeiza-con-aeroparque"],"_links":{"self":[{"href":"https:\/\/www.visionweb.com.ar\/index.php?rest_route=\/wp\/v2\/posts\/13033","targetHints":{"allow":["GET"]}}],"collection":[{"href":"https:\/\/www.visionweb.com.ar\/index.php?rest_route=\/wp\/v2\/posts"}],"about":[{"href":"https:\/\/www.visionweb.com.ar\/index.php?rest_route=\/wp\/v2\/types\/post"}],"author":[{"embeddable":true,"href":"https:\/\/www.visionweb.com.ar\/index.php?rest_route=\/wp\/v2\/users\/4"}],"replies":[{"embeddable":true,"href":"https:\/\/www.visionweb.com.ar\/index.php?rest_route=%2Fwp%2Fv2%2Fcomments&post=13033"}],"version-history":[{"count":1,"href":"https:\/\/www.visionweb.com.ar\/index.php?rest_route=\/wp\/v2\/posts\/13033\/revisions"}],"predecessor-version":[{"id":13035,"href":"https:\/\/www.visionweb.com.ar\/index.php?rest_route=\/wp\/v2\/posts\/13033\/revisions\/13035"}],"wp:featuredmedia":[{"embeddable":true,"href":"https:\/\/www.visionweb.com.ar\/index.php?rest_route=\/wp\/v2\/media\/13034"}],"wp:attachment":[{"href":"https:\/\/www.visionweb.com.ar\/index.php?rest_route=%2Fwp%2Fv2%2Fmedia&parent=13033"}],"wp:term":[{"taxonomy":"category","embeddable":true,"href":"https:\/\/www.visionweb.com.ar\/index.php?rest_route=%2Fwp%2Fv2%2Fcategories&post=13033"},{"taxonomy":"post_tag","embeddable":true,"href":"https:\/\/www.visionweb.com.ar\/index.php?rest_route=%2Fwp%2Fv2%2Ftags&post=13033"}],"curies":[{"name":"wp","href":"https:\/\/api.w.org\/{rel}","templated":true}]}}