{"id":13030,"date":"2023-12-19T11:00:54","date_gmt":"2023-12-19T14:00:54","guid":{"rendered":"https:\/\/www.visionweb.com.ar\/?p=13030"},"modified":"2023-12-19T11:00:54","modified_gmt":"2023-12-19T14:00:54","slug":"campana-solidaria-para-bahia-blanca-de-manu-ginobili","status":"publish","type":"post","link":"https:\/\/www.visionweb.com.ar\/?p=13030","title":{"rendered":"Campa\u00f1a solidaria para Bah\u00eda Blanca de \u201cManu\u201d Gin\u00f3bili"},"content":{"rendered":"<p><em><strong>Se trata de una iniciativa de atletas, deportistas, artistas y personas p\u00fablicas que se unieron en una campa\u00f1a para hacer donaciones econ\u00f3micas para los damnificados por el temporal en Bah\u00eda Blanca.<\/strong><\/em><!--more--><\/p>\n<p><strong><img loading=\"lazy\" decoding=\"async\" class=\"size-medium wp-image-13031 alignright\" src=\"https:\/\/www.visionweb.com.ar\/wp-content\/uploads\/2023\/12\/bahia-blanca-destrozos-temporal-300x167.png\" alt=\"\" width=\"300\" height=\"167\" srcset=\"https:\/\/www.visionweb.com.ar\/wp-content\/uploads\/2023\/12\/bahia-blanca-destrozos-temporal-300x167.png 300w, https:\/\/www.visionweb.com.ar\/wp-content\/uploads\/2023\/12\/bahia-blanca-destrozos-temporal.png 584w\" sizes=\"auto, (max-width: 300px) 100vw, 300px\" \/>\u00a0\u00a0 L<\/strong>uego de los destrozos por el temporal en\u00a0<strong>Bah\u00eda Blanca<\/strong>\u00a0y la tragedia en el club Bahiense del Norte, <strong>Emanuel Gin\u00f3bili, figura del deporte nacional <\/strong>anunci\u00f3 una campa\u00f1a solidaria,\u00a0<strong> junto a atletas y artistas para ayudar a los damnificados por el tr\u00e1gico temporal\u00a0<\/strong>que azot\u00f3 a Bah\u00eda Blanca este fin de semana y dej\u00f3 un saldo de 13 v\u00edctimas fatales.<\/p>\n<p>El temporal provoc\u00f3 destrozos en toda la ciudad y\u00a0<strong>afect\u00f3 seriamente a clubes como Olimpo, Estudiantes y Bahiense del Norte, el club donde se form\u00f3 Gin\u00f3bili.<\/strong><\/p>\n<p>A<strong> trav\u00e9s de un video en la red social X, Manu lider\u00f3 la campa\u00f1a:\u00a0<\/strong>\u201cNo hace falta que les cuente lo que Bah\u00eda Blanca vivi\u00f3 este fin de semana. Consecuencias lamentables y <strong>nos juntamos un grupo de atletas y artistas locales<\/strong> para\u00a0<strong>canalizar donaciones de todo el pa\u00eds y llevarlas a quienes m\u00e1s lo necesitan<\/strong>\u201d, convoc\u00f3 el 5 de la Generaci\u00f3n Dorada del b\u00e1squet argentino.<\/p>\n<p>Y agreg\u00f3: \u201cPronto les pasaremos la informaci\u00f3n para transferencias, en efectivo, art\u00edculos que la municipalidad est\u00e1 pidiendo tanto en Lawn Center de Bah\u00eda Blanca como en otros puntos del pa\u00eds que les vamos a dar a conocer.<strong>\u00a0Much\u00edsimas gracias que en estos son los que m\u00e1s tenemos que trabajar en equipo con los que la est\u00e1n pasando mal.\u00a0<\/strong>Les mando un abrazo muy grande\u201d.<\/p>\n<p>Tambi\u00e9n se sum\u00f3 a la campa\u00f1a iniciada por Manu<strong>\u00a0Germ\u00e1n Pezzella, el defensor argentino campe\u00f3n del mundo que naci\u00f3 en Bah\u00eda Blanca y actualmente juega en el Real Betis de Espa\u00f1a:<\/strong>\u00a0\u201cUn grupo de deportistas, artistas, de personas p\u00fablicas nos hemos unido para poder ayudar sobre todo a estas familias que han quedado muy damnificadas despu\u00e9s de este hecho. Estamos recaudando donaciones para aquellos que quieran colaborar. Se necesitan colchones, frazadas, alimentos no perecederos, pa\u00f1ales, todo es de gran ayuda. El que pueda colaborar, aunque sea m\u00ednimo, se va a valorar mucho\u201d, agradeci\u00f3.<\/p>\n<p>Para cooperar con la causa, todo aporte econ\u00f3mico se puede hacer a trav\u00e9s de transferencia por el<strong>\u00a0alias: dona.fuerza.bahia o por CBU (00000079-00307089009468)<\/strong>. Adem\u00e1s, cualquier recurso puede ser entregado en el Lawn Center de Bah\u00eda Blanca, ubicado en la calle Martiniano Rodr\u00edguez 4985. <strong>(VW)<\/strong><\/p>\n","protected":false},"excerpt":{"rendered":"<p>Se trata de una iniciativa de atletas, deportistas, artistas y personas p\u00fablicas que se unieron en una campa\u00f1a para hacer donaciones econ\u00f3micas para los damnificados por el temporal en Bah\u00eda Blanca.<\/p>\n","protected":false},"author":4,"featured_media":13031,"comment_status":"closed","ping_status":"closed","sticky":false,"template":"","format":"standard","meta":{"_monsterinsights_skip_tracking":false,"_monsterinsights_sitenote_active":false,"_monsterinsights_sitenote_note":"","_monsterinsights_sitenote_category":0,"footnotes":""},"categories":[8,5],"tags":[1861,5414,5415],"class_list":["post-13030","post","type-post","status-publish","format-standard","has-post-thumbnail","hentry","category-interes-general","category-sociedad","tag-bahia-blanca","tag-campana-solidaria","tag-manu-ginobili"],"_links":{"self":[{"href":"https:\/\/www.visionweb.com.ar\/index.php?rest_route=\/wp\/v2\/posts\/13030","targetHints":{"allow":["GET"]}}],"collection":[{"href":"https:\/\/www.visionweb.com.ar\/index.php?rest_route=\/wp\/v2\/posts"}],"about":[{"href":"https:\/\/www.visionweb.com.ar\/index.php?rest_route=\/wp\/v2\/types\/post"}],"author":[{"embeddable":true,"href":"https:\/\/www.visionweb.com.ar\/index.php?rest_route=\/wp\/v2\/users\/4"}],"replies":[{"embeddable":true,"href":"https:\/\/www.visionweb.com.ar\/index.php?rest_route=%2Fwp%2Fv2%2Fcomments&post=13030"}],"version-history":[{"count":1,"href":"https:\/\/www.visionweb.com.ar\/index.php?rest_route=\/wp\/v2\/posts\/13030\/revisions"}],"predecessor-version":[{"id":13032,"href":"https:\/\/www.visionweb.com.ar\/index.php?rest_route=\/wp\/v2\/posts\/13030\/revisions\/13032"}],"wp:featuredmedia":[{"embeddable":true,"href":"https:\/\/www.visionweb.com.ar\/index.php?rest_route=\/wp\/v2\/media\/13031"}],"wp:attachment":[{"href":"https:\/\/www.visionweb.com.ar\/index.php?rest_route=%2Fwp%2Fv2%2Fmedia&parent=13030"}],"wp:term":[{"taxonomy":"category","embeddable":true,"href":"https:\/\/www.visionweb.com.ar\/index.php?rest_route=%2Fwp%2Fv2%2Fcategories&post=13030"},{"taxonomy":"post_tag","embeddable":true,"href":"https:\/\/www.visionweb.com.ar\/index.php?rest_route=%2Fwp%2Fv2%2Ftags&post=13030"}],"curies":[{"name":"wp","href":"https:\/\/api.w.org\/{rel}","templated":true}]}}