{"id":13024,"date":"2023-12-19T09:26:50","date_gmt":"2023-12-19T12:26:50","guid":{"rendered":"https:\/\/www.visionweb.com.ar\/?p=13024"},"modified":"2023-12-19T09:26:50","modified_gmt":"2023-12-19T12:26:50","slug":"ensenada-hubo-mas-de-70-evacuados-por-la-sudestada","status":"publish","type":"post","link":"https:\/\/www.visionweb.com.ar\/?p=13024","title":{"rendered":"Ensenada: Hubo m\u00e1s de 70 evacuados por la sudestada"},"content":{"rendered":"<p><em><strong>Desbord\u00f3 el R\u00edo de la Plata, y durante la noche del lunes y la madrugada de este martes decenas de personas fueron resguardadas en el Polideportivo Municipal.<\/strong><strong> Alrededor de las 7 am el nivel ya hab\u00eda bajado a 2,10 metros.<\/strong><\/em><!--more--><\/p>\n<div id=\"attachment_13025\" style=\"width: 310px\" class=\"wp-caption alignright\"><img loading=\"lazy\" decoding=\"async\" aria-describedby=\"caption-attachment-13025\" class=\"wp-image-13025 size-medium\" src=\"https:\/\/www.visionweb.com.ar\/wp-content\/uploads\/2023\/12\/inundacion-por-sudestada-300x224.png\" alt=\"\" width=\"300\" height=\"224\" srcset=\"https:\/\/www.visionweb.com.ar\/wp-content\/uploads\/2023\/12\/inundacion-por-sudestada-300x224.png 300w, https:\/\/www.visionweb.com.ar\/wp-content\/uploads\/2023\/12\/inundacion-por-sudestada-320x240.png 320w, https:\/\/www.visionweb.com.ar\/wp-content\/uploads\/2023\/12\/inundacion-por-sudestada.png 519w\" sizes=\"auto, (max-width: 300px) 100vw, 300px\" \/><p id=\"caption-attachment-13025\" class=\"wp-caption-text\">Calles anegadas por la crecida. Foto de internet<\/p><\/div>\n<p><strong>\u00a0 E<\/strong>l <strong>R\u00edo dela Plata <\/strong>experiment\u00f3 durante todo el lunes y hasta entrada esta madrugada<strong> una fuerte crecida, producto de la intensa sudestada, <\/strong>que gener\u00f3 su desborde en varias zonas ribere\u00f1as, donde<strong> Punta Lara fue la zona m\u00e1s afectada, <\/strong>lo cual desencaden\u00f3 en que<strong> muchas familias dejaran sus viviendas preventivamente.<\/strong><\/p>\n<p>Tal como lo hab\u00eda advertido<strong> el\u00a0Servicio de Hidrograf\u00eda Naval (SHN), que emiti\u00f3 el lunes 18 una alerta ante la crecida del\u00a0R\u00edo de la Plata, el agua lleg\u00f3 por el desborde a la costanera y a la zona residencial m\u00e1s cercana al murall\u00f3n costero. <\/strong>(Ver nota:<strong> <a href=\"https:\/\/www.visionweb.com.ar\/?p=13008\">https:\/\/www.visionweb.com.ar\/?p=13008<\/a><\/strong>).<\/p>\n<p>Seg\u00fan inform\u00f3 la<strong> Municipalidad de Ensenada los trabajos de contenci\u00f3n se extendieron durante toda la madrugada y \u201cunas 70 personas tuvieron que ser evacuadas en el Polideportivo de la localidad\u201d y asistidos por trabajadores municipales.<\/strong><\/p>\n<p>En ese sentido,<strong> el intendente del municipio bonaerense, Mario Secco, <\/strong>indic\u00f3 que<strong> \u201chay 50 equipos que continuar\u00e1n trabajando para atender a quienes lo requieran, y hasta que se resuelva el regreso de los vecinos a sus casas\u201d.<\/strong><\/p>\n<p>Seg\u00fan voceros de la Municipalidad, la baja en el nivel comenz\u00f3 a reflejarse progresivamente alrededor de las 23 del lunes despu\u00e9s de llegar al pico m\u00e1ximo de 3,40 metros.<\/p>\n<p>Mientras que en la ma\u00f1ana de <strong>este martes alrededor de las 7 el nivel ya era de 2,10 metros<\/strong>, dentro de los par\u00e1metros normales, <strong>y bajando<\/strong>.<\/p>\n<p>Desde el lunes a la noche, seg\u00fan precisaron, funcionarios del Ejecutivo, junto a los concejales y empleados municipales, estuvieron junto al operativo de Defensa Civil, Prefectura, polic\u00eda bonaerense y bomberos voluntarios, en el cuidado de las personas alcanzadas por la inundaci\u00f3n. <strong>(VW)<\/strong><\/p>\n","protected":false},"excerpt":{"rendered":"<p>Desbord\u00f3 el R\u00edo de la Plata, y durante la noche del lunes y la madrugada de este martes decenas de personas fueron resguardadas en el Polideportivo Municipal. Alrededor de las 7 am el nivel&#46;&#46;&#46;<\/p>\n","protected":false},"author":4,"featured_media":13025,"comment_status":"closed","ping_status":"closed","sticky":false,"template":"","format":"standard","meta":{"_monsterinsights_skip_tracking":false,"_monsterinsights_sitenote_active":false,"_monsterinsights_sitenote_note":"","_monsterinsights_sitenote_category":0,"footnotes":""},"categories":[8],"tags":[2082,5410,5411,5409,5401,5408],"class_list":["post-13024","post","type-post","status-publish","format-standard","has-post-thumbnail","hentry","category-interes-general","tag-ensenada","tag-evacuados","tag-mario-secco","tag-rio-de-la-plata","tag-shn","tag-sudestada"],"_links":{"self":[{"href":"https:\/\/www.visionweb.com.ar\/index.php?rest_route=\/wp\/v2\/posts\/13024","targetHints":{"allow":["GET"]}}],"collection":[{"href":"https:\/\/www.visionweb.com.ar\/index.php?rest_route=\/wp\/v2\/posts"}],"about":[{"href":"https:\/\/www.visionweb.com.ar\/index.php?rest_route=\/wp\/v2\/types\/post"}],"author":[{"embeddable":true,"href":"https:\/\/www.visionweb.com.ar\/index.php?rest_route=\/wp\/v2\/users\/4"}],"replies":[{"embeddable":true,"href":"https:\/\/www.visionweb.com.ar\/index.php?rest_route=%2Fwp%2Fv2%2Fcomments&post=13024"}],"version-history":[{"count":1,"href":"https:\/\/www.visionweb.com.ar\/index.php?rest_route=\/wp\/v2\/posts\/13024\/revisions"}],"predecessor-version":[{"id":13026,"href":"https:\/\/www.visionweb.com.ar\/index.php?rest_route=\/wp\/v2\/posts\/13024\/revisions\/13026"}],"wp:featuredmedia":[{"embeddable":true,"href":"https:\/\/www.visionweb.com.ar\/index.php?rest_route=\/wp\/v2\/media\/13025"}],"wp:attachment":[{"href":"https:\/\/www.visionweb.com.ar\/index.php?rest_route=%2Fwp%2Fv2%2Fmedia&parent=13024"}],"wp:term":[{"taxonomy":"category","embeddable":true,"href":"https:\/\/www.visionweb.com.ar\/index.php?rest_route=%2Fwp%2Fv2%2Fcategories&post=13024"},{"taxonomy":"post_tag","embeddable":true,"href":"https:\/\/www.visionweb.com.ar\/index.php?rest_route=%2Fwp%2Fv2%2Ftags&post=13024"}],"curies":[{"name":"wp","href":"https:\/\/api.w.org\/{rel}","templated":true}]}}