{"id":13020,"date":"2023-12-19T08:20:45","date_gmt":"2023-12-19T11:20:45","guid":{"rendered":"https:\/\/www.visionweb.com.ar\/?p=13020"},"modified":"2023-12-19T08:22:51","modified_gmt":"2023-12-19T11:22:51","slug":"mas-de-50-000-usuarios-de-edesur-aun-permanecen-sin-energia-electrica","status":"publish","type":"post","link":"https:\/\/www.visionweb.com.ar\/?p=13020","title":{"rendered":"M\u00e1s de 50.000 usuarios de edesur a\u00fan permanecen sin energ\u00eda el\u00e9ctrica"},"content":{"rendered":"<p><em><strong>Avellaneda y Lomas de Zamora son los distritos m\u00e1s afectados.<\/strong>\u00a0<strong>a las 20.50 del lunes, hab\u00eda algo menos de 52.000 clientes de Edesur sin suministro.<\/strong><\/em><!--more--><\/p>\n<p><img loading=\"lazy\" decoding=\"async\" class=\"size-full wp-image-5626 alignleft\" src=\"https:\/\/www.visionweb.com.ar\/wp-content\/uploads\/2022\/05\/cortes-de-luz.bmp\" alt=\"\" width=\"635\" height=\"333\" \/>A poco m\u00e1s de dos d\u00edas del temporal que asol\u00f3 la provincia de Buenos Aires y dej\u00f3, hasta el momento, 16\u00a0 de muertos, <strong>52.000 de usuarios de Edesur permanecen sin suministro el\u00e9ctrico<\/strong>,\u00a0<strong>una cifra sensiblemente menor a los 137.000 que hab\u00eda del domingo <\/strong>o a los 191.000 clientes de Edenor que en este momento permanecen a oscuras.<\/p>\n<p>Seg\u00fan el Ente Nacional Regulador de Energ\u00eda (ENRE),\u00a0<strong>a las 20.50 del domingo\u00a0 hab\u00eda algo menos de 52.000 clientes de Edesur sin suministro.<\/strong><\/p>\n<p>En los distritos de la zona sur del conurbano la cuenta es la siguiente:<\/p>\n<ul>\n<li>Almirante Brown: 650<\/li>\n<li>Avellaneda: 11.500<\/li>\n<li>Esteban Echeverr\u00eda: 4.200<\/li>\n<li>Ezeiza: 3.600<\/li>\n<li>Lan\u00fas: 2.500<\/li>\n<li>Lomas de Zamora: 10.400<\/li>\n<li>Presidente Per\u00f3n: 3.400<\/li>\n<li>San Vicente: 3.200<\/li>\n<\/ul>\n<p>Duranta la gran mayor\u00eda de la jornada de ayer la p\u00e1gina del ENRE estuvo colapsada y fuera de servicio desde las 9 de la ma\u00f1ana.\u00a0<strong>En ese momento eran 343.232 los usuarios de Edesur que estaban sin energ\u00eda el\u00e9ctrica,\u00a0<\/strong>como consecuencias del temporal.<\/p>\n<p>Desde la Secretar\u00eda de Energ\u00eda adelantaron que estiman que el servicio se\u00a0<strong>continuar\u00e1 su restablecimiento paulatino<\/strong>\u00a0y advirtieron que, siempre y cuando no haya inclemencias clim\u00e1ticas,\u00a0<strong>la intervenciones son cada vez m\u00e1s puntuales.<\/strong><\/p>\n<h2 class=\"wp-block-heading\">Como hacer el reclamo<\/h2>\n<p>Para realizar los reclamos por la interrupci\u00f3n del servicio el\u00e9ctrico a ra\u00edz del fuerte temporal en el conurbano sur hay dos alternativas:<\/p>\n<ul>\n<li><strong>Hacer el reclamo por Internet:\u00a0<\/strong>para ello alcanzar\u00e1 con completar el formulario online.<\/li>\n<li><strong>Hacer el reclamo por tel\u00e9fono:\u00a0<\/strong>deber\u00e1 llamar a la l\u00ednea gratuita 0800-333-3000, todos los d\u00edas, las 24 horas, y seguir los pasos indicados por el sistema de atenci\u00f3n interactiva.<\/li>\n<\/ul>\n<h3 class=\"wp-block-heading\">Lo que se necesita<\/h3>\n<ul>\n<li>Hora de inicio del corte.<\/li>\n<li>El n\u00famero de cuenta o cliente que figura en la factura de Edenor o Edesur.<\/li>\n<li>Los \u00faltimos tres n\u00fameros de tu medidor (figuran en la misma factura).<\/li>\n<li>Tu domicilio (entre qu\u00e9 calles, localidad, barrio, partido, c\u00f3digo postal).<\/li>\n<li>Un n\u00famero de tel\u00e9fono donde contactarte.(VW)<\/li>\n<li><em><strong>Con datos de Inforegi\u00f3n<\/strong><\/em><\/li>\n<\/ul>\n","protected":false},"excerpt":{"rendered":"<p>Avellaneda y Lomas de Zamora son los distritos m\u00e1s afectados.\u00a0a las 20.50 del lunes, hab\u00eda algo menos de 52.000 clientes de Edesur sin suministro.<\/p>\n","protected":false},"author":3,"featured_media":4111,"comment_status":"closed","ping_status":"closed","sticky":false,"template":"","format":"standard","meta":{"_monsterinsights_skip_tracking":false,"_monsterinsights_sitenote_active":false,"_monsterinsights_sitenote_note":"","_monsterinsights_sitenote_category":0,"footnotes":""},"categories":[8],"tags":[1612,276,4626,5399],"class_list":["post-13020","post","type-post","status-publish","format-standard","has-post-thumbnail","hentry","category-interes-general","tag-cortes-de-energia","tag-edesur","tag-servicio","tag-temporal"],"_links":{"self":[{"href":"https:\/\/www.visionweb.com.ar\/index.php?rest_route=\/wp\/v2\/posts\/13020","targetHints":{"allow":["GET"]}}],"collection":[{"href":"https:\/\/www.visionweb.com.ar\/index.php?rest_route=\/wp\/v2\/posts"}],"about":[{"href":"https:\/\/www.visionweb.com.ar\/index.php?rest_route=\/wp\/v2\/types\/post"}],"author":[{"embeddable":true,"href":"https:\/\/www.visionweb.com.ar\/index.php?rest_route=\/wp\/v2\/users\/3"}],"replies":[{"embeddable":true,"href":"https:\/\/www.visionweb.com.ar\/index.php?rest_route=%2Fwp%2Fv2%2Fcomments&post=13020"}],"version-history":[{"count":3,"href":"https:\/\/www.visionweb.com.ar\/index.php?rest_route=\/wp\/v2\/posts\/13020\/revisions"}],"predecessor-version":[{"id":13023,"href":"https:\/\/www.visionweb.com.ar\/index.php?rest_route=\/wp\/v2\/posts\/13020\/revisions\/13023"}],"wp:featuredmedia":[{"embeddable":true,"href":"https:\/\/www.visionweb.com.ar\/index.php?rest_route=\/wp\/v2\/media\/4111"}],"wp:attachment":[{"href":"https:\/\/www.visionweb.com.ar\/index.php?rest_route=%2Fwp%2Fv2%2Fmedia&parent=13020"}],"wp:term":[{"taxonomy":"category","embeddable":true,"href":"https:\/\/www.visionweb.com.ar\/index.php?rest_route=%2Fwp%2Fv2%2Fcategories&post=13020"},{"taxonomy":"post_tag","embeddable":true,"href":"https:\/\/www.visionweb.com.ar\/index.php?rest_route=%2Fwp%2Fv2%2Ftags&post=13020"}],"curies":[{"name":"wp","href":"https:\/\/api.w.org\/{rel}","templated":true}]}}