{"id":13008,"date":"2023-12-18T11:41:59","date_gmt":"2023-12-18T14:41:59","guid":{"rendered":"https:\/\/www.visionweb.com.ar\/?p=13008"},"modified":"2023-12-18T11:41:59","modified_gmt":"2023-12-18T14:41:59","slug":"nueva-alerta-naranja-y-amarilla-por-fuertes-tormentas","status":"publish","type":"post","link":"https:\/\/www.visionweb.com.ar\/?p=13008","title":{"rendered":"Nueva alerta naranja y amarilla por fuertes tormentas"},"content":{"rendered":"<p><em><strong>Tras el temporal de ayer en Buenos Aires, el Servicio Meteorol\u00f3gico emiti\u00f3 una alerta que rige para un gran n\u00famero de provincias. Mientras que el Servicio de Hidrograf\u00eda Naval tambi\u00e9n emiti\u00f3 alerta por la crecida del R\u00edo de La Plata y la costa bonaerense.<\/strong><\/em><!--more--><\/p>\n<div id=\"attachment_13009\" style=\"width: 310px\" class=\"wp-caption alignleft\"><img loading=\"lazy\" decoding=\"async\" aria-describedby=\"caption-attachment-13009\" class=\"wp-image-13009 size-medium\" src=\"https:\/\/www.visionweb.com.ar\/wp-content\/uploads\/2023\/12\/tormenta-electrica-300x249.png\" alt=\"\" width=\"300\" height=\"249\" srcset=\"https:\/\/www.visionweb.com.ar\/wp-content\/uploads\/2023\/12\/tormenta-electrica-300x249.png 300w, https:\/\/www.visionweb.com.ar\/wp-content\/uploads\/2023\/12\/tormenta-electrica.png 458w\" sizes=\"auto, (max-width: 300px) 100vw, 300px\" \/><p id=\"caption-attachment-13009\" class=\"wp-caption-text\">El Serivicio Meteorol\u00f3gico emiti\u00f3 alertas naranja y amarillo.<\/p><\/div>\n<p><strong>\u00a0\u00a0\u00a0 E<\/strong>l<strong> Servicio Meteorol\u00f3gico Nacional (SMN) <\/strong>emiti\u00f3\u00a0esta ma\u00f1ana<strong> alertas naranjas <\/strong>por tormentas para <strong>Entre R\u00edos y el sudeste de Santa Fe, <\/strong>y a la vez, alerta <strong>amarillo para el resto de dicha provincia y para zonas de Corrientes, C\u00f3rdoba, Buenos Aires, Santiago del Estero, Chaco, Formosa, Salta y Jujuy.<\/p>\n<p><\/strong>Para el caso del<strong> territorio entrerriano y las localidades santafesinas de Constituci\u00f3n, Iriondo, Rosario, San Lorenzo, Garay, La Capital y San Jer\u00f3nimo se esperan tormentas, <\/strong>algunas localmente fuertes o severas, que pueden estar acompa\u00f1adas por actividad el\u00e9ctrica, ocasional ca\u00edda de granizo, abundante ca\u00edda de agua en cortos per\u00edodos, y no se descartan r\u00e1fagas fuertes de manera localizada.<br \/>\n<strong><br \/>\nEl \u00e1rea est\u00e1 bajo alerta naranja, que determina que\u00a0\u201cse esperan fen\u00f3menos meteorol\u00f3gicos peligrosos para la sociedad, la vida, los bienes y el medio ambiente\u201d.<\/p>\n<p>En toda la zona se prev\u00e9n valores de precipitaci\u00f3n acumulada entre 70 y 90 mil\u00edmetros, pudiendo ser superados en forma puntual, seg\u00fan inform\u00f3 el organismo meteorol\u00f3gico.<\/p>\n<p>Alerta amarilla:<\/strong><\/p>\n<p>Rige para<strong> Baradero, Ramallo, San Nicol\u00e1s y San Pedro, en el norte de Buenos Aires; para todo el territorio santafesino que no est\u00e9 bajo nivel naranja; para Corrientes y para el este de C\u00f3rdoba.<\/p>\n<p><\/strong>All\u00ed se esperan<strong> tormentas, <\/strong>algunas localmente fuertes, que pueden estar<strong> acompa\u00f1adas por intensa actividad el\u00e9ctrica, ocasional ca\u00edda de granizo, y abundante ca\u00edda de agua en cortos per\u00edodos de tiempo. Tampoco se descartan r\u00e1fagas fuertes en forma localizada.<\/p>\n<p><\/strong>El organismo meteorol\u00f3gico estima para estas regiones valores de precipitaci\u00f3n acumulada entre 40 y 60 mil\u00edmetros, pudiendo ser superados en forma puntual.<br \/>\n<strong><br \/>\n<\/strong>Iguales condiciones clim\u00e1ticas se esperan en Santiago del Estero; el noroeste de Almirante Brown y de General G\u00fcemes, en Chaco; las localidades formose\u00f1as de Bermejo, Matacos y Ram\u00f3n Lista; y en gran parte de la provincia de Salta.<\/p>\n<p>Para los distritos juje\u00f1os de Ledesma, Palpal\u00e1, San Antonio, San Pedro, Santa B\u00e1rbara, Valle Grande y la zona baja de Doctor Manuel Belgrano y de Tilcara se estiman valores de precipitaci\u00f3n acumulada entre 20 y 40 mil\u00edmetros.<strong><\/p>\n<p><\/strong>Para los habitantes de las zonas bajo alerta por tormentas, el SMN recomend\u00f3 evitar actividades al aire libre, no sacar la basura y retirar objetos que impidan que el agua escurra; estar atentos ante la posible ca\u00edda de granizo y para minimizar el riesgo de ser alcanzado por un rayo, no permanecer en playas, r\u00edos, lagunas o piletas.<\/p>\n<div id=\"attachment_13010\" style=\"width: 310px\" class=\"wp-caption alignright\"><img loading=\"lazy\" decoding=\"async\" aria-describedby=\"caption-attachment-13010\" class=\"wp-image-13010 size-medium\" src=\"https:\/\/www.visionweb.com.ar\/wp-content\/uploads\/2023\/12\/rio-de-la-plata-300x193.png\" alt=\"\" width=\"300\" height=\"193\" srcset=\"https:\/\/www.visionweb.com.ar\/wp-content\/uploads\/2023\/12\/rio-de-la-plata-300x193.png 300w, https:\/\/www.visionweb.com.ar\/wp-content\/uploads\/2023\/12\/rio-de-la-plata.png 388w\" sizes=\"auto, (max-width: 300px) 100vw, 300px\" \/><p id=\"caption-attachment-13010\" class=\"wp-caption-text\">El Servicio de Hidrograf\u00eda Naval emiti\u00f3 una alerta por la crecida del R\u00edo de la Plata. Im\u00e1genes de internet<\/p><\/div>\n<p><strong>Alerta por crecida del R\u00edo de La Plata y la costa bonaerense durante las pr\u00f3ximas horas:<\/strong><\/p>\n<p>Por su parte, el\u00a0<strong>Servicio de Hidrograf\u00eda Naval (SHN)<\/strong>\u00a0emiti\u00f3 este lunes 18 de diciembre una alerta ante la crecida del\u00a0<strong>R\u00edo de la Plata<\/strong>\u00a0que se espera en la Ciudad Aut\u00f3noma de Buenos Aires (CABA) y las zonas costeras sur y norte del\u00a0<strong>conurbano bonaerense<\/strong>; y otra dirigida a la costa bonaerense.<\/p>\n<p>Seg\u00fan el\u00a0<a href=\"http:\/\/www.hidro.gov.ar\/oceanografia\/AACRIOPLA.asp\">comunicado difundido horas atr\u00e1s<\/a>\u00a0por el\u00a0<strong>Centro de Prevenci\u00f3n de Crecidas<\/strong>\u00a0del organismo dependiente del\u00a0<strong>Ministerio de Defensa<\/strong>, se observar\u00e1 una tendencia ascendente durante el d\u00eda de hoy en el R\u00edo de La Plata,\u00a0<strong>situ\u00e1ndose en un metro y sesenta cent\u00edmetros sobre los valores indicados en la tabla de marea<\/strong>.<\/p>\n<p>La advertencia se extiende durante toda la jornada de hoy y la madrugada del martes 19 de diciembre.<\/p>\n<p><strong>Estado de emergencia en toda la provincia de Buenos Aires:<\/strong><\/p>\n<p>El Gobierno bonaerense tom\u00f3 la decisi\u00f3n de declarar el estado de emergencia en todo el territorio provincial, como as\u00ed tambi\u00e9n el duelo para las pr\u00f3ximas 72 horas.<\/p>\n<p>Por las fuertes tormentas y r\u00e1fagas de viento, se registr\u00f3 la ca\u00edda de una numerosa cantidad de \u00e1rboles, postes de luz, techos, carteler\u00eda, edificios en peligro de derrumbe y el corte del servicio el\u00e9ctrico y de agua. A pesar de que la tormenta ya ces\u00f3, a\u00fan se contin\u00faa trabajando en remediar los destrozos, asistir a los damnificados y restablecer los servicios b\u00e1sicos en muchas localidades. (Con informaci\u00f3n de T\u00e9lam) <strong>(VW)<\/strong><\/p>\n","protected":false},"excerpt":{"rendered":"<p>Tras el temporal de ayer en Buenos Aires, el Servicio Meteorol\u00f3gico emiti\u00f3 una alerta que rige para un gran n\u00famero de provincias. Mientras que el Servicio de Hidrograf\u00eda Naval tambi\u00e9n emiti\u00f3 alerta por la&#46;&#46;&#46;<\/p>\n","protected":false},"author":4,"featured_media":13010,"comment_status":"closed","ping_status":"closed","sticky":false,"template":"","format":"standard","meta":{"_monsterinsights_skip_tracking":false,"_monsterinsights_sitenote_active":false,"_monsterinsights_sitenote_note":"","_monsterinsights_sitenote_category":0,"footnotes":""},"categories":[8],"tags":[3571,5401,1629,5400],"class_list":["post-13008","post","type-post","status-publish","format-standard","has-post-thumbnail","hentry","category-interes-general","tag-alerta-naranja","tag-shn","tag-smn","tag-tormentas"],"_links":{"self":[{"href":"https:\/\/www.visionweb.com.ar\/index.php?rest_route=\/wp\/v2\/posts\/13008","targetHints":{"allow":["GET"]}}],"collection":[{"href":"https:\/\/www.visionweb.com.ar\/index.php?rest_route=\/wp\/v2\/posts"}],"about":[{"href":"https:\/\/www.visionweb.com.ar\/index.php?rest_route=\/wp\/v2\/types\/post"}],"author":[{"embeddable":true,"href":"https:\/\/www.visionweb.com.ar\/index.php?rest_route=\/wp\/v2\/users\/4"}],"replies":[{"embeddable":true,"href":"https:\/\/www.visionweb.com.ar\/index.php?rest_route=%2Fwp%2Fv2%2Fcomments&post=13008"}],"version-history":[{"count":1,"href":"https:\/\/www.visionweb.com.ar\/index.php?rest_route=\/wp\/v2\/posts\/13008\/revisions"}],"predecessor-version":[{"id":13011,"href":"https:\/\/www.visionweb.com.ar\/index.php?rest_route=\/wp\/v2\/posts\/13008\/revisions\/13011"}],"wp:featuredmedia":[{"embeddable":true,"href":"https:\/\/www.visionweb.com.ar\/index.php?rest_route=\/wp\/v2\/media\/13010"}],"wp:attachment":[{"href":"https:\/\/www.visionweb.com.ar\/index.php?rest_route=%2Fwp%2Fv2%2Fmedia&parent=13008"}],"wp:term":[{"taxonomy":"category","embeddable":true,"href":"https:\/\/www.visionweb.com.ar\/index.php?rest_route=%2Fwp%2Fv2%2Fcategories&post=13008"},{"taxonomy":"post_tag","embeddable":true,"href":"https:\/\/www.visionweb.com.ar\/index.php?rest_route=%2Fwp%2Fv2%2Ftags&post=13008"}],"curies":[{"name":"wp","href":"https:\/\/api.w.org\/{rel}","templated":true}]}}