{"id":13005,"date":"2023-12-18T10:41:10","date_gmt":"2023-12-18T13:41:10","guid":{"rendered":"https:\/\/www.visionweb.com.ar\/?p=13005"},"modified":"2023-12-18T10:41:10","modified_gmt":"2023-12-18T13:41:10","slug":"las-acciones-de-los-gobiernos-nacional-y-provincial-luego-de-las-tragedias-del-temporal-del-domingo","status":"publish","type":"post","link":"https:\/\/www.visionweb.com.ar\/?p=13005","title":{"rendered":"Las acciones de los gobiernos nacional y provincial, luego de las tragedias del temporal del domingo"},"content":{"rendered":"<p><em><strong>El gobierno nacional emiti\u00f3 un comunicado, decreto que declara la\u00a0emergencia del sector energ\u00e9tico nacional hasta fines de 2024l y controles a las compa\u00f1\u00edas. La provincia de Buenos Aires por su parte, declar\u00f3 el\u00a0\u201cestado de emergencia en todo el territorio provincial y duelo para las pr\u00f3ximas 72 horas\u201d.<\/strong><\/em><!--more--><\/p>\n<p><strong><img loading=\"lazy\" decoding=\"async\" class=\"size-medium wp-image-13006 alignright\" src=\"https:\/\/www.visionweb.com.ar\/wp-content\/uploads\/2023\/12\/Milei-y-Kicillof-en-B.Blanca-300x180.png\" alt=\"\" width=\"300\" height=\"180\" srcset=\"https:\/\/www.visionweb.com.ar\/wp-content\/uploads\/2023\/12\/Milei-y-Kicillof-en-B.Blanca-300x180.png 300w, https:\/\/www.visionweb.com.ar\/wp-content\/uploads\/2023\/12\/Milei-y-Kicillof-en-B.Blanca.png 640w\" sizes=\"auto, (max-width: 300px) 100vw, 300px\" \/>\u00a0 E<\/strong>l\u00a0presidente<strong> Javier Milei <\/strong>viaj\u00f3 este domingo a<strong> Bah\u00eda Blanca, tras el temporal de la madrugada que dej\u00f3 13 muertos en esa ciudad bonaerense,\u00a0<\/strong>junto a los ministros Guillermo Francos (ministro del Interior) Patricia Bullrich (ministra de Seguridad); Sandra Pettovello (ministra de Capital Humano); Luis Petri (ministro de Defensa); y la secretaria General de la Presidencia, Karina Milei.<\/p>\n<p>A la vez, el gobernador de la Provinica, <strong>Axel Kicillof<\/strong>, tambi\u00e9n lleg\u00f3 <strong>a Bah\u00eda Blanca<\/strong> cerca del mediod\u00eda, y afirm\u00f3 que lo que ocurri\u00f3\u00a0<strong>\u201cno tiene precedentes\u201d y que es \u201cuna situaci\u00f3n de profunda tristeza\u201d.<\/strong><\/p>\n<p>Todos los mandatarios hicieron\u00a0<strong>base en el comit\u00e9 de operaciones de emergencia montado, y en el Club Bahiense del Norte,\u00a0<\/strong>epicentro de la tragedia, junto al intendente Federico Susbielles.<\/p>\n<p><strong>Comunicado:<\/strong> \u201cEl <strong>Gabinete Nacional<\/strong>\u00a0se encuentra<strong> trabajando en conjunto con las autoridades provinciales y municipales<\/strong>\u00a0en la asistencia de las v\u00edctimas y en el control de da\u00f1os\u201d, dice el comunicado de la Oficina del Presidente.<\/p>\n<p><strong>Decreto:<\/strong><\/p>\n<p>El presidente\u00a0<strong>Javier Milei<\/strong>\u00a0firm\u00f3 ayer un decreto en el que declara la<strong>\u00a0emergencia del sector energ\u00e9tico nacional hasta fines de 2024, tanto en los segmentos de generaci\u00f3n, transporte y distribuci\u00f3n de electricidad bajo jurisdicci\u00f3n federal, como en el transporte y distribuci\u00f3n de gas natural.<\/strong><\/p>\n<p>La norma reconoce\u00a0<strong>la creciente obsolescencia de los activos de las empresas prestadoras de estos servicios p\u00fablicos<\/strong>, su insuficiente\u00a0adecuaci\u00f3n a las necesidades de la demanda actual y futura,\u00a0y la falta de inversiones en renovaci\u00f3n y ampliaci\u00f3n de redes.<\/p>\n<p>El\u00a0<strong>decreto ordena el inicio de una revisi\u00f3n tarifaria integral de estas prestadoras, cuyas tarifas resultantes deben entrar en vigencia antes del 31 de diciembre de 2024.<\/strong><\/p>\n<p>Asimismo,\u00a0<strong>habilita a implementar adecuaciones transitorias y ajustes peri\u00f3dicos en los cuadros vigentes<\/strong>, para garantizar la normal prestaci\u00f3n de los servicios mientras se realiza dicha revisi\u00f3n.<\/p>\n<p><strong>Controles:<\/strong><\/p>\n<p>Tambi\u00e9n\u00a0<strong>dispone la intervenci\u00f3n de los entes reguladores del sector (ENRE y Enargas)<\/strong>\u00a0a partir de enero pr\u00f3ximo, hasta que se designen los nuevos directorios seg\u00fan los procesos de selecci\u00f3n que deber\u00e1 implementar Econom\u00eda en 180 d\u00edas.<\/p>\n<p>Los interventores t<strong>endr\u00e1n como principales misiones informar sobre el estado de situaci\u00f3n heredado e iniciar la renegociaci\u00f3n de tarifas contemplando participaci\u00f3n ciudadana<\/strong>, a la vez que deber\u00e1n considerar recomendaciones previas de los \u00f3rganos de control externo sobre <strong>revisiones tarifarias y contratos de concesi\u00f3n<\/strong>.<\/p>\n<p><strong>La emergencia energ\u00e9tica tiene como tel\u00f3n de fondo haber atravesado 2023 con tarifas de electricidad y gas casi congeladas.\u00a0<\/strong>El decreto reconoce deficiencias previas en los esquemas de remuneraci\u00f3n a generadoras el\u00e9ctricas y productoras de gas, que desestimularon inversiones en un contexto de sostenido incremento de la demanda.<\/p>\n<p>La\u00a0<strong>revisi\u00f3n tarifaria ordenada deber\u00e1 encontrar el equilibrio entre tarifas que garanticen la rentabilidad de las prestadoras pero sin resignar derechos de los usuarios<\/strong>, en un contexto macroecon\u00f3mico adverso.<\/p>\n<p><strong>Provincia:<\/strong><\/p>\n<p>El Gobierno de la provincia de Buenos Aires por su parte, declar\u00f3 el\u00a0<strong>\u201cestado de emergencia en todo el territorio provincial y duelo para las pr\u00f3ximas 72 horas\u201d<\/strong>\u00a0debido a los anegamientos y da\u00f1os de extrema gravedad que ocasion\u00f3 la fuerte tormenta de los \u00faltimos d\u00edas.<\/p>\n<p>Adem\u00e1s, declar\u00f3\u00a0<strong>asueto administrativo y escolar en los partidos de Bah\u00eda Blanca, Coronel Rosales, Tres Arroyos, Monte Hermoso y las localidades de Juan Couste, M\u00e9danos, Chapalco Argerich y Teniente Origone<\/strong>\u00a0del parido de Villarino para este lunes y el martes.<\/p>\n<p>En el decreto, publicado en el Bolet\u00edn Oficial del distrito, se declar\u00f3 la emergencia por 30 d\u00edas \u201ca efectos de la realizaci\u00f3n de las\u00a0<strong>obras urgentes y la implementaci\u00f3n de las acciones necesarias para solucionar o aliviar las consecuencias de desastre<\/strong>\u00a0producidas, evitar las agravaciones humanitarias que de \u00e9l pudieran derivarse y reparar los da\u00f1os producidos o que se produzcan como consecuencia del fen\u00f3meno climatol\u00f3gico acaecido desde el d\u00eda 16 de diciembre, a todo el territorio de la provincia de Buenos Aires\u201d.<\/p>\n<p>A la vez, se declar\u00f3 \u201c<strong>duelo en el \u00e1mbito de la administraci\u00f3n p\u00fablica provincial, por el t\u00e9rmino de 72 horas, con motivo de los fallecimientos acaecidos en la ciudad de Bah\u00eda Blanca<\/strong>\u201c<\/p>\n<p>La declaraci\u00f3n se debe a que durante el temporal de fuertes vientos y lluvias se reportaron da\u00f1os de todo tipo\u00a0<strong>en al menos 45 distritos; roturas o voladuras de techos, roturas por ca\u00eddas de \u00e1rboles y falta de suministro de energ\u00eda.<\/strong><\/p>\n<p>Cabe mencionar que\u00a0<strong>en Bah\u00eda Blanca murieron 13 personas al colapsar el techo de un gimnasio del club Bahiense del Norte; y una mujer falleci\u00f3 en Moreno al ser aplastada por una rama de \u00e1rbol que se precipit\u00f3 sobre la calle por la que transitaba.<\/strong><\/p>\n<p>Los distritos afectados de la zona sur del conurbano:<\/p>\n<ul>\n<li>Almirante Brown: 10.800<\/li>\n<li>Avellaneda: 7.500<\/li>\n<li>Esteban Echeverr\u00eda: 8.000<\/li>\n<li>Ezeiza: 2.900<\/li>\n<li>Lan\u00fas: 12.500<\/li>\n<li>Lomas de Zamora: 20.000<\/li>\n<li>Presidente Per\u00f3n: 6.000<\/li>\n<li>San Vicente: 18.600<\/li>\n<\/ul>\n<p>El temporal que azot\u00f3 la provincia de Buenos Aires y dej\u00f3 a cientos de miles de usuarios de Edesur y Edenor sin suministro el\u00e9ctrico, <strong>se mantiene a\u00fan en niveles altos.<\/strong><\/p>\n<p>En el caso de Edesur, seg\u00fan el Ente Nacional Regulador de Energ\u00eda (ENRE),\u00a0<strong>alrededor de las 20 hab\u00eda casi 137.000 clientes sin suministro.<\/strong><\/p>\n<p>La p\u00e1gina del\u00a0<strong>ENRE estuvo colapsada y fuera de servicio desde las 9 de la ma\u00f1ana\u00a0<\/strong>y en esa actualizaci\u00f3n de la p\u00e1gina, eran 343.232 los usuarios de Edesur y 72.753 los de Edenor quienes estaban sin energ\u00eda el\u00e9ctrica en el AMBA, como consecuencias del temporal.<\/p>\n<p>Desde la Secretar\u00eda de Energ\u00eda adelantaron que estiman que\u00a0<strong>el servicio se restablecer\u00eda paulatinamente en el lapso de 24 horas,\u00a0<\/strong>aunque a esta ma\u00f1ana miles de usuarios contin\u00faan sin servicio. <strong>(VW)<\/strong><\/p>\n","protected":false},"excerpt":{"rendered":"<p>El gobierno nacional emiti\u00f3 un comunicado, decreto que declara la\u00a0emergencia del sector energ\u00e9tico nacional hasta fines de 2024l y controles a las compa\u00f1\u00edas. La provincia de Buenos Aires por su parte, declar\u00f3 el\u00a0\u201cestado de&#46;&#46;&#46;<\/p>\n","protected":false},"author":4,"featured_media":13006,"comment_status":"closed","ping_status":"closed","sticky":false,"template":"","format":"standard","meta":{"_monsterinsights_skip_tracking":false,"_monsterinsights_sitenote_active":false,"_monsterinsights_sitenote_note":"","_monsterinsights_sitenote_category":0,"footnotes":""},"categories":[8],"tags":[500,276,167,4530,5399],"class_list":["post-13005","post","type-post","status-publish","format-standard","has-post-thumbnail","hentry","category-interes-general","tag-decreto","tag-edesur","tag-kicillof","tag-milei","tag-temporal"],"_links":{"self":[{"href":"https:\/\/www.visionweb.com.ar\/index.php?rest_route=\/wp\/v2\/posts\/13005","targetHints":{"allow":["GET"]}}],"collection":[{"href":"https:\/\/www.visionweb.com.ar\/index.php?rest_route=\/wp\/v2\/posts"}],"about":[{"href":"https:\/\/www.visionweb.com.ar\/index.php?rest_route=\/wp\/v2\/types\/post"}],"author":[{"embeddable":true,"href":"https:\/\/www.visionweb.com.ar\/index.php?rest_route=\/wp\/v2\/users\/4"}],"replies":[{"embeddable":true,"href":"https:\/\/www.visionweb.com.ar\/index.php?rest_route=%2Fwp%2Fv2%2Fcomments&post=13005"}],"version-history":[{"count":1,"href":"https:\/\/www.visionweb.com.ar\/index.php?rest_route=\/wp\/v2\/posts\/13005\/revisions"}],"predecessor-version":[{"id":13007,"href":"https:\/\/www.visionweb.com.ar\/index.php?rest_route=\/wp\/v2\/posts\/13005\/revisions\/13007"}],"wp:featuredmedia":[{"embeddable":true,"href":"https:\/\/www.visionweb.com.ar\/index.php?rest_route=\/wp\/v2\/media\/13006"}],"wp:attachment":[{"href":"https:\/\/www.visionweb.com.ar\/index.php?rest_route=%2Fwp%2Fv2%2Fmedia&parent=13005"}],"wp:term":[{"taxonomy":"category","embeddable":true,"href":"https:\/\/www.visionweb.com.ar\/index.php?rest_route=%2Fwp%2Fv2%2Fcategories&post=13005"},{"taxonomy":"post_tag","embeddable":true,"href":"https:\/\/www.visionweb.com.ar\/index.php?rest_route=%2Fwp%2Fv2%2Ftags&post=13005"}],"curies":[{"name":"wp","href":"https:\/\/api.w.org\/{rel}","templated":true}]}}