{"id":13002,"date":"2023-12-15T11:33:26","date_gmt":"2023-12-15T14:33:26","guid":{"rendered":"https:\/\/www.visionweb.com.ar\/?p=13002"},"modified":"2023-12-15T11:33:26","modified_gmt":"2023-12-15T14:33:26","slug":"cgt-el-ajuste-castiga-al-pueblo-y-no-a-la-casta","status":"publish","type":"post","link":"https:\/\/www.visionweb.com.ar\/?p=13002","title":{"rendered":"CGT: \u201cEl ajuste castiga al pueblo y no a la casta\u201d"},"content":{"rendered":"<p><em><strong>El comunicado de la CGT describi\u00f3 que \u201cse generar\u00e1 una fuerte aceleraci\u00f3n del proceso inflacionario que dinamitar\u00e1 el poder adquisitivo de los salarios de los trabajadores\u201d.<\/strong><\/em><!--more--><\/p>\n<p><img loading=\"lazy\" decoding=\"async\" class=\"size-medium wp-image-13003 alignright\" src=\"https:\/\/www.visionweb.com.ar\/wp-content\/uploads\/2023\/12\/CGT-comunicado-300x167.png\" alt=\"\" width=\"300\" height=\"167\" srcset=\"https:\/\/www.visionweb.com.ar\/wp-content\/uploads\/2023\/12\/CGT-comunicado-300x167.png 300w, https:\/\/www.visionweb.com.ar\/wp-content\/uploads\/2023\/12\/CGT-comunicado.png 583w\" sizes=\"auto, (max-width: 300px) 100vw, 300px\" \/> \u00a0<strong>L<\/strong>a Confederaci\u00f3n General del Trabajo (<strong>CGT)\u00a0<\/strong>consider\u00f3 ayer en una reuni\u00f3n convocada de urgencia, que \u201cel ajuste de Milei <strong>castiga al pueblo y no a la casta\u201d\u00a0<\/strong>y que las medidas anunciadas por Luis Caputo \u201cgenerar\u00e1n una fuerte aceleraci\u00f3n del proceso inflacionario que\u00a0<strong>dinamitar\u00e1 el poder adquisitivo de los salarios de los trabajadores\u201d.<\/strong><\/p>\n<p><strong>En un comunicado oficial, el gremio expres\u00f3: \u00abNo ajusta a la denominada casta como se prometi\u00f3 en la campa\u00f1a\u00bb, <\/strong>y reclam\u00f3 al Gobierno\u00a0<strong>\u201cuna convocatoria al dialogo<\/strong>\u201d porque \u201csigue siendo nuestra vocaci\u00f3n contribuir a la gobernabilidad\u201d.<\/p>\n<p>La mesa chica cegetista, ampliada a otros sindicatos, analiz\u00f3 ayer por la tarde en la sede de la UOCRA los anuncios econ\u00f3micos y su diagn\u00f3stico en la que advirti\u00f3 que<strong>\u00a0\u201cno se va a quedar de brazos cruzados\u201d.<\/strong><\/p>\n<p>\u201cDe acuerdo a lo pronosticado por las propias autoridades econ\u00f3micas del actual Gobierno, las medidas anunciadas ubicar\u00e1n el \u00edndice inflacionario mensual entre un 20 y un 30%, al menos por el pr\u00f3ximo cuatrimestre, situaci\u00f3n que, de no ser acompa\u00f1ada por una pol\u00edtica de ingresos ejercida a trav\u00e9s del libre ejercicio de las negociaciones paritarias y de pol\u00edticas activas compensatorias,\u00a0<strong>pondr\u00e1 a millones de argentinos y argentinas en una situaci\u00f3n socioecon\u00f3mica desesperante,<\/strong>\u00a0sin garant\u00edas de poder acceder a sus necesidades b\u00e1sicas\u201d, describi\u00f3 el documento.<\/p>\n<p>Para la central obrera, \u201clas medidas anunciadas, m\u00e1s que un ajuste ortodoxo, son\u00a0<strong>un disciplinador social\u201d\u00a0<\/strong>y \u201cAhogan a las provincias v\u00eda recortes impositivos y pretenden una transferencia de recursos de los trabajadores y jubilados a la Naci\u00f3n por la ausencia de una pol\u00edtica de ingresos. Adem\u00e1s,<strong>\u00a0implican una fuerte paralizaci\u00f3n de la actividad econ\u00f3mica<\/strong>\u00a0con su consecuente puesta en riesgo de cientos de miles de puestos de trabajo\u201d.<\/p>\n<p>Con el t\u00edtulo de \u201c<strong>No es la casta, el ajuste lo paga el pueblo<\/strong>\u201d, la declaraci\u00f3n difundida por la CGT se\u00f1al\u00f3 que \u201cno estamos ante un plan econ\u00f3mico,\u00a0<strong>estamos ante medidas desordenadas de ajuste\u201d.<\/strong><\/p>\n<p>Tambi\u00e9n hizo hincapi\u00e9 en que \u201cel ordenamiento de la macroeconom\u00eda no debe ser fundamento para\u00a0<strong>cargar sus costos de manera inequitativa sobre la sociedad argentina\u201d.<\/strong><\/p>\n<p>En el texto tambi\u00e9n se ratific\u00f3 el\u00a0<strong>documento de 15 puntos program\u00e1ticos\u00a0<\/strong>presentado por la CGT a los candidatos presidenciales durante la campa\u00f1a electoral, en donde destac\u00f3 la importancia de la defensa de la\u00a0<strong>\u201cprogresividad de los derechos laborales y sociales\u201d\u00a0<\/strong>para \u201cuna sociedad m\u00e1s justa\u201d como ejes del \u201cmodelo de desarrollo, producci\u00f3n y trabajo\u201d.<\/p>\n<p>Adem\u00e1s, la central obrera insisti\u00f3 en su\u00a0<strong>reivindicaci\u00f3n\u00a0<\/strong>de \u201clos derechos sociolaborales, el respeto a la libertad sindical y la negociaci\u00f3n colectiva, el poder adquisitivo de los salarios y de las jubilaciones y\u00a0<strong>la eliminaci\u00f3n del Impuesto a las Ganancias\u00a0<\/strong>para los trabajadores y trabajadoras\u201d.<\/p>\n<p>Participaron del encuentro de la CGT sus cotitulares H\u00e9ctor Daer (Sanidad), Pablo Moyano (Camioneros) y Carlos Acu\u00f1a (estaciones de servicio), adem\u00e1s de Gerardo Mart\u00ednez (UOCRA), Andr\u00e9s Rodr\u00edguez (UPCN), Armando Cavalieri (Comercio), Jos\u00e9 Luis Lingeri (Obras Sanitarias), Sergio Romero (UDA), Jorge Sola (Seguro), Julio Piumato (judiciales), Mario Manrique (SMATA), Rodolfo Daer (alimentaci\u00f3n), Sergio Palazzo (bancarios), Juan Carlos Schmid (Dragado y Balizamiento), Sergio Sasia (Uni\u00f3n Ferroviaria), Guillermo Moser (Luz y Fuerza) y Mario Calegari (UTA), entre otros. <strong>(VW)<\/strong><\/p>\n","protected":false},"excerpt":{"rendered":"<p>El comunicado de la CGT describi\u00f3 que \u201cse generar\u00e1 una fuerte aceleraci\u00f3n del proceso inflacionario que dinamitar\u00e1 el poder adquisitivo de los salarios de los trabajadores\u201d.<\/p>\n","protected":false},"author":4,"featured_media":13003,"comment_status":"closed","ping_status":"closed","sticky":false,"template":"","format":"standard","meta":{"_monsterinsights_skip_tracking":false,"_monsterinsights_sitenote_active":false,"_monsterinsights_sitenote_note":"","_monsterinsights_sitenote_category":0,"footnotes":""},"categories":[4],"tags":[2032,591,5398],"class_list":["post-13002","post","type-post","status-publish","format-standard","has-post-thumbnail","hentry","category-politica","tag-cgt","tag-comunicado","tag-milei-castiga-al-pueblo-y-no-a-la-casta"],"_links":{"self":[{"href":"https:\/\/www.visionweb.com.ar\/index.php?rest_route=\/wp\/v2\/posts\/13002","targetHints":{"allow":["GET"]}}],"collection":[{"href":"https:\/\/www.visionweb.com.ar\/index.php?rest_route=\/wp\/v2\/posts"}],"about":[{"href":"https:\/\/www.visionweb.com.ar\/index.php?rest_route=\/wp\/v2\/types\/post"}],"author":[{"embeddable":true,"href":"https:\/\/www.visionweb.com.ar\/index.php?rest_route=\/wp\/v2\/users\/4"}],"replies":[{"embeddable":true,"href":"https:\/\/www.visionweb.com.ar\/index.php?rest_route=%2Fwp%2Fv2%2Fcomments&post=13002"}],"version-history":[{"count":1,"href":"https:\/\/www.visionweb.com.ar\/index.php?rest_route=\/wp\/v2\/posts\/13002\/revisions"}],"predecessor-version":[{"id":13004,"href":"https:\/\/www.visionweb.com.ar\/index.php?rest_route=\/wp\/v2\/posts\/13002\/revisions\/13004"}],"wp:featuredmedia":[{"embeddable":true,"href":"https:\/\/www.visionweb.com.ar\/index.php?rest_route=\/wp\/v2\/media\/13003"}],"wp:attachment":[{"href":"https:\/\/www.visionweb.com.ar\/index.php?rest_route=%2Fwp%2Fv2%2Fmedia&parent=13002"}],"wp:term":[{"taxonomy":"category","embeddable":true,"href":"https:\/\/www.visionweb.com.ar\/index.php?rest_route=%2Fwp%2Fv2%2Fcategories&post=13002"},{"taxonomy":"post_tag","embeddable":true,"href":"https:\/\/www.visionweb.com.ar\/index.php?rest_route=%2Fwp%2Fv2%2Ftags&post=13002"}],"curies":[{"name":"wp","href":"https:\/\/api.w.org\/{rel}","templated":true}]}}