{"id":12999,"date":"2023-12-15T11:00:13","date_gmt":"2023-12-15T14:00:13","guid":{"rendered":"https:\/\/www.visionweb.com.ar\/?p=12999"},"modified":"2023-12-15T11:00:13","modified_gmt":"2023-12-15T14:00:13","slug":"ate-no-vamos-a-quedarnos-de-brazos-cruzados","status":"publish","type":"post","link":"https:\/\/www.visionweb.com.ar\/?p=12999","title":{"rendered":"ATE: \u00abNo vamos a quedarnos de brazos cruzados\u00bb"},"content":{"rendered":"<p><em><strong>Frente al ajuste del gobierno y al protocolo de Seguridad de Patricia Bullrich, ATE lanz\u00f3 un comunicado en el que<\/strong> <strong>declar\u00f3 el \u201cEstado de alerta y asamblea permanente en todo el pa\u00eds\u201d.<\/strong><\/em><!--more--><\/p>\n<p><img loading=\"lazy\" decoding=\"async\" class=\"size-medium wp-image-13000 alignright\" src=\"https:\/\/www.visionweb.com.ar\/wp-content\/uploads\/2023\/12\/ate-rodolfo-aguiar-300x211.png\" alt=\"\" width=\"300\" height=\"211\" srcset=\"https:\/\/www.visionweb.com.ar\/wp-content\/uploads\/2023\/12\/ate-rodolfo-aguiar-300x211.png 300w, https:\/\/www.visionweb.com.ar\/wp-content\/uploads\/2023\/12\/ate-rodolfo-aguiar.png 476w\" sizes=\"auto, (max-width: 300px) 100vw, 300px\" \/>\u00a0\u00a0 <strong>L<\/strong>a Asociaci\u00f3n de Trabajadores del Estado (<strong>ATE<\/strong>) lanz\u00f3 ayer un <strong>comunicado<\/strong> en donde definen el\u00a0<strong>plan de acci\u00f3n contra el ajustazo,\u00a0y el pedido expreso de la reapertura inmediata de todas las paritarias, <\/strong>a la vez<strong> declar\u00f3 el \u201cEstado de alerta y asamblea permanente en todo el pa\u00eds\u201d.<\/strong><\/p>\n<p>Fue en respuesta a las medidas anunciadas durante la primera semana del gobierno de Javier Milei, que implican un fuerte impacto en el bolsillo de los argentinos, y el nuevo protocolo de seguridad \u201cantipiquetes\u201d de Patricia Bullrich, que se conjugan entre s\u00ed.<\/p>\n<p>En ese marco, <strong>ATE<\/strong> emiti\u00f3 un comunicado en el que resolvi\u00f3: <strong>declarar el Estado de alerta y asamblea permanente en todo el pa\u00eds<\/strong>; exigir la inmediata reapertura de las paritarias; repudiar y rechazar cualquier posibilidad de despido; no aceptar por inconstitucional el protocolo antipiquetes de Patricia Bullrich; <strong>realizar acciones directas antes de finalizar el a\u00f1o<\/strong>; y dar mandato abierto a la conducci\u00f3n nacional para definir medidas de fuerza.<\/p>\n<p>\u201c<strong>No vamos a quedarnos de brazos cruzados mientras se terminan de pulverizar nuestros salarios. Necesitamos recuperar todo lo que hemos perdido en estas semanas. Sufrimos una remarcaci\u00f3n de precios indiscriminada y generalizada antes de la asunci\u00f3n, y ahora una devaluaci\u00f3n de m\u00e1s del 118%. Los salarios y las jubilaciones tienen que ser compensadas por este da\u00f1o<\/strong>\u201d, detall\u00f3 el Secretario General de ATE,\u00a0<strong>Rodolfo Aguiar<\/strong>.<\/p>\n<p>Adem\u00e1s, repudi\u00f3 las medidas anunciadas por el Gobierno, en particular la de la <strong>no renovaci\u00f3n de los contratos laborales del Estado que tengan menos de un a\u00f1o de vigencia<\/strong>: \u00abNo vamos a tolerar ning\u00fan despido que sea injustificado. En el empleo p\u00fablico, la estabilidad est\u00e1 consagrada constitucionalmente. Adem\u00e1s intentan cesantear a discapacitados y personas trans que ingresaron en cumplimiento de los cupos que se encuentran regidos por ley\u201d, destac\u00f3 Aguiar. <strong>(VW)<\/strong><\/p>\n","protected":false},"excerpt":{"rendered":"<p>Frente al ajuste del gobierno y al protocolo de Seguridad de Patricia Bullrich, ATE lanz\u00f3 un comunicado en el que declar\u00f3 el \u201cEstado de alerta y asamblea permanente en todo el pa\u00eds\u201d.<\/p>\n","protected":false},"author":4,"featured_media":13000,"comment_status":"closed","ping_status":"closed","sticky":false,"template":"","format":"standard","meta":{"_monsterinsights_skip_tracking":false,"_monsterinsights_sitenote_active":false,"_monsterinsights_sitenote_note":"","_monsterinsights_sitenote_category":0,"footnotes":""},"categories":[4],"tags":[2719,591,2875,5397,5396],"class_list":["post-12999","post","type-post","status-publish","format-standard","has-post-thumbnail","hentry","category-politica","tag-ate","tag-comunicado","tag-gremio","tag-plan-de-accion","tag-rodolfo-aguiar"],"_links":{"self":[{"href":"https:\/\/www.visionweb.com.ar\/index.php?rest_route=\/wp\/v2\/posts\/12999","targetHints":{"allow":["GET"]}}],"collection":[{"href":"https:\/\/www.visionweb.com.ar\/index.php?rest_route=\/wp\/v2\/posts"}],"about":[{"href":"https:\/\/www.visionweb.com.ar\/index.php?rest_route=\/wp\/v2\/types\/post"}],"author":[{"embeddable":true,"href":"https:\/\/www.visionweb.com.ar\/index.php?rest_route=\/wp\/v2\/users\/4"}],"replies":[{"embeddable":true,"href":"https:\/\/www.visionweb.com.ar\/index.php?rest_route=%2Fwp%2Fv2%2Fcomments&post=12999"}],"version-history":[{"count":1,"href":"https:\/\/www.visionweb.com.ar\/index.php?rest_route=\/wp\/v2\/posts\/12999\/revisions"}],"predecessor-version":[{"id":13001,"href":"https:\/\/www.visionweb.com.ar\/index.php?rest_route=\/wp\/v2\/posts\/12999\/revisions\/13001"}],"wp:featuredmedia":[{"embeddable":true,"href":"https:\/\/www.visionweb.com.ar\/index.php?rest_route=\/wp\/v2\/media\/13000"}],"wp:attachment":[{"href":"https:\/\/www.visionweb.com.ar\/index.php?rest_route=%2Fwp%2Fv2%2Fmedia&parent=12999"}],"wp:term":[{"taxonomy":"category","embeddable":true,"href":"https:\/\/www.visionweb.com.ar\/index.php?rest_route=%2Fwp%2Fv2%2Fcategories&post=12999"},{"taxonomy":"post_tag","embeddable":true,"href":"https:\/\/www.visionweb.com.ar\/index.php?rest_route=%2Fwp%2Fv2%2Ftags&post=12999"}],"curies":[{"name":"wp","href":"https:\/\/api.w.org\/{rel}","templated":true}]}}