{"id":12993,"date":"2023-12-15T09:18:31","date_gmt":"2023-12-15T12:18:31","guid":{"rendered":"https:\/\/www.visionweb.com.ar\/?p=12993"},"modified":"2023-12-15T09:18:31","modified_gmt":"2023-12-15T12:18:31","slug":"ajuste-la-provincia-no-descarta-emitir-una-moneda-propia","status":"publish","type":"post","link":"https:\/\/www.visionweb.com.ar\/?p=12993","title":{"rendered":"Ajuste: La Provincia no descarta emitir una moneda propia"},"content":{"rendered":"<p><strong><em>Moneda bonaerense? El ministro de Gobierno, Carlos Bianco, dijo que \u201clo permite la Constituci\u00f3n\u201d, aunque aclar\u00f3 que \u201cpor ahora no estamos avanzando en ese sentido\u201d<\/em><\/strong><strong>. \u201c<em>Veremos si es necesario\u201d.<\/em><\/strong><strong>\u00a0<\/strong><!--more--><\/p>\n<p><strong><img loading=\"lazy\" decoding=\"async\" class=\"size-medium wp-image-12994 alignright\" src=\"https:\/\/www.visionweb.com.ar\/wp-content\/uploads\/2023\/12\/Kicillof-y-Bianco-300x198.png\" alt=\"\" width=\"300\" height=\"198\" srcset=\"https:\/\/www.visionweb.com.ar\/wp-content\/uploads\/2023\/12\/Kicillof-y-Bianco-300x198.png 300w, https:\/\/www.visionweb.com.ar\/wp-content\/uploads\/2023\/12\/Kicillof-y-Bianco.png 593w\" sizes=\"auto, (max-width: 300px) 100vw, 300px\" \/>\u00a0 E<\/strong>l ministro de Gobierno, <strong>Carlos Bianco<\/strong>, detall\u00f3 que la emisi\u00f3n de una moneda bonaerense \u201ces una herramienta de la que puede disponer\u201d la Provincia, aunque aclar\u00f3 que <strong>por ahora no se est\u00e1 avanzando en ese sentido<\/strong>.<\/p>\n<p>\u201cLa Constituci\u00f3n Nacional y Provincial lo permiten. En su momento, el Banco Provincia emiti\u00f3 moneda, la primera moneda de curso legal de nuestro pa\u00eds fue emitida por el Banco Provincia\u201d, record\u00f3 Bianco, frente a la pregunta sobre la posible emisi\u00f3n de una moneda bonaerense, en radio El Destape.<\/p>\n<p>\u201cEn tanto lo permite la Constituci\u00f3n, es una herramienta de la que puede disponer el gobierno provincial. <strong>Veremos si es necesario. Hay que evaluar la oportunidad, m\u00e9rito y conveniencia<\/strong>\u201d, se\u00f1al\u00f3 el funcionario de Axel Kicillof.<\/p>\n<p>En \u00e9pocas de ajustes, y tras el fuerte ajuste anunciado en estos d\u00edas por el gobierno de Javier Milei a trav\u00e9s del ministro de Econom\u00eda de la Naci\u00f3n, Luis Caputo, cualquier medida econ\u00f3mica que sirva para salvaguardar el bolsillo de la gente, es tenida en cuenta, y Bianco dio indicios de un plan que, constitucionalmente se puede ejecutar, pero que no est\u00e1 en carpeta.<\/p>\n<p>Carlos Bianco, quien fue jefe de asesores del gobernador desde 2021 y que ahora es ministro de Gobierno, ahond\u00f3: \u00ab<strong>Es una herramienta de la que puede disponer el gobierno provincial. Veremos si eso es necesario. Hoy no estamos pensando en eso pero llegado el caso, de ser necesario, se evaluar\u00e1<\/strong>\u00ab.<\/p>\n<p>Por otra parte, <strong>critic\u00f3 las medidas anunciadas<\/strong> recientemente por el gobierno y sostuvo que \u201cel de Milei es un ajuste ortodoxo cl\u00e1sico.\u00a0<strong>Es una devaluaci\u00f3n de las m\u00e1s fuertes de la historia y es un tarifazo importante. Es m\u00e1s brutal que el Rodrigazo<\/strong>. Eso est\u00e1 teniendo un impacto en cualquier negocio, en cualquier comercio\u201d.<\/p>\n<p>En el marco de la entrevista, el ministro de Gobierno tambi\u00e9n dijo que el Gobierno bonaerense tiene \u201clas v\u00edas de financiamiento provinciales, fundamentalmente con el Banco Provincia, que es el que es el que m\u00e1s cr\u00e9dito productivo da en la Argentina al sector industrial y al agropecuario\u201d.<\/p>\n<p>\u201cPero con eso no alcanza para financiar a una Provincia tan grande, con tantos sectores y tantos servicios. Se requieren los fondos nacionales y los programas de desarrollo nacionales. No vemos ninguna intenci\u00f3n de llevar adelante ese tipo de programas, por eso nos preocupa y nos ocupa\u201d, agreg\u00f3 Bianco. <strong>(VW)<\/strong><\/p>\n","protected":false},"excerpt":{"rendered":"<p>Moneda bonaerense? El ministro de Gobierno, Carlos Bianco, dijo que \u201clo permite la Constituci\u00f3n\u201d, aunque aclar\u00f3 que \u201cpor ahora no estamos avanzando en ese sentido\u201d. \u201cVeremos si es necesario\u201d.\u00a0<\/p>\n","protected":false},"author":4,"featured_media":12994,"comment_status":"closed","ping_status":"closed","sticky":false,"template":"","format":"standard","meta":{"_monsterinsights_skip_tracking":false,"_monsterinsights_sitenote_active":false,"_monsterinsights_sitenote_note":"","_monsterinsights_sitenote_category":0,"footnotes":""},"categories":[6,4],"tags":[4415,167,5394,356],"class_list":["post-12993","post","type-post","status-publish","format-standard","has-post-thumbnail","hentry","category-economia","category-politica","tag-carlos-bianco","tag-kicillof","tag-moneda-propia","tag-provincia"],"_links":{"self":[{"href":"https:\/\/www.visionweb.com.ar\/index.php?rest_route=\/wp\/v2\/posts\/12993","targetHints":{"allow":["GET"]}}],"collection":[{"href":"https:\/\/www.visionweb.com.ar\/index.php?rest_route=\/wp\/v2\/posts"}],"about":[{"href":"https:\/\/www.visionweb.com.ar\/index.php?rest_route=\/wp\/v2\/types\/post"}],"author":[{"embeddable":true,"href":"https:\/\/www.visionweb.com.ar\/index.php?rest_route=\/wp\/v2\/users\/4"}],"replies":[{"embeddable":true,"href":"https:\/\/www.visionweb.com.ar\/index.php?rest_route=%2Fwp%2Fv2%2Fcomments&post=12993"}],"version-history":[{"count":1,"href":"https:\/\/www.visionweb.com.ar\/index.php?rest_route=\/wp\/v2\/posts\/12993\/revisions"}],"predecessor-version":[{"id":12995,"href":"https:\/\/www.visionweb.com.ar\/index.php?rest_route=\/wp\/v2\/posts\/12993\/revisions\/12995"}],"wp:featuredmedia":[{"embeddable":true,"href":"https:\/\/www.visionweb.com.ar\/index.php?rest_route=\/wp\/v2\/media\/12994"}],"wp:attachment":[{"href":"https:\/\/www.visionweb.com.ar\/index.php?rest_route=%2Fwp%2Fv2%2Fmedia&parent=12993"}],"wp:term":[{"taxonomy":"category","embeddable":true,"href":"https:\/\/www.visionweb.com.ar\/index.php?rest_route=%2Fwp%2Fv2%2Fcategories&post=12993"},{"taxonomy":"post_tag","embeddable":true,"href":"https:\/\/www.visionweb.com.ar\/index.php?rest_route=%2Fwp%2Fv2%2Ftags&post=12993"}],"curies":[{"name":"wp","href":"https:\/\/api.w.org\/{rel}","templated":true}]}}