{"id":12985,"date":"2023-12-15T08:49:47","date_gmt":"2023-12-15T11:49:47","guid":{"rendered":"https:\/\/www.visionweb.com.ar\/?p=12985"},"modified":"2024-06-04T14:51:41","modified_gmt":"2024-06-04T17:51:41","slug":"el-metrobus-alberdi-directorio-beneficia-a-mas-de-65-mil-pasajeros","status":"publish","type":"post","link":"https:\/\/www.visionweb.com.ar\/?p=12985","title":{"rendered":"El Metrobus Alberdi-Directorio beneficia a m\u00e1s de 65 mil pasajeros"},"content":{"rendered":"<p><em><strong>En los \u00faltimos d\u00edas qued\u00f3 habilitado y ser\u00e1 utilizado por ocho l\u00edneas de colectivos. Las autoridades porte\u00f1as estiman que se beneficair\u00e1n\u00a0 unos 65.000 pasajeros.<\/strong> <strong>Ya son 10 los corredores habilitados.<\/strong><\/em><!--more--><\/p>\n<p><strong><img loading=\"lazy\" decoding=\"async\" class=\"size-medium wp-image-12988 alignright\" src=\"https:\/\/www.visionweb.com.ar\/wp-content\/uploads\/2023\/12\/alberdi-directorio-300x200.png\" alt=\"\" width=\"300\" height=\"200\" srcset=\"https:\/\/www.visionweb.com.ar\/wp-content\/uploads\/2023\/12\/alberdi-directorio-300x200.png 300w, https:\/\/www.visionweb.com.ar\/wp-content\/uploads\/2023\/12\/alberdi-directorio.png 640w\" sizes=\"auto, (max-width: 300px) 100vw, 300px\" \/>E<\/strong>l\u00a0<strong>d\u00e9cimo corredor de Metrobus de la Ciudad\u00a0<\/strong>cuenta con 5,8 kil\u00f3metros de extensi\u00f3n y paradores iluminados, accesibles y seguros.<\/p>\n<p>Su dise\u00f1o, adem\u00e1s, contempl\u00f3 la reubicaci\u00f3n y creaci\u00f3n de nuevas d\u00e1rsenas y cajones de carga y descarga para facilitar y ordenar ese proceso para los locales comerciales de la zona.<\/p>\n<p>La obra beneficia a los m\u00e1s de 65.000 pasajeros que viajan por la zona todos los d\u00edas, conectando mejor los barrios de Flores, Floresta, Parque Avellaneda, V\u00e9lez Sarsfield y Villa Luro.<br \/>\nLos beneficios de la red de Metrobus<\/p>\n<p>Con\u00a0<strong>5,8 kil\u00f3metros de extensi\u00f3n<\/strong>\u00a0act\u00faa como eje de conectividad en la zona sur-oeste de la Ciudad, que hasta el momento no hab\u00eda recibido una obra de infraestructura de gran magnitud.<\/p>\n<p>Este corredor permite la conexi\u00f3n con otros medios de movilidad como la L\u00ednea A del Subte (estaci\u00f3n San Pedrito), el FFCC Sarmiento (estaci\u00f3n San Jos\u00e9 de Flores), el Centro de Trasbordo Flores, la AU Perito Moreno y varias estaciones de Ecobici.<\/p>\n<p>Adem\u00e1s, su recorrido permitir\u00e1 conectar de mejor forma el Parque Avellaneda, el CeSAC N\u00b013 y la Subsede comunal 9, entre otros lugares destacados de la zona<\/p>\n<p>Un corredor de Metrobus consiste en un carril exclusivo para uso de transporte p\u00fablico complementado con paradores techados, iluminados y accesibles para mejorar la seguridad vial, los tiempos y la calidad de viaje para los pasajeros.<\/p>\n<p><img loading=\"lazy\" decoding=\"async\" class=\"size-medium wp-image-12989 alignleft\" src=\"https:\/\/www.visionweb.com.ar\/wp-content\/uploads\/2023\/12\/MAPA-METROBUS-300x139.png\" alt=\"\" width=\"300\" height=\"139\" srcset=\"https:\/\/www.visionweb.com.ar\/wp-content\/uploads\/2023\/12\/MAPA-METROBUS-300x139.png 300w, https:\/\/www.visionweb.com.ar\/wp-content\/uploads\/2023\/12\/MAPA-METROBUS.png 640w\" sizes=\"auto, (max-width: 300px) 100vw, 300px\" \/>Desde la creaci\u00f3n, en 2011, del primer Metrobus en la Av. Juan B. Justo, esta pol\u00edtica p\u00fablica viene siendo central en la\u00a0<strong>expansi\u00f3n de un transporte p\u00fablico de calidad, seguro y accesible\u00a0<\/strong>en la Ciudad.<\/p>\n<p>Estas obras <strong>mejoran los tiempos de viaje\u00a0<\/strong>de los pasajeros y al dividir el tr\u00e1nsito general del transporte p\u00fablico mediante barreras f\u00edsicas, hacen que la <strong>movilidad por la Ciudad sea m\u00e1s segura<\/strong>.<\/p>\n<p>La reorganizaci\u00f3n de las paradas fue determinada en base a las necesidades de los ascensos y descensos de pasajeros y a la simultaneidad de llegada de los servicios de transporte p\u00fablico de pasajeros. Adem\u00e1s, fue pensada en funci\u00f3n de la reubicaci\u00f3n de d\u00e1rsenas y cajones azules de carga y descarga de mercader\u00eda de los locales comerciales de la zona.<\/p>\n<p>Adem\u00e1s, al aumentar la distancia entre paradas genera menos estr\u00e9s en la conducci\u00f3n y\u00a0<strong>reduce el uso de combustible y las emisiones de di\u00f3xido de carbono<\/strong>, al requerir una menor cantidad de frenadas y aceleradas<strong>(VW)<\/strong><\/p>\n<p>&nbsp;<\/p>\n<p>&nbsp;<\/p>\n","protected":false},"excerpt":{"rendered":"<p>En los \u00faltimos d\u00edas qued\u00f3 habilitado y ser\u00e1 utilizado por ocho l\u00edneas de colectivos. Las autoridades porte\u00f1as estiman que se beneficair\u00e1n\u00a0 unos 65.000 pasajeros. Ya son 10 los corredores habilitados.<\/p>\n","protected":false},"author":3,"featured_media":12988,"comment_status":"closed","ping_status":"closed","sticky":false,"template":"","format":"standard","meta":{"_monsterinsights_skip_tracking":false,"_monsterinsights_sitenote_active":false,"_monsterinsights_sitenote_note":"","_monsterinsights_sitenote_category":0,"footnotes":""},"categories":[3],"tags":[705,5392,5393],"class_list":["post-12985","post","type-post","status-publish","format-standard","has-post-thumbnail","hentry","category-actualidad","tag-colectivos","tag-metrobust","tag-paradas"],"_links":{"self":[{"href":"https:\/\/www.visionweb.com.ar\/index.php?rest_route=\/wp\/v2\/posts\/12985","targetHints":{"allow":["GET"]}}],"collection":[{"href":"https:\/\/www.visionweb.com.ar\/index.php?rest_route=\/wp\/v2\/posts"}],"about":[{"href":"https:\/\/www.visionweb.com.ar\/index.php?rest_route=\/wp\/v2\/types\/post"}],"author":[{"embeddable":true,"href":"https:\/\/www.visionweb.com.ar\/index.php?rest_route=\/wp\/v2\/users\/3"}],"replies":[{"embeddable":true,"href":"https:\/\/www.visionweb.com.ar\/index.php?rest_route=%2Fwp%2Fv2%2Fcomments&post=12985"}],"version-history":[{"count":3,"href":"https:\/\/www.visionweb.com.ar\/index.php?rest_route=\/wp\/v2\/posts\/12985\/revisions"}],"predecessor-version":[{"id":12992,"href":"https:\/\/www.visionweb.com.ar\/index.php?rest_route=\/wp\/v2\/posts\/12985\/revisions\/12992"}],"wp:featuredmedia":[{"embeddable":true,"href":"https:\/\/www.visionweb.com.ar\/index.php?rest_route=\/wp\/v2\/media\/12988"}],"wp:attachment":[{"href":"https:\/\/www.visionweb.com.ar\/index.php?rest_route=%2Fwp%2Fv2%2Fmedia&parent=12985"}],"wp:term":[{"taxonomy":"category","embeddable":true,"href":"https:\/\/www.visionweb.com.ar\/index.php?rest_route=%2Fwp%2Fv2%2Fcategories&post=12985"},{"taxonomy":"post_tag","embeddable":true,"href":"https:\/\/www.visionweb.com.ar\/index.php?rest_route=%2Fwp%2Fv2%2Ftags&post=12985"}],"curies":[{"name":"wp","href":"https:\/\/api.w.org\/{rel}","templated":true}]}}