{"id":12984,"date":"2023-12-15T08:40:50","date_gmt":"2023-12-15T11:40:50","guid":{"rendered":"https:\/\/www.visionweb.com.ar\/?p=12984"},"modified":"2023-12-15T08:40:50","modified_gmt":"2023-12-15T11:40:50","slug":"bullrich-presento-el-protocolo-antipiquetes-las-cuatro-fuerzas-federales-van-a-intervenir-frente-a-cortes-piquetes-o-bloqueos","status":"publish","type":"post","link":"https:\/\/www.visionweb.com.ar\/?p=12984","title":{"rendered":"Bullrich present\u00f3 el protocolo antipiquetes: \u201cLas cuatro fuerzas federales van a intervenir frente a cortes, piquetes o bloqueos\u201d"},"content":{"rendered":"<p><em><strong>\u201cSin orden no hay libertad, y sin libertad no hay progreso\u201d, dijo Bullrich, y asegur\u00f3 que el Gobierno har\u00e1 cumplir la ley:\u00a0\u201cLa ley no se cumple a medias; se cumple o no se cumple\u201d.<\/strong><\/em><!--more--><\/p>\n<p><strong><img loading=\"lazy\" decoding=\"async\" class=\"size-medium wp-image-12986 alignright\" src=\"https:\/\/www.visionweb.com.ar\/wp-content\/uploads\/2023\/12\/Bullrich-protocolo-300x197.png\" alt=\"\" width=\"300\" height=\"197\" srcset=\"https:\/\/www.visionweb.com.ar\/wp-content\/uploads\/2023\/12\/Bullrich-protocolo-300x197.png 300w, https:\/\/www.visionweb.com.ar\/wp-content\/uploads\/2023\/12\/Bullrich-protocolo.png 542w\" sizes=\"auto, (max-width: 300px) 100vw, 300px\" \/>\u00a0 L<\/strong>a ministra de Seguridad de la Naci\u00f3n, <strong>Patricia Bullrich<\/strong>, anunci\u00f3 ayer <strong>el protocolo de seguridad,\u00a0<\/strong>en el cual, las cuatro fuerzas federales del Estado estar\u00e1n habilitadas para intervenir en caso de bloqueo de caminos, piquetes o protestas que impidan, total o parcialmente, la circulaci\u00f3n de los ciudadanos.<\/p>\n<p>Durante una conferencia de prensa Bullrich enumer\u00f3 los\u00a0<strong>nuevos procedimientos de las fuerzas de seguridad\u00a0<\/strong>a su cargo, ante diversas situaciones de alteraci\u00f3n del orden p\u00fablico como cortes de tr\u00e1nsito y piquetes.<\/p>\n<p>\u201cSin orden no hay libertad, y sin libertad no hay progreso\u201d, inici\u00f3 su intervenci\u00f3n, y asegur\u00f3 que \u201cEl prop\u00f3sito de este protocolo es cumplir la ley. Como dice el Presidente: \u2018el que las hace las paga\u2019\u201d, a\u00f1adi\u00f3.<\/p>\n<p>La funcionaria anunci\u00f3 en ese sentido que la Polic\u00eda Federal, Gendarmer\u00eda Nacional, Prefectura y la Polic\u00eda de Seguridad Aeroportuaria (PSA), junto a agentes del Servicio Penitenciario, aplicar\u00e1n el contenido de la Ley de Flagrancia para liberar las v\u00edas de circulaci\u00f3n. De esta manera, los piquetes ser\u00e1n tomados como \u201cdelitos in fraganti\u201d, seg\u00fan indic\u00f3 la funcionaria.<\/p>\n<p><strong>\u201cSe usar\u00e1 la fuerza proporcional a la resistencia\u201d<\/strong>, advirti\u00f3, y asever\u00f3: \u201cEs hora de terminar con esta metodolog\u00eda que lo \u00fanico que hace es generar un desorden total y absoluto y una falta de cumplimiento de la ley, adem\u00e1s de desproteger a quienes tienen que llevar adelante su vida con normalidad y paz\u201d.<\/p>\n<p>En esa l\u00ednea, agreg\u00f3: \u201cPor otro lado,\u00a0<strong>cuidar a quienes nos cuidan y establecer un protocolo de<br \/>\nactuaci\u00f3n que proteja en su accionar<\/strong>\u00a0a las fuerzas federales\u201d.<\/p>\n<p>Los puntos del nuevo protocolo de seguridad:<\/p>\n<ul>\n<li>\u00a0\u201cLas cuatro fuerzas federales y el servicio penitenciario federal\u00a0<strong>van a intervenir frente a cortes, piquetes y bloqueos, sean parciales o totales.\u00a0<\/strong>La ley no se cumple a medias, se cumple o no se cumple. Nosotros la vamos a cumplir.\u201d<\/li>\n<li>\u201cLas fuerzas podr\u00e1n intervenir d<strong>e acuerdo a los c\u00f3digos procesales vigentes que es que, si hay un delito infraganti, van a poder intervenir.<\/strong>\u201c<\/li>\n<li>\u201cEs muy importante entender que<strong>\u00a0las fuerzas federales van a actuar en las zonas federales.\u00a0<\/strong>Eso llevar\u00e1 a que las fuerzas provinciales deben actuar en las zonas de sus competencias y tener un trabajo en com\u00fan.\u201d<\/li>\n<li>\u201cNo vamos a tomar en cuenta la existencia de v\u00edas alternativas al tr\u00e1nsito y circulaci\u00f3n. Quiere decir que\u00a0<strong>si se corta la v\u00eda principal, se libera la v\u00eda principal<\/strong>.\u201d<\/li>\n<li>\u201cSe va a actuar hasta dejar\u00a0<strong>totalmente liberado todo el espacio\u00a0<\/strong>de circulaci\u00f3n\u201d<\/li>\n<li>\u201cPara llevar a cabo estas medidas, las fuerzas\u00a0<strong>emplear\u00e1n la m\u00ednima fuerza necesaria y suficiente<\/strong>, que ser\u00e1 graduada en proporci\u00f3n a la resistencia.\u201d<\/li>\n<li>\u201cSer\u00e1n identificados los autores, c\u00f3mplices e instigadores de este tipo de delitos.\u00a0<strong>Tambi\u00e9n se van a identificar a los veh\u00edculos y a sus conductores registrados. Se van a registrar todas las infracciones administrativas existentes y se va a proceder a incautar a los veh\u00edculos<\/strong>\u00a0que no est\u00e9n bajo las normas de tr\u00e1nsito o cuyo conductores no tengan la documentaci\u00f3n que tienen que tener.\u201d<\/li>\n<li>\u201cSe va a trabajar tambi\u00e9n en las\u00a0<strong>estaciones de tren aquellas personas que vayan con tipo de material que debe ser incautado, sean palos o caras tapadas<\/strong>, intentando no ser reconocidos por las fuerzas.<\/li>\n<li>\u201cLos datos de los autores c\u00f3mplices o part\u00edcipes van a ser\u00a0<strong>remitidos a las autoridades de aplicaci\u00f3n correspondiente, sea por un bloqueo, a la IGJ para ver las personer\u00edas jur\u00eddicas <\/strong>de quienes bloquearon, sea por personas que vienen con un plan social. Sobre todo los instigadores, sindicatos o trabajadores que est\u00e9n bloqueando una empresa.\u201d<\/li>\n<li>\u201cTambi\u00e9n se dar\u00e1 aviso al juez competente en caso de\u00a0<strong>da\u00f1o ambiental<\/strong>. Algo que sucede de manera permanente es la quema en protestas, que genera una situaci\u00f3n da\u00f1ina al ambiente y a quienes est\u00e1n alrededor.\u201d<\/li>\n<li>\u201cEn el caso de participaci\u00f3n de ni\u00f1os y adolescentes, se va a dar aviso a la autoridad competente de la protecci\u00f3n de los mismos y se\u00a0<strong>proceder\u00e1 a tener sanciones a aquellos que lleven ni\u00f1os y que no est\u00e9n los ni\u00f1os\u00a0<\/strong>-cuando tienen que estar en sus escuelas- en una manifestaci\u00f3n.\u201d<\/li>\n<li>\u201cLos costos de los operativos de seguridad se les enviar\u00e1 la factura a las organizaciones o individuos responsables. El\u00a0<strong>Estado no va a pagar por el uso de la fuerza de seguridad, tendr\u00e1n que pagar las organizaciones\u00a0<\/strong>que tengan personer\u00eda o los individuos deber\u00e1n hacerse cargo.\u00a0\u00b7<\/li>\n<li>\u201cEn caso de tratarse de\u00a0<strong>extranjeros, se mandar\u00e1 la informaci\u00f3n a Migraciones<\/strong>\u201c.<\/li>\n<li>\u201cSe va a crear un\u00a0<strong>registro de las organizaciones que participan en estos hechos\u00a0<\/strong>y que sistem\u00e1ticamente hacen de voceros hacen de este tipo de manifestaciones.\u201d <strong>(VW)<\/strong><\/li>\n<\/ul>\n","protected":false},"excerpt":{"rendered":"<p>\u201cSin orden no hay libertad, y sin libertad no hay progreso\u201d, dijo Bullrich, y asegur\u00f3 que el Gobierno har\u00e1 cumplir la ley:\u00a0\u201cLa ley no se cumple a medias; se cumple o no se cumple\u201d.<\/p>\n","protected":false},"author":4,"featured_media":12986,"comment_status":"closed","ping_status":"closed","sticky":false,"template":"","format":"standard","meta":{"_monsterinsights_skip_tracking":false,"_monsterinsights_sitenote_active":false,"_monsterinsights_sitenote_note":"","_monsterinsights_sitenote_category":0,"footnotes":""},"categories":[4],"tags":[5391,529],"class_list":["post-12984","post","type-post","status-publish","format-standard","has-post-thumbnail","hentry","category-politica","tag-protocolo-de-bullrich","tag-seguridad"],"_links":{"self":[{"href":"https:\/\/www.visionweb.com.ar\/index.php?rest_route=\/wp\/v2\/posts\/12984","targetHints":{"allow":["GET"]}}],"collection":[{"href":"https:\/\/www.visionweb.com.ar\/index.php?rest_route=\/wp\/v2\/posts"}],"about":[{"href":"https:\/\/www.visionweb.com.ar\/index.php?rest_route=\/wp\/v2\/types\/post"}],"author":[{"embeddable":true,"href":"https:\/\/www.visionweb.com.ar\/index.php?rest_route=\/wp\/v2\/users\/4"}],"replies":[{"embeddable":true,"href":"https:\/\/www.visionweb.com.ar\/index.php?rest_route=%2Fwp%2Fv2%2Fcomments&post=12984"}],"version-history":[{"count":1,"href":"https:\/\/www.visionweb.com.ar\/index.php?rest_route=\/wp\/v2\/posts\/12984\/revisions"}],"predecessor-version":[{"id":12987,"href":"https:\/\/www.visionweb.com.ar\/index.php?rest_route=\/wp\/v2\/posts\/12984\/revisions\/12987"}],"wp:featuredmedia":[{"embeddable":true,"href":"https:\/\/www.visionweb.com.ar\/index.php?rest_route=\/wp\/v2\/media\/12986"}],"wp:attachment":[{"href":"https:\/\/www.visionweb.com.ar\/index.php?rest_route=%2Fwp%2Fv2%2Fmedia&parent=12984"}],"wp:term":[{"taxonomy":"category","embeddable":true,"href":"https:\/\/www.visionweb.com.ar\/index.php?rest_route=%2Fwp%2Fv2%2Fcategories&post=12984"},{"taxonomy":"post_tag","embeddable":true,"href":"https:\/\/www.visionweb.com.ar\/index.php?rest_route=%2Fwp%2Fv2%2Ftags&post=12984"}],"curies":[{"name":"wp","href":"https:\/\/api.w.org\/{rel}","templated":true}]}}