{"id":12981,"date":"2023-12-15T07:00:00","date_gmt":"2023-12-15T10:00:00","guid":{"rendered":"https:\/\/www.visionweb.com.ar\/?p=12981"},"modified":"2023-12-14T20:20:45","modified_gmt":"2023-12-14T23:20:45","slug":"supermercadistas-apoyan-a-comercio-interior-para-superar-la-crisis-que-atraviesa-el-pais","status":"publish","type":"post","link":"https:\/\/www.visionweb.com.ar\/?p=12981","title":{"rendered":"Supermercadistas apoyan a Comercio Interior para superar la crisis que atraviesa el pa\u00eds"},"content":{"rendered":"<p><em><strong>As\u00ed lo aseguraron los principales referentes del supermercadismo nacional en una reuni\u00f3n que mantuvieron este jueves con el responsable de Comercio Interior.<\/strong><\/em> <em><strong>Confeccionaran listas con precios muy convenientes para los consumidores. <\/strong><\/em>\u00a0\u00a0 \u00a0 <!--more--><\/p>\n<p><strong><img loading=\"lazy\" decoding=\"async\" class=\"size-medium wp-image-12982 alignright\" src=\"https:\/\/www.visionweb.com.ar\/wp-content\/uploads\/2023\/12\/SUPERMERCADISTAS-CON-BLANCO-MUINO-300x225.jpeg\" alt=\"\" width=\"300\" height=\"225\" srcset=\"https:\/\/www.visionweb.com.ar\/wp-content\/uploads\/2023\/12\/SUPERMERCADISTAS-CON-BLANCO-MUINO-300x225.jpeg 300w, https:\/\/www.visionweb.com.ar\/wp-content\/uploads\/2023\/12\/SUPERMERCADISTAS-CON-BLANCO-MUINO-320x240.jpeg 320w, https:\/\/www.visionweb.com.ar\/wp-content\/uploads\/2023\/12\/SUPERMERCADISTAS-CON-BLANCO-MUINO.jpeg 640w\" sizes=\"auto, (max-width: 300px) 100vw, 300px\" \/>L<\/strong>os principales referentes del supermercadismo argentino transmitieron este jueves <strong>su apoyo y colaboraci\u00f3n del sector para superar la dif\u00edcil situaci\u00f3n que est\u00e1 atravesando el pa\u00eds,<\/strong> privilegiando el compromiso de mantener, -en la medida de sus posibilidades- las fuentes de trabajo, en un encuentro que se realiz\u00f3 en la Subsecretar\u00eda de Defensa el consumidor y Lealtad comercial.<\/p>\n<p>El encuentro fue presidido por el titular del \u00e1rea y a cargo de Comercio Interior, \u00a0Fernando Blanco Mui\u00f1o, quien este jueves\u00a0 a los presidentes de la C\u00e1mara Argentina de Supermercados (CAS), Ricardo Zorz\u00f3n, y de la Federaci\u00f3n Argentina de Supermercados y Autoservicios (FASA), V\u00edctor Palpacelli, junto a Ricardo C\u00e1ceres y Marcelo Schvarzstein, directivos de ambas entidades.<\/p>\n<p>Luego de describir la situaci\u00f3n actual del mercado, caracterizada por aumentos generalizados de precios y dificultades de abastecimiento, se analiz\u00f3 la problem\u00e1tica de diversos sectores en particular y distintas posibilidades de actuaci\u00f3n para alcanzar soluciones espec\u00edficas en cada caso, dijeron desde las entidades, en un comunicado de prensa al que tuvo acceso<strong> www visionweb.com.ar<\/strong>.<\/p>\n<p>En ese marco, Blanco Mui\u00f1o, plante\u00f3 la forma en que funcionar\u00e1 la Secretar\u00eda de Comercio en la nueva administraci\u00f3n, a la vez que descart\u00f3 totalmente \u00abcualquier tipo de intervenci\u00f3n del organismo en la fijaci\u00f3n de precios o en el establecimiento de controles sobre las empresas del sector\u00bb.<\/p>\n<p>Al mismo tiempo, y ante la necesidad de ofrecer paliativos a los consumidores para que accedan a los productos de primera necesidad, <strong>\u00abse acord\u00f3 que los integrantes de CAS y FASA elaborar\u00e1n una lista de productos con precios muy convenientes, para ofrecerlos en las redes de todo el pa\u00eds\u00bb<\/strong>.<\/p>\n<p>Blanco Mui\u00f1o valor\u00f3 el compromiso de los integrantes de la Red S\u00faper Argentinos, muy especialmente por su car\u00e1cter eminentemente federal y por el alcance de la misma, ya que se encuentra tanto en las ciudades m\u00e1s importantes, como en los lugares m\u00e1s rec\u00f3nditos del pa\u00eds.<\/p>\n<p>Los supermercadistas y el funcionario acordaron mantenerse en permanente contacto <strong>para asegurar el normal abastecimiento de la poblaci\u00f3n, procurando alcanzar el normal funcionamiento del mercado a la mayor brevedad, en la medida que las variables econ\u00f3micas se vayan estabilizando.(VW\/NAP)<\/strong><\/p>\n","protected":false},"excerpt":{"rendered":"<p>As\u00ed lo aseguraron los principales referentes del supermercadismo nacional en una reuni\u00f3n que mantuvieron este jueves con el responsable de Comercio Interior. Confeccionaran listas con precios muy convenientes para los consumidores. \u00a0\u00a0 \u00a0<\/p>\n","protected":false},"author":3,"featured_media":12982,"comment_status":"closed","ping_status":"closed","sticky":false,"template":"","format":"standard","meta":{"_monsterinsights_skip_tracking":false,"_monsterinsights_sitenote_active":false,"_monsterinsights_sitenote_note":"","_monsterinsights_sitenote_category":0,"footnotes":""},"categories":[8],"tags":[1092,1284,47,1218],"class_list":["post-12981","post","type-post","status-publish","format-standard","has-post-thumbnail","hentry","category-interes-general","tag-interior","tag-lista","tag-precios","tag-supermercadistas"],"_links":{"self":[{"href":"https:\/\/www.visionweb.com.ar\/index.php?rest_route=\/wp\/v2\/posts\/12981","targetHints":{"allow":["GET"]}}],"collection":[{"href":"https:\/\/www.visionweb.com.ar\/index.php?rest_route=\/wp\/v2\/posts"}],"about":[{"href":"https:\/\/www.visionweb.com.ar\/index.php?rest_route=\/wp\/v2\/types\/post"}],"author":[{"embeddable":true,"href":"https:\/\/www.visionweb.com.ar\/index.php?rest_route=\/wp\/v2\/users\/3"}],"replies":[{"embeddable":true,"href":"https:\/\/www.visionweb.com.ar\/index.php?rest_route=%2Fwp%2Fv2%2Fcomments&post=12981"}],"version-history":[{"count":1,"href":"https:\/\/www.visionweb.com.ar\/index.php?rest_route=\/wp\/v2\/posts\/12981\/revisions"}],"predecessor-version":[{"id":12983,"href":"https:\/\/www.visionweb.com.ar\/index.php?rest_route=\/wp\/v2\/posts\/12981\/revisions\/12983"}],"wp:featuredmedia":[{"embeddable":true,"href":"https:\/\/www.visionweb.com.ar\/index.php?rest_route=\/wp\/v2\/media\/12982"}],"wp:attachment":[{"href":"https:\/\/www.visionweb.com.ar\/index.php?rest_route=%2Fwp%2Fv2%2Fmedia&parent=12981"}],"wp:term":[{"taxonomy":"category","embeddable":true,"href":"https:\/\/www.visionweb.com.ar\/index.php?rest_route=%2Fwp%2Fv2%2Fcategories&post=12981"},{"taxonomy":"post_tag","embeddable":true,"href":"https:\/\/www.visionweb.com.ar\/index.php?rest_route=%2Fwp%2Fv2%2Ftags&post=12981"}],"curies":[{"name":"wp","href":"https:\/\/api.w.org\/{rel}","templated":true}]}}