{"id":12979,"date":"2023-12-14T18:01:05","date_gmt":"2023-12-14T21:01:05","guid":{"rendered":"https:\/\/www.visionweb.com.ar\/?p=12979"},"modified":"2023-12-14T18:01:05","modified_gmt":"2023-12-14T21:01:05","slug":"cgera-solicita-que-la-nacionalizacion-se-rijan-por-el-dolar-vigente-al-momento-realizar-la-importacion","status":"publish","type":"post","link":"https:\/\/www.visionweb.com.ar\/?p=12979","title":{"rendered":"CGERA solicita que la nacionalizaci\u00f3n se rijan por el d\u00f3lar vigente al momento realizar la importaci\u00f3n"},"content":{"rendered":"<p><strong><em>Adem\u00e1s, la entidad empresaria pidi\u00f3 avanzar con el proyecto que permite usar d\u00f3lares propios para el pago de futuras o anteriores importaciones.<\/em><\/strong><!--more--><\/p>\n<p><img loading=\"lazy\" decoding=\"async\" class=\"size-medium wp-image-7939 alignright\" src=\"https:\/\/www.visionweb.com.ar\/wp-content\/uploads\/2022\/10\/INDUSTRIAS-PYMES-300x168.png\" alt=\"\" width=\"300\" height=\"168\" srcset=\"https:\/\/www.visionweb.com.ar\/wp-content\/uploads\/2022\/10\/INDUSTRIAS-PYMES-300x168.png 300w, https:\/\/www.visionweb.com.ar\/wp-content\/uploads\/2022\/10\/INDUSTRIAS-PYMES.png 640w\" sizes=\"auto, (max-width: 300px) 100vw, 300px\" \/>A trav\u00e9s de una carta dirigida al ministro de Econom\u00eda, Luis Caputo, la Confederaci\u00f3n General Empresaria de la Rep\u00fablica Argentina (CGERA), solicit\u00f3 este mi\u00e9rcoles que las compras al exterior extra zona Mercosur se realicen al tipo de cambio del momento en que se realiz\u00f3 la importaci\u00f3n o arribo a puerto.<\/p>\n<p>Tras el anuncio del paquete de emergencia econ\u00f3mica realizado por el titular del Palacio de Hacienda, la CGERA remarc\u00f3 que los empresarios y empresarias comprenden \u201clas medidas de sinceramiento cambiario y la necesidad de contener la inflaci\u00f3n pero queremos solicitarle que eval\u00fae la posibilidad que el impuesto pa\u00eds, los locales y los correspondientes a las importaciones extra zona Mercosur, sean al tipo de cambio de efectuada la importaci\u00f3n, el arribo a puerto u otras consideraciones que se puedan efectuar\u201d.<\/p>\n<p>En esta l\u00ednea, a trav\u00e9s de un escrito dirigido a Caputo, la entidad empresaria hizo hincapi\u00e9 en que esta medida permitir\u00eda \u201cmenguar el efecto devaluatorio que han tenido esas importaciones para los costos futuros\u201d.<\/p>\n<p>Adem\u00e1s, desde la entidad se aclar\u00f3 que el pedido es \u201cpara insumos industriales a los que se les agrega valor y no para productos terminados\u201d.<\/p>\n<p>Asimismo, CGERA reiter\u00f3 la importancia de avanzar en la propuesta desarrollada por la entidad y presentada ante la gesti\u00f3n anterior vinculada al uso de d\u00f3lares propios por parte de la Industria para el pago de futuras o anteriores importaciones.<\/p>\n<p>En este sentido, CGERA indic\u00f3 que la medida \u201ccolaborar\u00eda con la acumulaci\u00f3n de reservas ya que entrar\u00eda exportaciones y no saldr\u00edan por importaciones\u201d<strong>(VW)<\/strong>.<\/p>\n","protected":false},"excerpt":{"rendered":"<p>Adem\u00e1s, la entidad empresaria pidi\u00f3 avanzar con el proyecto que permite usar d\u00f3lares propios para el pago de futuras o anteriores importaciones.<\/p>\n","protected":false},"author":3,"featured_media":7939,"comment_status":"closed","ping_status":"closed","sticky":false,"template":"","format":"standard","meta":{"_monsterinsights_skip_tracking":false,"_monsterinsights_sitenote_active":false,"_monsterinsights_sitenote_note":"","_monsterinsights_sitenote_category":0,"footnotes":""},"categories":[749],"tags":[563,5390,117,4931],"class_list":["post-12979","post","type-post","status-publish","format-standard","has-post-thumbnail","hentry","category-pymes","tag-cgera","tag-desregulacion","tag-importaciones","tag-pago"],"_links":{"self":[{"href":"https:\/\/www.visionweb.com.ar\/index.php?rest_route=\/wp\/v2\/posts\/12979","targetHints":{"allow":["GET"]}}],"collection":[{"href":"https:\/\/www.visionweb.com.ar\/index.php?rest_route=\/wp\/v2\/posts"}],"about":[{"href":"https:\/\/www.visionweb.com.ar\/index.php?rest_route=\/wp\/v2\/types\/post"}],"author":[{"embeddable":true,"href":"https:\/\/www.visionweb.com.ar\/index.php?rest_route=\/wp\/v2\/users\/3"}],"replies":[{"embeddable":true,"href":"https:\/\/www.visionweb.com.ar\/index.php?rest_route=%2Fwp%2Fv2%2Fcomments&post=12979"}],"version-history":[{"count":1,"href":"https:\/\/www.visionweb.com.ar\/index.php?rest_route=\/wp\/v2\/posts\/12979\/revisions"}],"predecessor-version":[{"id":12980,"href":"https:\/\/www.visionweb.com.ar\/index.php?rest_route=\/wp\/v2\/posts\/12979\/revisions\/12980"}],"wp:featuredmedia":[{"embeddable":true,"href":"https:\/\/www.visionweb.com.ar\/index.php?rest_route=\/wp\/v2\/media\/7939"}],"wp:attachment":[{"href":"https:\/\/www.visionweb.com.ar\/index.php?rest_route=%2Fwp%2Fv2%2Fmedia&parent=12979"}],"wp:term":[{"taxonomy":"category","embeddable":true,"href":"https:\/\/www.visionweb.com.ar\/index.php?rest_route=%2Fwp%2Fv2%2Fcategories&post=12979"},{"taxonomy":"post_tag","embeddable":true,"href":"https:\/\/www.visionweb.com.ar\/index.php?rest_route=%2Fwp%2Fv2%2Ftags&post=12979"}],"curies":[{"name":"wp","href":"https:\/\/api.w.org\/{rel}","templated":true}]}}