{"id":12974,"date":"2023-12-14T12:36:36","date_gmt":"2023-12-14T15:36:36","guid":{"rendered":"https:\/\/www.visionweb.com.ar\/?p=12974"},"modified":"2023-12-14T12:36:36","modified_gmt":"2023-12-14T15:36:36","slug":"la-gestion-de-milei-promete-una-nueva-formula-para-el-ajuste-de-los-haberes-jubilatorios","status":"publish","type":"post","link":"https:\/\/www.visionweb.com.ar\/?p=12974","title":{"rendered":"La gesti\u00f3n de Milei promete una nueva f\u00f3rmula para el ajuste de los haberes jubilatorios"},"content":{"rendered":"<p><strong><em>As\u00ed lo afirm\u00f3 anoche el ministro Luis Caputo en declaraciones al programa de televisi\u00f3n a dos voces.Se dejar\u00e1 de lado la f\u00f3rmula establecida por Alberto Fern\u00e1ndez.<\/em><\/strong><!--more--><\/p>\n<div id=\"attachment_12975\" style=\"width: 310px\" class=\"wp-caption alignright\"><img loading=\"lazy\" decoding=\"async\" aria-describedby=\"caption-attachment-12975\" class=\"wp-image-12975 size-medium\" src=\"https:\/\/www.visionweb.com.ar\/wp-content\/uploads\/2023\/12\/CAPUTO-300x169.png\" alt=\"\" width=\"300\" height=\"169\" srcset=\"https:\/\/www.visionweb.com.ar\/wp-content\/uploads\/2023\/12\/CAPUTO-300x169.png 300w, https:\/\/www.visionweb.com.ar\/wp-content\/uploads\/2023\/12\/CAPUTO.png 640w\" sizes=\"auto, (max-width: 300px) 100vw, 300px\" \/><p id=\"caption-attachment-12975\" class=\"wp-caption-text\"><em><strong>Ministro de Econom\u00eda Luis Caputo (Imagen: TN)<\/strong><\/em><\/p><\/div>\n<p><strong>E<\/strong>l ministro de Econom\u00eda, Luis Caputo, anticip\u00f3 este mi\u00e9rcoles que se buscar\u00e1 una nueva f\u00f3rmula de movilidad jubilatoria porque \u201ccon la f\u00f3rmula actual, <strong>los jubilados cobrar\u00edan entre 25% y 40% menos que la inflaci\u00f3n\u201d.<\/strong><\/p>\n<p>En declaraciones al programa \u201cA Dos Voces\u201d que se emite por la se\u00f1al TN, el ministro enfatiz\u00f3 que\u00a0\u201cla f\u00f3rmula jubilatoria actual no funciona\u201d\u00a0y asegur\u00f3 que se buscar\u00e1\u00a0\u201cuna nueva f\u00f3rmula\u201d.<\/p>\n<p>Caputo remarc\u00f3 que\u00a0\u201cla inflaci\u00f3n va a ser m\u00e1s alta que en noviembre, <strong>por eso los jubilados van a cobrar m\u00e1s que con la f\u00f3rmula actual\u201d.<\/strong><\/p>\n<p>Por otra parte, el ministro destac\u00f3: \u201cLo que tenemos que hacer es<strong> poner las cuentas en orden porque la g\u00e9nesis del problema es fiscal,<\/strong> porque gastamos m\u00e1s de lo que recaudamos y creo que la gente lo entendi\u00f3. La gente entendi\u00f3 el problema, el Presidente Milei explic\u00f3 estas cosas durante a\u00f1os y la gente lo vot\u00f3\u201d.<\/p>\n<p>En relaci\u00f3n con el recorte de subsidios, Caputo, afirm\u00f3 que <strong>\u201clos que menos tienen subsidian al resto, a los que m\u00e1s tienen, pero ahora se empezar\u00e1 a subsidiar la demanda. Se va a ayudar al que menos tiene y se implementar\u00e1n las modificaciones en febrero si se llega a tiempo con las audiencias\u201d.<\/strong><\/p>\n<p>Sobre las paritarias, el ministro de Econom\u00eda\u00a0 sostuvo: \u201cEstoy a favor de que cada uno negocie su salario pero estamos muy lejos de ese escenario\u201d.<\/p>\n<p>Por otra parte, el ministro evalu\u00f3 como muy positiva la reducci\u00f3n de la brecha cambiaria entre los d\u00f3lares financieros y el d\u00f3lar oficial y se\u00f1al\u00f3 que \u201cest\u00e1 en los m\u00ednimos de los \u00faltimos cuatro a\u00f1os\u201d.<\/p>\n<p>\u201cLa primera reacci\u00f3n de los mercados fue muy buena porque se dio en un contexto en una baja de la tasa de inter\u00e9s en un contexto en la cual el mercado sabe que lo que se viene es una mayor inflaci\u00f3n. El mercado le cree al programa y lo que hay que confiar es que estamos haciendo las cosas correctas\u201d, dijo Caputo.<\/p>\n<p>El jefe del Palacio de Hacienda manifest\u00f3 que \u201ces un programa de estabilizaci\u00f3n de manual.\u00a0Shock fiscal, shock cambiario y una pol\u00edtica monetaria cre\u00edble y los mercados confiaron\u201d.<\/p>\n<p>\u201cEstamos evitando una cat\u00e1strofe, y lo que estamos haciendo es lo \u00fanico y lo mejor que se puede hacer. Esta vez el esfuerzo que va a hacer la gente, va a rendir frutos\u201c, defini\u00f3.<\/p>\n<p>En relaci\u00f3n con la vuelta a la aplicaci\u00f3n del Impuesto a las Ganancias sobre los trabajadores en relaci\u00f3n de dependencia, Caputo revel\u00f3 que\u00a0\u201clas provincias son las m\u00e1s interesadas en la reversi\u00f3n de ganancias\u201c.<\/p>\n<p>\u201cLas medidas son transitorias y los impuestos no se van a quedar a vivir\u201d, especific\u00f3 Caputo.<\/p>\n<p>Luego el ministro sali\u00f3 al cruce de las declaraciaones de dirigentes sindicales quienes hab\u00edan anticipado algunas medidas de protesta y dijo:\u00a0\u201cNo hubo manifestaciones en cuatro a\u00f1os y ahora hacen marchas preventivas\u201d.<\/p>\n<p>En relaci\u00f3n con la deuda acumulada con los importadores por el gobierno anterior, el ministro explic\u00f3 que \u201ces de unos 55 mil millones, pero de ese monto unos 25 mil millones es el flujo normal. Sin embargo,\u00a0hay esos 30.000 millones de d\u00f3lares de remanente, que es mucho. Hay muchas de esas importaciones que no son genuinas y vamos a revisarlo. El flujo de importaciones se va a normalizar y no van a faltar insumos\u201d.<\/p>\n<p>Finalmente, y\u00a0respecto del\u00a0incremento en el precio de los combustibles,\u00a0Caputo sostuvo que\u00a0\u201cel aumento de la nafta refleja la zoncera de hacerle creer a la gente que los precios son la decisi\u00f3n de un funcionario. Va a haber un sendero de ajuste de precios donde los aumentos van a ser menores en los pr\u00f3ximos meses\u201c.<\/p>\n","protected":false},"excerpt":{"rendered":"<p>As\u00ed lo afirm\u00f3 anoche el ministro Luis Caputo en declaraciones al programa de televisi\u00f3n a dos voces.Se dejar\u00e1 de lado la f\u00f3rmula establecida por Alberto Fern\u00e1ndez.<\/p>\n","protected":false},"author":3,"featured_media":12975,"comment_status":"closed","ping_status":"closed","sticky":false,"template":"","format":"standard","meta":{"_monsterinsights_skip_tracking":false,"_monsterinsights_sitenote_active":false,"_monsterinsights_sitenote_note":"","_monsterinsights_sitenote_category":0,"footnotes":""},"categories":[6,8],"tags":[5389,479,478],"class_list":["post-12974","post","type-post","status-publish","format-standard","has-post-thumbnail","hentry","category-economia","category-interes-general","tag-caputo","tag-formula","tag-jubilaciones"],"_links":{"self":[{"href":"https:\/\/www.visionweb.com.ar\/index.php?rest_route=\/wp\/v2\/posts\/12974","targetHints":{"allow":["GET"]}}],"collection":[{"href":"https:\/\/www.visionweb.com.ar\/index.php?rest_route=\/wp\/v2\/posts"}],"about":[{"href":"https:\/\/www.visionweb.com.ar\/index.php?rest_route=\/wp\/v2\/types\/post"}],"author":[{"embeddable":true,"href":"https:\/\/www.visionweb.com.ar\/index.php?rest_route=\/wp\/v2\/users\/3"}],"replies":[{"embeddable":true,"href":"https:\/\/www.visionweb.com.ar\/index.php?rest_route=%2Fwp%2Fv2%2Fcomments&post=12974"}],"version-history":[{"count":1,"href":"https:\/\/www.visionweb.com.ar\/index.php?rest_route=\/wp\/v2\/posts\/12974\/revisions"}],"predecessor-version":[{"id":12976,"href":"https:\/\/www.visionweb.com.ar\/index.php?rest_route=\/wp\/v2\/posts\/12974\/revisions\/12976"}],"wp:featuredmedia":[{"embeddable":true,"href":"https:\/\/www.visionweb.com.ar\/index.php?rest_route=\/wp\/v2\/media\/12975"}],"wp:attachment":[{"href":"https:\/\/www.visionweb.com.ar\/index.php?rest_route=%2Fwp%2Fv2%2Fmedia&parent=12974"}],"wp:term":[{"taxonomy":"category","embeddable":true,"href":"https:\/\/www.visionweb.com.ar\/index.php?rest_route=%2Fwp%2Fv2%2Fcategories&post=12974"},{"taxonomy":"post_tag","embeddable":true,"href":"https:\/\/www.visionweb.com.ar\/index.php?rest_route=%2Fwp%2Fv2%2Ftags&post=12974"}],"curies":[{"name":"wp","href":"https:\/\/api.w.org\/{rel}","templated":true}]}}