{"id":12968,"date":"2023-12-14T12:07:01","date_gmt":"2023-12-14T15:07:01","guid":{"rendered":"https:\/\/www.visionweb.com.ar\/?p=12968"},"modified":"2023-12-14T12:13:34","modified_gmt":"2023-12-14T15:13:34","slug":"el-gobierno-bonaerense-designo-a-los-nuevos-jefes-policiales","status":"publish","type":"post","link":"https:\/\/www.visionweb.com.ar\/?p=12968","title":{"rendered":"El gobierno bonaerense designo a los nuevos jefes policiales"},"content":{"rendered":"<p><strong><em>Los comisarios Villar y Cisneros son los jefes provisorios de la Polic\u00eda Bonaerense. Fueron nombrados \u00abde manera excepcional, con car\u00e1cter ad honorem\u00bb.<\/em><\/strong><!--more--><\/p>\n<p><strong><img loading=\"lazy\" decoding=\"async\" class=\"size-medium wp-image-12969 alignleft\" src=\"https:\/\/www.visionweb.com.ar\/wp-content\/uploads\/2023\/12\/Ministerio-de-Segurifafv-Buenos-Airers-300x225.jpg\" alt=\"\" width=\"300\" height=\"225\" srcset=\"https:\/\/www.visionweb.com.ar\/wp-content\/uploads\/2023\/12\/Ministerio-de-Segurifafv-Buenos-Airers-300x225.jpg 300w, https:\/\/www.visionweb.com.ar\/wp-content\/uploads\/2023\/12\/Ministerio-de-Segurifafv-Buenos-Airers-320x240.jpg 320w, https:\/\/www.visionweb.com.ar\/wp-content\/uploads\/2023\/12\/Ministerio-de-Segurifafv-Buenos-Airers.jpg 640w\" sizes=\"auto, (max-width: 300px) 100vw, 300px\" \/>E<\/strong>l Gobierno bonaerense design\u00f3 a los comisarios generales Javier Carlos Villar y H\u00e9ctor Conrado Cisneros como jefe y subjefe de la Polic\u00eda de la provincia de Buenos Aires, a partir de una resoluci\u00f3n del Ministerio de Seguridad firmada por Javier Alonso, el nuevo titular de la cartera, tras la salida de Sergio Berni.<\/p>\n<p>Villar asumir\u00e1 en reemplazo de Daniel Garc\u00eda, quien fue pasado a retiro por el ahora ex ministro -que hoy encabeza la escuela Vucetich de cadetes- luego de un pedido de Garc\u00eda mismo concedido a fines de la semana pasada. Los mismos pasos sigui\u00f3 su segundo, Jorge Figini.<\/p>\n<p>La designaci\u00f2n de los jefes polciales se hizo efectiva con la publicaci\u00f3n en el Bolet\u00edn Oficial de la\u00a0 Resoluci\u00f3n 2\/2023 que anunci\u00f3 las designaciones de los nuevos jefes policiales detalla que asumen \u201cde manera excepcional, con car\u00e1cter ad honorem, y hasta tanto se designe jefe y subjefe de Polic\u00eda\u201d, afirm\u00f3 la agencia T\u00e9lam.<\/p>\n<p>Villar estaba a cargo la Superintendencia de la Regi\u00f3n AMBA Sur I, que incluye las Estaciones de Polic\u00eda Departamental de Seguridad de los municipios de Avellaneda, Lan\u00fas, Quilmes, Berazategui y Florencio Varela.<\/p>\n<p>Cisneros, en tanto, hizo los \u00faltimos a\u00f1os de su carrera en el \u00e1rea de Investigaciones, y era el titular de la Superintendencia de Investigaciones en Funci\u00f3n Judicial. De \u00e9l depend\u00edan todas las Delegaciones Departamentales de Investigaciones de la fuerza de seguridad bonaerense, un cargo clave en la articulaci\u00f3n con la Justicia para causas complejas.<\/p>\n<p>Como principales tareas, seg\u00fan los puntos enumerados en el sitio del Ministerio de Seguridad, tendr\u00e1n que \u201cejercer la coordinaci\u00f3n estrat\u00e9gica, direcci\u00f3n, control y supervisi\u00f3n de la actividad operativa de las Polic\u00edas de la Provincia de Buenos Aires, para asegurar la implementaci\u00f3n de las pol\u00edticas dise\u00f1adas por cartera provincial;\u00a0 como \u201csupervisar, controlar y coordinar el desenvolvimiento de la totalidad de los sectores policiales\u201d e \u201cintervenir, de acuerdo a las instrucciones generales y particulares que imparta el Ministerio de Seguridad, en todas las cuestiones vinculadas con el movimiento, situaci\u00f3n de revista y distribuci\u00f3n del personal de las Polic\u00edas de la Provincia de Buenos Aires\u201d, indic\u00f3 la Resoluci\u00f3n.<\/p>\n<p>Es mi\u00e9rcoles, Alonso \u2013 ex subsecretario de Formaci\u00f3n y Desarrollo Profesional del Ministerio de Seguridad-, jur\u00f3 como nuevo titular de la cartera.<\/p>\n<p>En tanto, Berni asumi\u00f3 como senador bonaerense y como rector del Instituto Universitario Juan Vucetich, tal como hab\u00eda sido anunciado en un organigrama difundido por el Gobierno de Axel Kicillof<strong>(VW).<\/strong><\/p>\n","protected":false},"excerpt":{"rendered":"<p>Los comisarios Villar y Cisneros son los jefes provisorios de la Polic\u00eda Bonaerense. Fueron nombrados \u00abde manera excepcional, con car\u00e1cter ad honorem\u00bb.<\/p>\n","protected":false},"author":3,"featured_media":12969,"comment_status":"closed","ping_status":"closed","sticky":false,"template":"","format":"standard","meta":{"_monsterinsights_skip_tracking":false,"_monsterinsights_sitenote_active":false,"_monsterinsights_sitenote_note":"","_monsterinsights_sitenote_category":0,"footnotes":""},"categories":[8,4],"tags":[552,5388,5387,1736],"class_list":["post-12968","post","type-post","status-publish","format-standard","has-post-thumbnail","hentry","category-interes-general","category-politica","tag-buenos-aires","tag-designacion","tag-jefes","tag-policia"],"_links":{"self":[{"href":"https:\/\/www.visionweb.com.ar\/index.php?rest_route=\/wp\/v2\/posts\/12968","targetHints":{"allow":["GET"]}}],"collection":[{"href":"https:\/\/www.visionweb.com.ar\/index.php?rest_route=\/wp\/v2\/posts"}],"about":[{"href":"https:\/\/www.visionweb.com.ar\/index.php?rest_route=\/wp\/v2\/types\/post"}],"author":[{"embeddable":true,"href":"https:\/\/www.visionweb.com.ar\/index.php?rest_route=\/wp\/v2\/users\/3"}],"replies":[{"embeddable":true,"href":"https:\/\/www.visionweb.com.ar\/index.php?rest_route=%2Fwp%2Fv2%2Fcomments&post=12968"}],"version-history":[{"count":4,"href":"https:\/\/www.visionweb.com.ar\/index.php?rest_route=\/wp\/v2\/posts\/12968\/revisions"}],"predecessor-version":[{"id":12973,"href":"https:\/\/www.visionweb.com.ar\/index.php?rest_route=\/wp\/v2\/posts\/12968\/revisions\/12973"}],"wp:featuredmedia":[{"embeddable":true,"href":"https:\/\/www.visionweb.com.ar\/index.php?rest_route=\/wp\/v2\/media\/12969"}],"wp:attachment":[{"href":"https:\/\/www.visionweb.com.ar\/index.php?rest_route=%2Fwp%2Fv2%2Fmedia&parent=12968"}],"wp:term":[{"taxonomy":"category","embeddable":true,"href":"https:\/\/www.visionweb.com.ar\/index.php?rest_route=%2Fwp%2Fv2%2Fcategories&post=12968"},{"taxonomy":"post_tag","embeddable":true,"href":"https:\/\/www.visionweb.com.ar\/index.php?rest_route=%2Fwp%2Fv2%2Ftags&post=12968"}],"curies":[{"name":"wp","href":"https:\/\/api.w.org\/{rel}","templated":true}]}}