{"id":12961,"date":"2023-12-14T09:40:30","date_gmt":"2023-12-14T12:40:30","guid":{"rendered":"https:\/\/www.visionweb.com.ar\/?p=12961"},"modified":"2023-12-14T13:22:19","modified_gmt":"2023-12-14T16:22:19","slug":"diego-kravetz-encabezara-la-nueva-cupula-de-la-policia-portena","status":"publish","type":"post","link":"https:\/\/www.visionweb.com.ar\/?p=12961","title":{"rendered":"Diego Kravetz encabezar\u00e1 la nueva c\u00fapula de la Polic\u00eda porte\u00f1a"},"content":{"rendered":"<p><em><strong>Ser\u00e1 el civil a cargo de la polic\u00eda de Caba. Lo anunci\u00f3 ayer el Jefe de Gobierno Jorge Macri.<\/strong><\/em><!--more--><\/p>\n<div id=\"attachment_12962\" style=\"width: 310px\" class=\"wp-caption alignright\"><img loading=\"lazy\" decoding=\"async\" aria-describedby=\"caption-attachment-12962\" class=\"wp-image-12962 size-medium\" src=\"https:\/\/www.visionweb.com.ar\/wp-content\/uploads\/2023\/12\/Kravetz-macri-wolf-300x227.png\" alt=\"\" width=\"300\" height=\"227\" srcset=\"https:\/\/www.visionweb.com.ar\/wp-content\/uploads\/2023\/12\/Kravetz-macri-wolf-300x227.png 300w, https:\/\/www.visionweb.com.ar\/wp-content\/uploads\/2023\/12\/Kravetz-macri-wolf.png 459w\" sizes=\"auto, (max-width: 300px) 100vw, 300px\" \/><p id=\"caption-attachment-12962\" class=\"wp-caption-text\">Jorge Macri, Waldo Wolf y Diego Kravetz. Foto: X @diegokravetz<\/p><\/div>\n<p><strong>\u00a0\u00a0 E<\/strong>l jefe de Gobierno de la Ciudad de Buenos Aires, <strong>Jorge Macri<\/strong>, anunci\u00f3 l<strong>a nueva c\u00fapula de la Polic\u00eda porte\u00f1a que ser\u00e1 encabezada por el ex intendente interino y candidato a jefe comunal de Lan\u00fas, Diego Kravetz<\/strong>, acompa\u00f1ado por el comisario general Oscar Antonio Passi.<\/p>\n<p>De esta manera,<strong> Kravetz ser\u00e1 el civil a cargo de la polic\u00eda porte\u00f1a<\/strong>: \u201cEsta pol\u00edtica apunta a estar cerca de una Polic\u00eda que va a trabajar con firmeza y decisi\u00f3n para hacer cumplir la ley en la calle\u201d, subray\u00f3 Macri.<\/p>\n<p>\u201cEs un gesto de compromiso con nuestra Polic\u00eda para que\u00a0<strong>sepan que no nos corremos de la responsabilidad de dar seguridad y que estamos para acompa\u00f1arlos en primera persona.<\/strong>\u00a0Nos hacemos cargo de esa responsabilidad\u201d, agreg\u00f3 el jefe de Gobierno.<\/p>\n<p>Por su parte, Kravetz subray\u00f3 que es \u201cun\u00a0<strong>honor y un orgullo estar al frente de una de las mejores fuerzas policiales del pa\u00eds\u00a0<\/strong>y el continente\u201d.<\/p>\n<p>\u201cEs un honor y un orgullo que el Jefe de Gobierno, <a href=\"https:\/\/twitter.com\/jorgemacri\">@jorgemacri<\/a> y el Ministro de Seguridad <a href=\"https:\/\/twitter.com\/WolffWaldo\">@WolffWaldo<\/a>, me hayan convocado para ser el Jefe de la mejor fuerza policial del pa\u00eds\u201d, escribi\u00f3 \u00a0Kravetz en su red social <strong>X<\/strong>.<\/p>\n<p>En la presentaci\u00f3n, realizada ayer, Jorge Macri destac\u00f3: \u201cEnfrentamos muchos desaf\u00edos, que van a\u00a0<strong>requerir m\u00e1s que nunca la valent\u00eda, la disciplina y el profesionalismo que caracteriza a la Polic\u00eda de la Ciudad.\u00a0<\/strong>Sobre todo, tenemos que construir una ciudad a\u00fan m\u00e1s segura y <strong>recuperar el orden p\u00fablico<\/strong>, que hoy es la principal demanda de los vecinos y nosotros estamos ac\u00e1 para terminar con el caos de la calle\u201d.<\/p>\n<p>Cabe recordar, que Diego Kravetz particip\u00f3 como intendente interino de Lan\u00fas durante la licencia del ahora jefe de Gabinete porte\u00f1o, N\u00e9stor Grindetti, mientras se postul\u00f3 a la gobernaci\u00f3n bonaerense, al tiempo que\u00a0<strong>Kravetz se present\u00f3 como candidato a jefe comunal en las \u00faltimas elecciones y fue derrotado por Juli\u00e1n \u00c1lvarez,<\/strong>\u00a0el candidato de Uni\u00f3n por la Patria (UxP).<\/p>\n<p>Tras la derrota de octubre,\u00a0<strong>Kravetz y Grindetti fueron reclutados por Jorge Macri, como viceministro de Seguridad porte\u00f1o y jefe de Gabinete respectivamente<\/strong>.<\/p>\n<p>En ese sentido, Macri puso a Kravetz como segundo de Waldo Wolf para el \u00e1rea de seguridad de la Ciudad. <strong>(VW)<\/strong><\/p>\n","protected":false},"excerpt":{"rendered":"<p>Ser\u00e1 el civil a cargo de la polic\u00eda de Caba. Lo anunci\u00f3 ayer el Jefe de Gobierno Jorge Macri.<\/p>\n","protected":false},"author":4,"featured_media":12977,"comment_status":"closed","ping_status":"closed","sticky":false,"template":"","format":"standard","meta":{"_monsterinsights_skip_tracking":false,"_monsterinsights_sitenote_active":false,"_monsterinsights_sitenote_note":"","_monsterinsights_sitenote_category":0,"footnotes":""},"categories":[4],"tags":[330,3991,5386,5263],"class_list":["post-12961","post","type-post","status-publish","format-standard","has-post-thumbnail","hentry","category-politica","tag-caba","tag-diego-kravetz","tag-jefe-de-policia-portena","tag-jorge-macri"],"_links":{"self":[{"href":"https:\/\/www.visionweb.com.ar\/index.php?rest_route=\/wp\/v2\/posts\/12961","targetHints":{"allow":["GET"]}}],"collection":[{"href":"https:\/\/www.visionweb.com.ar\/index.php?rest_route=\/wp\/v2\/posts"}],"about":[{"href":"https:\/\/www.visionweb.com.ar\/index.php?rest_route=\/wp\/v2\/types\/post"}],"author":[{"embeddable":true,"href":"https:\/\/www.visionweb.com.ar\/index.php?rest_route=\/wp\/v2\/users\/4"}],"replies":[{"embeddable":true,"href":"https:\/\/www.visionweb.com.ar\/index.php?rest_route=%2Fwp%2Fv2%2Fcomments&post=12961"}],"version-history":[{"count":2,"href":"https:\/\/www.visionweb.com.ar\/index.php?rest_route=\/wp\/v2\/posts\/12961\/revisions"}],"predecessor-version":[{"id":12964,"href":"https:\/\/www.visionweb.com.ar\/index.php?rest_route=\/wp\/v2\/posts\/12961\/revisions\/12964"}],"wp:featuredmedia":[{"embeddable":true,"href":"https:\/\/www.visionweb.com.ar\/index.php?rest_route=\/wp\/v2\/media\/12977"}],"wp:attachment":[{"href":"https:\/\/www.visionweb.com.ar\/index.php?rest_route=%2Fwp%2Fv2%2Fmedia&parent=12961"}],"wp:term":[{"taxonomy":"category","embeddable":true,"href":"https:\/\/www.visionweb.com.ar\/index.php?rest_route=%2Fwp%2Fv2%2Fcategories&post=12961"},{"taxonomy":"post_tag","embeddable":true,"href":"https:\/\/www.visionweb.com.ar\/index.php?rest_route=%2Fwp%2Fv2%2Ftags&post=12961"}],"curies":[{"name":"wp","href":"https:\/\/api.w.org\/{rel}","templated":true}]}}