{"id":12950,"date":"2023-12-13T13:52:27","date_gmt":"2023-12-13T16:52:27","guid":{"rendered":"https:\/\/www.visionweb.com.ar\/?p=12950"},"modified":"2023-12-13T13:55:13","modified_gmt":"2023-12-13T16:55:13","slug":"ate-bonaerense-pidio-la-inmediata-reapertura-de-las-paritarias","status":"publish","type":"post","link":"https:\/\/www.visionweb.com.ar\/?p=12950","title":{"rendered":"ATE bonaerense pidi\u00f3 la inmediata reapertura de las paritarias"},"content":{"rendered":"<p><strong><em>Calificaron a los anuncios del ministro Caputo como un \u00abbrutal ajuste\u00bb.\u00a0El Consejo Directivo Provincial de ATE provincia de Buenos Aires realiz\u00f3 una presentaci\u00f3n formal ante el Ministerio de Trabajo bonaerense.<\/em><\/strong><!--more--><\/p>\n<p><strong><img loading=\"lazy\" decoding=\"async\" class=\"size-medium wp-image-5354 alignright\" src=\"https:\/\/www.visionweb.com.ar\/wp-content\/uploads\/2022\/04\/PARITARIAS-300x198.png\" alt=\"\" width=\"300\" height=\"198\" srcset=\"https:\/\/www.visionweb.com.ar\/wp-content\/uploads\/2022\/04\/PARITARIAS-300x198.png 300w, https:\/\/www.visionweb.com.ar\/wp-content\/uploads\/2022\/04\/PARITARIAS-768x506.png 768w, https:\/\/www.visionweb.com.ar\/wp-content\/uploads\/2022\/04\/PARITARIAS.png 800w\" sizes=\"auto, (max-width: 300px) 100vw, 300px\" \/>E<\/strong>n el marco del cierre de a\u00f1o y los recientes anuncios del Gobierno de Javier Milei, ATE bonaerense solicit\u00f3 la reapertura de las paritarias.<\/p>\n<p>El Consejo Directivo Provincial de ATE provincia de Buenos Aires realiz\u00f3 una presentaci\u00f3n formal ante el Ministerio de Trabajo bonaerense con el objetivo de solicitar la reapertura paritaria.<\/p>\n<p>\u201cAnte un escenario complejo a nivel nacional, donde el presidente Javier Milei anuncia un brutal ajuste para el tiempo que viene, es necesario continuar en la provincia de Buenos Aires por el camino de la reparaci\u00f3n de derechos y sostenimiento de nuestro salario\u201d, se\u00f1ala ATE bonaerense en un comunicado de prensa.<\/p>\n<p>Y advierte: \u201cSabemos que el ajuste nacional, impone un escenario muy dif\u00edcil para nuestra provincia en materia de recursos, pero no dudamos que se har\u00e1n los mayores esfuerzos desde la gesti\u00f3n provincial, para continuar con dicho sendero\u201d.<\/p>\n<p>Por otra parte, se inst\u00f3 a la convocatoria para este mes de la mesa t\u00e9cnica de Auxiliares de Educaci\u00f3n, de Salud, del Organismo Provincial de Ni\u00f1ez y Adolescencia, entre otras, tal como lo hab\u00edan acordado en la \u00faltima instancia paritaria.<\/p>\n<p>Por \u00faltimo, se solicit\u00f3 que se dicte el nuevo decreto que concreta el nuevo Reglamento Unificado de Concurso para todos los estatales de la provincia<strong>(VW)<\/strong>.<\/p>\n","protected":false},"excerpt":{"rendered":"<p>Calificaron a los anuncios del ministro Caputo como un \u00abbrutal ajuste\u00bb.\u00a0El Consejo Directivo Provincial de ATE provincia de Buenos Aires realiz\u00f3 una presentaci\u00f3n formal ante el Ministerio de Trabajo bonaerense.<\/p>\n","protected":false},"author":3,"featured_media":5354,"comment_status":"closed","ping_status":"closed","sticky":false,"template":"","format":"standard","meta":{"_monsterinsights_skip_tracking":false,"_monsterinsights_sitenote_active":false,"_monsterinsights_sitenote_note":"","_monsterinsights_sitenote_category":0,"footnotes":""},"categories":[4],"tags":[],"class_list":["post-12950","post","type-post","status-publish","format-standard","has-post-thumbnail","hentry","category-politica"],"_links":{"self":[{"href":"https:\/\/www.visionweb.com.ar\/index.php?rest_route=\/wp\/v2\/posts\/12950","targetHints":{"allow":["GET"]}}],"collection":[{"href":"https:\/\/www.visionweb.com.ar\/index.php?rest_route=\/wp\/v2\/posts"}],"about":[{"href":"https:\/\/www.visionweb.com.ar\/index.php?rest_route=\/wp\/v2\/types\/post"}],"author":[{"embeddable":true,"href":"https:\/\/www.visionweb.com.ar\/index.php?rest_route=\/wp\/v2\/users\/3"}],"replies":[{"embeddable":true,"href":"https:\/\/www.visionweb.com.ar\/index.php?rest_route=%2Fwp%2Fv2%2Fcomments&post=12950"}],"version-history":[{"count":3,"href":"https:\/\/www.visionweb.com.ar\/index.php?rest_route=\/wp\/v2\/posts\/12950\/revisions"}],"predecessor-version":[{"id":12953,"href":"https:\/\/www.visionweb.com.ar\/index.php?rest_route=\/wp\/v2\/posts\/12950\/revisions\/12953"}],"wp:featuredmedia":[{"embeddable":true,"href":"https:\/\/www.visionweb.com.ar\/index.php?rest_route=\/wp\/v2\/media\/5354"}],"wp:attachment":[{"href":"https:\/\/www.visionweb.com.ar\/index.php?rest_route=%2Fwp%2Fv2%2Fmedia&parent=12950"}],"wp:term":[{"taxonomy":"category","embeddable":true,"href":"https:\/\/www.visionweb.com.ar\/index.php?rest_route=%2Fwp%2Fv2%2Fcategories&post=12950"},{"taxonomy":"post_tag","embeddable":true,"href":"https:\/\/www.visionweb.com.ar\/index.php?rest_route=%2Fwp%2Fv2%2Ftags&post=12950"}],"curies":[{"name":"wp","href":"https:\/\/api.w.org\/{rel}","templated":true}]}}