{"id":12941,"date":"2023-12-13T11:14:55","date_gmt":"2023-12-13T14:14:55","guid":{"rendered":"https:\/\/www.visionweb.com.ar\/?p=12941"},"modified":"2023-12-13T11:14:55","modified_gmt":"2023-12-13T14:14:55","slug":"provincia-kicillof-convoca-a-una-cumbre-luego-de-la-jura-de-sus-ministros","status":"publish","type":"post","link":"https:\/\/www.visionweb.com.ar\/?p=12941","title":{"rendered":"Provincia: Kicillof convoca a una cumbre luego de la jura de sus ministros"},"content":{"rendered":"<p><em><strong>Tras las juras, Axel Kicillof iniciar\u00e1 formalmente su segundo mandato consecutivo a cargo de la provincia de Buenos Aires. Luego del mediod\u00eda, los convoc\u00f3 a una cumbre en calle 6 para acelerar la gesti\u00f3n.<\/strong><\/em><!--more--><\/p>\n<p><img loading=\"lazy\" decoding=\"async\" class=\"size-medium wp-image-12942 alignright\" src=\"https:\/\/www.visionweb.com.ar\/wp-content\/uploads\/2023\/12\/Kicillof-2-300x198.png\" alt=\"\" width=\"300\" height=\"198\" srcset=\"https:\/\/www.visionweb.com.ar\/wp-content\/uploads\/2023\/12\/Kicillof-2-300x198.png 300w, https:\/\/www.visionweb.com.ar\/wp-content\/uploads\/2023\/12\/Kicillof-2.png 538w\" sizes=\"auto, (max-width: 300px) 100vw, 300px\" \/>\u00a0\u00a0 <strong>E<\/strong>l gobernador\u00a0<strong>Axel Kicillof<\/strong> toma juramento hoy a sus ministros en la Sala Ginastera del Teatro Argentino de La Plata, y acto seguido los reunir\u00e1 en la Casa de Gobierno para empezar la segunda etapa de inmediato.<\/p>\n<p>Seg\u00fan se\u00f1alaron desde el entorno de funcionarios provinciales, ser\u00e1 tambi\u00e9n para marcar los lineamientos a seguir y que, r\u00e1pidamente, puedan trasladarlo a sus respectivos equipos en cada una de las carteras.<\/p>\n<p>Las nuevas incorporaciones a la Provincia incluyen a funcionarios que dejaron sus cargos recientemente a nivel nacional como\u00a0<strong>Gabriel Katopodis<\/strong>, quien estar\u00e1 a cargo de Infraestructura, en tanto que la extitular del Banco Naci\u00f3n,\u00a0<strong>Silvina Batakis,<\/strong>\u00a0se har\u00e1 cargo de H\u00e1bitat tras la salida de Agust\u00edn Simone.<\/p>\n<p>Por su parte, el exsecretario de Justicia de la Naci\u00f3n,\u00a0<strong>Juan Mart\u00edn Mena<\/strong>, estar\u00e1 en el nivel bonaerense por la salida de Julio Alak. En tanto que la expresidenta de AySA, la renovadora\u00a0<strong>Malena Galmarini<\/strong>, ser\u00e1 propuesta como presidenta del Grupo Provincia, que hasta el momento ocupaba Gustavo Menendez.<\/p>\n<p>El nuevo gabinete de la Provincia:<\/p>\n<ul>\n<li><strong>Andr\u00e9s Larroque<\/strong>\u00a0seguir\u00e1 al frente del Ministerio de Desarrollo de la Comunidad<\/li>\n<li><strong>Pablo L\u00f3pez\u00a0<\/strong>permanecer\u00e1 en el Ministerio de Hacienda y Finanzas.<\/li>\n<li><strong>Augusto Costa<\/strong>\u00a0continuar\u00e1 a cargo del Ministerio de Producci\u00f3n, Ciencia e Innovaci\u00f3n Tecnol\u00f3gica;<\/li>\n<li><strong>Nicol\u00e1s Kreplak<\/strong>\u00a0har\u00e1 lo propio en Salud;<\/li>\n<li><strong>Walter Correa\u00a0<\/strong>en Trabajo<\/li>\n<li><strong>Alberto Sileoni\u00a0<\/strong>en la Direcci\u00f3n General de Cultura y Educaci\u00f3n.<\/li>\n<li><strong>Daniela Vilar<\/strong>\u00a0tendr\u00e1 a su cargo el Ministerio de Ambiente<\/li>\n<li><strong>Javier Rodr\u00edguez<\/strong>\u00a0quien continuar\u00e1 en el Ministerio de Desarrollo Agrario;<\/li>\n<li><strong>Agustina Vila<\/strong>\u00a0seguir\u00e1 en la Secretar\u00eda General;<\/li>\n<li><strong>Estela D\u00edaz<\/strong>\u00a0en el Ministerio de Mujeres, Pol\u00edticas de G\u00e9nero y Diversidad Sexual<\/li>\n<li><strong>Jesica Rey<\/strong>\u00a0en Comunicaci\u00f3n P\u00fablica.<\/li>\n<li><strong>Florencia Saintout<\/strong>\u00a0seguir\u00e1 presidiendo el Instituto Cultural<\/li>\n<li><strong>Jorge D&#8217;Onofrio<\/strong>\u00a0har\u00e1 lo propio en Transporte.<\/li>\n<li><strong>Cristina \u00c1lvarez Rodr\u00edguez\u00a0<\/strong>ser\u00e1 la nueva jefa de Asesores del Gobernador<\/li>\n<li><strong>Carlos Bianco\u00a0<\/strong>asumir\u00e1 como ministro de Gobierno.<\/li>\n<li>Al frente del Ministerio de Seguridad estar\u00e1\u00a0<strong>Javier Alonso<\/strong>, actual subsecretario de Formaci\u00f3n y Desarrollo Profesional, continuando con la gesti\u00f3n desarrollada en estos 4 a\u00f1os.<\/li>\n<li><strong>Sergio Berni<\/strong>, en tanto, seguir\u00e1 como rector del Instituto Universitario Juan Vucetich.<\/li>\n<li><strong>Gabriel Katopodis<\/strong>\u00a0ser\u00e1 el nuevo ministro de Infraestructura y Servicios P\u00fablicos \u00abcon el objetivo de fortalecer y continuar el Plan de Infraestructura Provincial que llev\u00f3 adelante Leonardo Nardini\u00bb, quien desde este domingo es nuevamente intendente de Malvinas Argentinas.<\/li>\n<li><strong>Silvina Batakis\u00a0<\/strong>se har\u00e1 cargo del Ministerio de H\u00e1bitat y Desarrollo Urbano<\/li>\n<li><strong>Juan Mart\u00edn Mena<\/strong>\u00a0ocupar\u00e1 el cargo de ministro de Justicia y Derechos Humanos en reemplazo de Julio Alak, quien asume como intendente de La Plata.<\/li>\n<li><strong>Cristian Girard<\/strong>\u00a0continuar\u00e1 al frente de ARBA<\/li>\n<li><strong>Santiago P\u00e9rez Teruel\u00a0<\/strong>repetir\u00e1 como Asesor General de Gobierno<\/li>\n<li><strong>Juan Cuattromo<\/strong>\u00a0continuar\u00e1 como presidente del Banco Provincia<\/li>\n<li>Se propondr\u00e1 a\u00a0<strong>Malena Galmarini\u00a0<\/strong>para el cargo de presidenta del Grupo Provincia<\/li>\n<li><strong>Ariel Lieutier<\/strong> continuar\u00e1 al frente de Provincia Servicios Financieros. <strong>(VW)<\/strong><\/li>\n<\/ul>\n","protected":false},"excerpt":{"rendered":"<p>Tras las juras, Axel Kicillof iniciar\u00e1 formalmente su segundo mandato consecutivo a cargo de la provincia de Buenos Aires. Luego del mediod\u00eda, los convoc\u00f3 a una cumbre en calle 6 para acelerar la gesti\u00f3n.<\/p>\n","protected":false},"author":4,"featured_media":12942,"comment_status":"closed","ping_status":"closed","sticky":false,"template":"","format":"standard","meta":{"_monsterinsights_skip_tracking":false,"_monsterinsights_sitenote_active":false,"_monsterinsights_sitenote_note":"","_monsterinsights_sitenote_category":0,"footnotes":""},"categories":[4],"tags":[5352,167,356,5383],"class_list":["post-12941","post","type-post","status-publish","format-standard","has-post-thumbnail","hentry","category-politica","tag-jura-de-ministros","tag-kicillof","tag-provincia","tag-reunion-cumbre"],"_links":{"self":[{"href":"https:\/\/www.visionweb.com.ar\/index.php?rest_route=\/wp\/v2\/posts\/12941","targetHints":{"allow":["GET"]}}],"collection":[{"href":"https:\/\/www.visionweb.com.ar\/index.php?rest_route=\/wp\/v2\/posts"}],"about":[{"href":"https:\/\/www.visionweb.com.ar\/index.php?rest_route=\/wp\/v2\/types\/post"}],"author":[{"embeddable":true,"href":"https:\/\/www.visionweb.com.ar\/index.php?rest_route=\/wp\/v2\/users\/4"}],"replies":[{"embeddable":true,"href":"https:\/\/www.visionweb.com.ar\/index.php?rest_route=%2Fwp%2Fv2%2Fcomments&post=12941"}],"version-history":[{"count":1,"href":"https:\/\/www.visionweb.com.ar\/index.php?rest_route=\/wp\/v2\/posts\/12941\/revisions"}],"predecessor-version":[{"id":12943,"href":"https:\/\/www.visionweb.com.ar\/index.php?rest_route=\/wp\/v2\/posts\/12941\/revisions\/12943"}],"wp:featuredmedia":[{"embeddable":true,"href":"https:\/\/www.visionweb.com.ar\/index.php?rest_route=\/wp\/v2\/media\/12942"}],"wp:attachment":[{"href":"https:\/\/www.visionweb.com.ar\/index.php?rest_route=%2Fwp%2Fv2%2Fmedia&parent=12941"}],"wp:term":[{"taxonomy":"category","embeddable":true,"href":"https:\/\/www.visionweb.com.ar\/index.php?rest_route=%2Fwp%2Fv2%2Fcategories&post=12941"},{"taxonomy":"post_tag","embeddable":true,"href":"https:\/\/www.visionweb.com.ar\/index.php?rest_route=%2Fwp%2Fv2%2Ftags&post=12941"}],"curies":[{"name":"wp","href":"https:\/\/api.w.org\/{rel}","templated":true}]}}