{"id":12938,"date":"2023-12-13T10:49:58","date_gmt":"2023-12-13T13:49:58","guid":{"rendered":"https:\/\/www.visionweb.com.ar\/?p=12938"},"modified":"2023-12-13T10:49:58","modified_gmt":"2023-12-13T13:49:58","slug":"reunion-de-la-cgt-para-analizar-la-situacion-economica-y-social-luego-de-los-anuncios-del-gobierno","status":"publish","type":"post","link":"https:\/\/www.visionweb.com.ar\/?p=12938","title":{"rendered":"Reuni\u00f3n de la CGT para analizar la situaci\u00f3n \u201cecon\u00f3mica y social\u201d, luego de los anuncios del Gobierno"},"content":{"rendered":"<p><em><strong>El encuentro de la central obrera se desarrollar\u00e1 hoy con horario a confirmar, para \u201cevaluar la letra chica de los anuncios de Caputo\u201d. La CTA Aut\u00f3noma tambi\u00e9n convoc\u00f3 a una reuni\u00f3n \u201curgente\u201d.<\/strong><\/em><!--more--><\/p>\n<p><strong><img loading=\"lazy\" decoding=\"async\" class=\"size-medium wp-image-12939 alignright\" src=\"https:\/\/www.visionweb.com.ar\/wp-content\/uploads\/2023\/12\/CGT-300x174.png\" alt=\"\" width=\"300\" height=\"174\" srcset=\"https:\/\/www.visionweb.com.ar\/wp-content\/uploads\/2023\/12\/CGT-300x174.png 300w, https:\/\/www.visionweb.com.ar\/wp-content\/uploads\/2023\/12\/CGT.png 523w\" sizes=\"auto, (max-width: 300px) 100vw, 300px\" \/>\u00a0\u00a0 L<\/strong>a Confederaci\u00f3n General del Trabajo (CGT) se reunir\u00e1 este mi\u00e9rcoles<strong>\u00a0para analizar la situaci\u00f3n \u00abecon\u00f3mica y social\u00bb tras las medidas anunciadas por el ministro de Econom\u00eda<\/strong>, Luis Caputo, que perfila la marcha atr\u00e1s de la eliminaci\u00f3n de Ganancias, recortes en la administraci\u00f3n p\u00fablica y reducci\u00f3n de subsidios, entre otros puntos, y que pusieron en estado de alerta a la CGT.<\/p>\n<p>Voceros gremiales, confirmaron que el encuentro se desarrollar\u00e1 en la sede de la CGT de Azopardo 802, aunque sin precisar a\u00fan el horario. \u201cUno de los dirigentes que confirmaron la reuni\u00f3n fue el secretario general del gremio de los judiciales, Julio Piumato\u201d, indic\u00f3 la agencia T\u00e9lam.<\/p>\n<p>\u00abYa sinceraron el precio del d\u00f3lar, sinceraron las tarifas,<strong>\u00a0ahora queremos que sinceren los salarios de los trabajadores activos y de nuestros jubilados<\/strong>\u00ab, dijo Piumato a T\u00e9lam.<\/p>\n<p>En ese sentido y tras los anuncios econ\u00f3micos, el titular de la UOCRA y secretario de Relaciones Internacionales de la CGT,\u00a0<strong> Gerardo Mart\u00ednez<\/strong>, en di\u00e1logo con Infobae, sentenci\u00f3: \u201cEsto <strong>es un tsunami total en lo social<\/strong> y algo parecido en los aspectos financieros y econ\u00f3micos para el pa\u00eds\u201d.<\/p>\n<p>El m\u00e1ximo referente de los trabajadores de la construcci\u00f3n anticip\u00f3 que la CGT sumar\u00e1 a la reuni\u00f3n de hoy a sus asesores econ\u00f3micos para \u201cevaluar la letra chica de los anuncios de Caputo y tener una hoja de ruta con lecturas claras y contundentes, porque todo nos parece impreciso, aunque muy preocupante\u201d.<\/p>\n<p>Por su parte, en declaraciones a la prensa, el titular de la Uni\u00f3n de Trabajadores Gastron\u00f3micos, Luis Barrionuevo, afirm\u00f3: \u00abEstamos frente a un dur\u00edsimo ajuste\u201d.<\/p>\n<p>El hist\u00f3rico dirigente pidi\u00f3 que la CGT sea consultada sobre las medidas econ\u00f3micas: \u201cLos que\u00a0<strong>tienen que opinar son los muchachos de la CGT<\/strong>. Soy verticalista y acato lo que diga el movimiento obrero. Viene una recesi\u00f3n galopante, sin ninguna duda\u201d, sostuvo.<\/p>\n<p><strong>La <\/strong><strong>CTA Aut\u00f3noma mantendr\u00e1 una reuni\u00f3n \u00aburgente\u00bb:<\/strong><\/p>\n<p>Por su parte, la Central de Trabajadores de la Argentina Aut\u00f3noma (CTA-A) mantendr\u00e1 una reuni\u00f3n \u00aburgente\u00bb de su mesa de conducci\u00f3n, que se llevar\u00e1 a cabo en la sede nacional ubicada en calle Bartolom\u00e9 Mitre 744, y luego habr\u00e1 una conferencia de prensa, que se convoc\u00f3 para las 15, seg\u00fan inform\u00f3 la Central en un comunicado.<\/p>\n<p>El titular central obrera, Hugo \u201cCachorro\u201d Godoy, advirti\u00f3 que \u201cel ministro Luis Caputo acaba de repetir el mecanismo de <strong>exagerar la situaci\u00f3n de crisis heredada<\/strong> para justificar medidas inadmisibles, que van a acrecentar en cuesti\u00f3n de d\u00edas\u00a0<strong>los niveles de pobreza en la Argentina por encima del 50%<\/strong>\u201d.<\/p>\n<p>A trav\u00e9s de un comunicado de prensa, el gremialista consider\u00f3 que \u201cuna devaluaci\u00f3n del 118% del peso argentino implica, en primer lugar,\u00a0<strong>una multiplicaci\u00f3n de la pobreza que apenas si ser\u00e1 paliada con los anuncios de aumentos<\/strong>\u00a0por debajo de ese porcentaje en la ya devaluada valor de las Asignaciones Universales por Hijo y de las tarjetas Alimentar\u201d. <strong>(VW)<\/strong><\/p>\n","protected":false},"excerpt":{"rendered":"<p>El encuentro de la central obrera se desarrollar\u00e1 hoy con horario a confirmar, para \u201cevaluar la letra chica de los anuncios de Caputo\u201d. La CTA Aut\u00f3noma tambi\u00e9n convoc\u00f3 a una reuni\u00f3n \u201curgente\u201d.<\/p>\n","protected":false},"author":4,"featured_media":12939,"comment_status":"closed","ping_status":"closed","sticky":false,"template":"","format":"standard","meta":{"_monsterinsights_skip_tracking":false,"_monsterinsights_sitenote_active":false,"_monsterinsights_sitenote_note":"","_monsterinsights_sitenote_category":0,"footnotes":""},"categories":[4],"tags":[5382,5380,5381],"class_list":["post-12938","post","type-post","status-publish","format-standard","has-post-thumbnail","hentry","category-politica","tag-analizar-anuncios-de-caputoi","tag-cgt-reunion-urgente","tag-cta-a"],"_links":{"self":[{"href":"https:\/\/www.visionweb.com.ar\/index.php?rest_route=\/wp\/v2\/posts\/12938","targetHints":{"allow":["GET"]}}],"collection":[{"href":"https:\/\/www.visionweb.com.ar\/index.php?rest_route=\/wp\/v2\/posts"}],"about":[{"href":"https:\/\/www.visionweb.com.ar\/index.php?rest_route=\/wp\/v2\/types\/post"}],"author":[{"embeddable":true,"href":"https:\/\/www.visionweb.com.ar\/index.php?rest_route=\/wp\/v2\/users\/4"}],"replies":[{"embeddable":true,"href":"https:\/\/www.visionweb.com.ar\/index.php?rest_route=%2Fwp%2Fv2%2Fcomments&post=12938"}],"version-history":[{"count":1,"href":"https:\/\/www.visionweb.com.ar\/index.php?rest_route=\/wp\/v2\/posts\/12938\/revisions"}],"predecessor-version":[{"id":12940,"href":"https:\/\/www.visionweb.com.ar\/index.php?rest_route=\/wp\/v2\/posts\/12938\/revisions\/12940"}],"wp:featuredmedia":[{"embeddable":true,"href":"https:\/\/www.visionweb.com.ar\/index.php?rest_route=\/wp\/v2\/media\/12939"}],"wp:attachment":[{"href":"https:\/\/www.visionweb.com.ar\/index.php?rest_route=%2Fwp%2Fv2%2Fmedia&parent=12938"}],"wp:term":[{"taxonomy":"category","embeddable":true,"href":"https:\/\/www.visionweb.com.ar\/index.php?rest_route=%2Fwp%2Fv2%2Fcategories&post=12938"},{"taxonomy":"post_tag","embeddable":true,"href":"https:\/\/www.visionweb.com.ar\/index.php?rest_route=%2Fwp%2Fv2%2Ftags&post=12938"}],"curies":[{"name":"wp","href":"https:\/\/api.w.org\/{rel}","templated":true}]}}