{"id":12935,"date":"2023-12-13T09:46:08","date_gmt":"2023-12-13T12:46:08","guid":{"rendered":"https:\/\/www.visionweb.com.ar\/?p=12935"},"modified":"2023-12-13T09:46:08","modified_gmt":"2023-12-13T12:46:08","slug":"el-vocero-de-gobierno-ratifico-las-10-medidas-anunciadas-por-caputo","status":"publish","type":"post","link":"https:\/\/www.visionweb.com.ar\/?p=12935","title":{"rendered":"El vocero de Gobierno ratific\u00f3 las 10 medidas anunciadas por Caputo"},"content":{"rendered":"<p><em><strong>Justific\u00f3 las \u00abmedidas urgentes\u00bb. Dijo que la reducci\u00f3n de subsidios al transporte y la energ\u00eda ser\u00e1 desde el 1\u00b0 de enero, y por ende aumento de tarifas. Habl\u00f3 de \u00abun cambio de esquema\u00bb de subsidios. Calific\u00f3 de \u201cbrutal\u201d y \u201cperversa\u201d la realidad de las jubilaciones, aunque no dio especificaciones a\u00fan.<\/strong><\/em><!--more--><\/p>\n<p><img loading=\"lazy\" decoding=\"async\" class=\"size-medium wp-image-12936 alignright\" src=\"https:\/\/www.visionweb.com.ar\/wp-content\/uploads\/2023\/12\/Adorni-conferencia-300x166.png\" alt=\"\" width=\"300\" height=\"166\" srcset=\"https:\/\/www.visionweb.com.ar\/wp-content\/uploads\/2023\/12\/Adorni-conferencia-300x166.png 300w, https:\/\/www.visionweb.com.ar\/wp-content\/uploads\/2023\/12\/Adorni-conferencia.png 545w\" sizes=\"auto, (max-width: 300px) 100vw, 300px\" \/>\u00a0 <strong>E<\/strong>l vocero presidencial, <strong>Manuel Adorni<\/strong>, brind\u00f3 esta ma\u00f1ana una conferencia de prensa en la que ratific\u00f3 las medidas anunciadas ayer por el ministro de Econom\u00eda <strong>Luis Caputo<\/strong>, que apunta a reducir el d\u00e9ficit fiscal. \u201cLas medidas eran inevitables\u201d, asegur\u00f3.<\/p>\n<p>El funcionario dio este mi\u00e9rcoles una conferencia de prensa matutina tras los primeros anuncios econ\u00f3micos, y previo a la reuni\u00f3n de gabinete de hoy, prevista para las 8:30 de la ma\u00f1ana.<\/p>\n<p>\u201cEl d\u00e9ficit fiscal es la madre de todas las batallas\u201d, asegur\u00f3 Adorni, y aclar\u00f3 que \u201clas medidas eran inevitables para lo que viene\u201d.<\/p>\n<p>Con respecto a la reducci\u00f3n de <strong>subsidios a los servicios p\u00fablicos<\/strong>, dijo:\u00a0<strong>\u00abCreemos que a partir del 1\u00ba de enero\u00bb, y<\/strong> <strong>se\u00f1al\u00f3 que el esquema de tarifas se dar\u00e1 a conocer en los pr\u00f3ximos d\u00edas con un \u00abdetalle adicional\u00bb.\u00a0<\/strong><\/p>\n<p><strong>Sobre jubilaciones, <\/strong>el vocero no dio precisiones, pero adelant\u00f3 que \u00abpretendemos no dar aumentos discrecionales porque se nos ocurre, sino <strong>terminar con esquema que ha transformado a jubilados en personas con muchas necesidades\u00bb. \u00abEl objetivo es cortar con este esquema perverso, <\/strong>por eso es que uno tiene que tomarse la atribuci\u00f3n de corregir por alg\u00fan otro m\u00e9todo\u00bb, agreg\u00f3. Las jubilaciones son de muy bajo nivel hoy. El objetivo es mejorarla\u00bb.<\/p>\n<p><strong>\u00a0<\/strong>Respecto a la situaci\u00f3n econ\u00f3mica, el funcionario plante\u00f3:\u00a0<strong>\u201cHemos encontrado un paciente en terapia intensiva a punto de morirse y no estamos dispuestos a que ese paciente se muera\u201d<\/strong>. \u201cNo estamos dispuestos a seguir atacando las consecuencias de lo que hacemos bien\u201d, apunt\u00f3.<\/p>\n<p>Asimismo, sostuvo que \u201cno hay que tenerle miedo a la verdad\u201d.\u00a0<strong>\u201cHay que tenerle miedo a no actuar en consecuencia de esa verdad y nosotros no vamos a mentir\u201d<\/strong>, se\u00f1al\u00f3.<\/p>\n<p>Remarc\u00f3 entonces, que \u201cno hay a quien pedirle prestado\u201d por la \u201cfalta de credibilidad\u201d. \u201cNos destacamos por ser defaulteadores seriales\u201d, consider\u00f3.<\/p>\n<p>Habl\u00f3 de una \u201ceconom\u00eda despedazada\u201d y breg\u00f3 por alcanzar el \u201cd\u00e9ficit cero\u201d para \u201cganar credibilidad\u201d. \u201cNecesitamos reconstruir lo que las d\u00e9cadas de pol\u00edticas equivocadas, cortoplacistas y muchas veces de corte populista, hicieron que no nos crean\u201d. \u201cSi no te creen, nada es posible\u201d, sentenci\u00f3. <strong>(VW)<\/strong><\/p>\n<p>&nbsp;<\/p>\n","protected":false},"excerpt":{"rendered":"<p>Justific\u00f3 las \u00abmedidas urgentes\u00bb. Dijo que la reducci\u00f3n de subsidios al transporte y la energ\u00eda ser\u00e1 desde el 1\u00b0 de enero, y por ende aumento de tarifas. Habl\u00f3 de \u00abun cambio de esquema\u00bb de&#46;&#46;&#46;<\/p>\n","protected":false},"author":4,"featured_media":12936,"comment_status":"closed","ping_status":"closed","sticky":false,"template":"","format":"standard","meta":{"_monsterinsights_skip_tracking":false,"_monsterinsights_sitenote_active":false,"_monsterinsights_sitenote_note":"","_monsterinsights_sitenote_category":0,"footnotes":""},"categories":[4],"tags":[5356,478,5378,5379,5377],"class_list":["post-12935","post","type-post","status-publish","format-standard","has-post-thumbnail","hentry","category-politica","tag-conferencia-de-prensa","tag-jubilaciones","tag-manuel-adorni","tag-ratifico-medidas","tag-vocero-de-milei"],"_links":{"self":[{"href":"https:\/\/www.visionweb.com.ar\/index.php?rest_route=\/wp\/v2\/posts\/12935","targetHints":{"allow":["GET"]}}],"collection":[{"href":"https:\/\/www.visionweb.com.ar\/index.php?rest_route=\/wp\/v2\/posts"}],"about":[{"href":"https:\/\/www.visionweb.com.ar\/index.php?rest_route=\/wp\/v2\/types\/post"}],"author":[{"embeddable":true,"href":"https:\/\/www.visionweb.com.ar\/index.php?rest_route=\/wp\/v2\/users\/4"}],"replies":[{"embeddable":true,"href":"https:\/\/www.visionweb.com.ar\/index.php?rest_route=%2Fwp%2Fv2%2Fcomments&post=12935"}],"version-history":[{"count":1,"href":"https:\/\/www.visionweb.com.ar\/index.php?rest_route=\/wp\/v2\/posts\/12935\/revisions"}],"predecessor-version":[{"id":12937,"href":"https:\/\/www.visionweb.com.ar\/index.php?rest_route=\/wp\/v2\/posts\/12935\/revisions\/12937"}],"wp:featuredmedia":[{"embeddable":true,"href":"https:\/\/www.visionweb.com.ar\/index.php?rest_route=\/wp\/v2\/media\/12936"}],"wp:attachment":[{"href":"https:\/\/www.visionweb.com.ar\/index.php?rest_route=%2Fwp%2Fv2%2Fmedia&parent=12935"}],"wp:term":[{"taxonomy":"category","embeddable":true,"href":"https:\/\/www.visionweb.com.ar\/index.php?rest_route=%2Fwp%2Fv2%2Fcategories&post=12935"},{"taxonomy":"post_tag","embeddable":true,"href":"https:\/\/www.visionweb.com.ar\/index.php?rest_route=%2Fwp%2Fv2%2Ftags&post=12935"}],"curies":[{"name":"wp","href":"https:\/\/api.w.org\/{rel}","templated":true}]}}