{"id":12928,"date":"2023-12-12T20:49:26","date_gmt":"2023-12-12T23:49:26","guid":{"rendered":"https:\/\/www.visionweb.com.ar\/?p=12928"},"modified":"2023-12-13T09:08:30","modified_gmt":"2023-12-13T12:08:30","slug":"caputo-anuncio-el-paquete-de-medidas-que-regiran-la-gestion-de-milei","status":"publish","type":"post","link":"https:\/\/www.visionweb.com.ar\/?p=12928","title":{"rendered":"Caputo anunci\u00f3 el paquete de medidas que regir\u00e1 la gesti\u00f3n de Milei"},"content":{"rendered":"<p><em><strong>Entre las principales medidas se lleva el d\u00f3lar oficial a $800, reducen las transferencias de fondos a las provincias, y en materia social, se duplicar\u00e1 la Asignaci\u00f3n Universal por Hijo.<\/strong><\/em> <!--more--><\/p>\n<p><strong><img loading=\"lazy\" decoding=\"async\" class=\"size-medium wp-image-12930 alignright\" src=\"https:\/\/www.visionweb.com.ar\/wp-content\/uploads\/2023\/12\/CAPUTO-LUIS-300x147.png\" alt=\"\" width=\"300\" height=\"147\" srcset=\"https:\/\/www.visionweb.com.ar\/wp-content\/uploads\/2023\/12\/CAPUTO-LUIS-300x147.png 300w, https:\/\/www.visionweb.com.ar\/wp-content\/uploads\/2023\/12\/CAPUTO-LUIS.png 640w\" sizes=\"auto, (max-width: 300px) 100vw, 300px\" \/>E<\/strong>l ministro de Econom\u00eda,<strong>\u00a0Luis Caputo,<\/strong> difundi\u00f3 este martes <strong>las primeras medidas econ\u00f3micas del gobierno de Javier Milei.<\/strong><\/p>\n<p>Caputo, hizo los anuncios, este martes, desde el Palacio de Hacienda,\u00a0 medidas que incluyen una suba del d\u00f3lar mayorista que quedar\u00e1 en\u00a0 $800, el freno la obra p\u00fablica que quedar\u00e1 a cargo del sector privado y eliminar\u00e1 los subsidios a la energ\u00eda y al transportes p\u00fablico.<\/p>\n<p>\u00abVamos a sincerar el tipo de cambio oficial. El tipo de cambio oficial va a pasar a valer 800 pesos, para que los sectores productivos tengan realmente los incentivos adecuados para aumentar la producci\u00f3n\u00bb, puntualiz\u00f3.<\/p>\n<p>Antes de dar a conocer las medidas, el titular de la cartera econ\u00f3mica aclar\u00f3 que: \u00ab<strong>Estamos frente a la peor herencia de nuestra historia<\/strong>, un pa\u00eds donde los argentinos somos cada vez m\u00e1s pobres y un d\u00e9ficit fiscal que supera los 5,5 puntos porcentuales del PIB y, un Banco Central que tiene un hoja de balance totalmente deteriorada, sin d\u00f3lares en sus activos y con el equivalente a tres bases monetarias en pasivos remunerados y una emisi\u00f3n monetaria, en estos cuatro a\u00f1os, de m\u00e1s de 20 puntos del PIB\u00bb, expres\u00f3 el Ministro<\/p>\n<p>La difusi\u00f3n de las medidas anunciadas por\u00a0 Caputo, se hicieron en un discurso grabado cuya emisi\u00f3n estaba prevista para las 17,30, pero se concret\u00f3 pasada las 19 horas en un discurso que dur\u00f3 poco m\u00e1s de 17 minutos.<\/p>\n<p>Entre las principales medidas anunci\u00f3 la suspensi\u00f3n de las pautas publicitarias para los medios por un a\u00f1o, porque entre la Presidencia y los ministerios e gastaron 34.000 millones de pesos en pauta. No hay plata para gastos que no sean estrictamente necesarios, y mucho menos, para sostener con plata de los contribuyentes medios que se crean solo para alabar las virtudes de los gobiernos de turno.<\/p>\n<p>Otro dato no menor es que conforme la Ley de Ministerios decretada por el Presidente, <strong>los Ministerios se reducir\u00e1n de 18 a 9 y las Secretar\u00edas de 106 a 54<\/strong>. Esto va a redundar en una reducci\u00f3n de m\u00e1s del 50% de los cargos jer\u00e1rquicos de la pol\u00edtica y del 34% de los cargos pol\u00edticos totales del Estado Nacional.<\/p>\n<p>Adem\u00e1s dijo que no se renovar\u00e1n los contratos del Estado que tengan menos de un a\u00f1o de vigencia es \u00abuna practica habitual en pol\u00edtica que consiste en incorporar familiares y amigos antes de la finalizaci\u00f3n de un\u00a0 mandato, como los que se concretaron en los \u00faltimos seis meses\u00bb, puntualiz\u00f3.<\/p>\n<p>Vamos a reducir al m\u00ednimo las transferencias discrecionales del Estado Nacional a las provincias. Recursos que, lamentablemente, en nuestra historia reciente se han usado como moneda de cambio para intercambiar favores pol\u00edticos.<\/p>\n<p><strong>Obra p\u00fablica<\/strong><\/p>\n<p>AL respecto, el ministro Capouto aclar\u00f3 que\u00a0 \u00abEl <strong>Estado Nacional no va a licitar m\u00e1s obra p\u00fablica nueva<\/strong>, y va a cancelar las licitaciones aprobadas cuyo desarrollo a\u00fan no haya comenzado. La realidad es que no hay plata para pagar m\u00e1s obra p\u00fablica que, como todos los argentinos sabemos, muchas veces termina en los bolsillos de los pol\u00edticos o de los empresarios de turno\u00bb<\/p>\n<p>\u00abLa obra p\u00fablica ha sido siempre uno de los focos de corrupci\u00f3n del Estado y con nosotros eso se termina. Las obras de infraestructura en Argentina ser\u00e1n realizadas por el sector privado, ya que el Estado no tiene plata ni financiamiento para llevarlas a cabo\u00bb, precis\u00f3.<\/p>\n<p>Con relaci\u00f3n al los subsidios a la energ\u00eda y al transporte p\u00fablico agreg\u00f3 que: \u00abVamos a <strong>reducir subsidios a la Energ\u00eda y al Transporte<\/strong>. Hoy el Estado sostiene artificialmente precios baj\u00edsimos en tarifas energ\u00e9ticas y transporte a trav\u00e9s de estos subsidios\u00bb.<\/p>\n<p>\u00abLa pol\u00edtica siempre lo ha hecho porque de esa forma enga\u00f1an a la gente haci\u00e9ndoles creer que les ponen plata en el bolsillo. Pero como todos los argentinos ya se habr\u00e1n dado cuenta, estos subsidios no son gratis, sino que se pagan con inflaci\u00f3n. Lo que te regalan en el precio del boleto te lo cobran con los aumentos en el supermercado. Y con la inflaci\u00f3n son los pobres los que terminan financiando a los ricos\u00bb, a\u00f1adi\u00f3.<\/p>\n<p>\u00abLos <strong>subsidios al transporte en el AMBA son un acto de profunda discriminaci\u00f3n con las provincias<\/strong> del interior. As\u00ed que vamos a terminar tambi\u00e9n con esa discriminaci\u00f3n hacia el interior\u00bb.<\/p>\n<p><strong>Programas sociales<\/strong><\/p>\n<p>en el \u00f3rden social, el titular de la cartera econ\u00f3mica explic\u00f3 que: \u00abVamos a <strong>mantener los planes Potenciar Trabajo<\/strong> de acuerdo a lo establecido en el Presupuesto del 2023. Y vamos sobre todo a fortalecer las pol\u00edticas sociales que son recibidas directamente por quienes la necesitan, sin intermediarios, como la Asignaci\u00f3n Universal por Hijo y la Tarjeta Alimentar.<\/p>\n<p>\u00abVamos a <strong>duplicar la Asignaci\u00f3n Universal por Hijo<\/strong> y vamos a <strong>aumentar la tarjeta alimentaria al 50%<\/strong>. Esto va en l\u00ednea con lo que dec\u00edamos antes, que vamos a fortalecer los planes que van directo a la gente, sin intermediarios, y a la gente que m\u00e1s lo necesita\u00bb, ampli\u00f3<\/p>\n<p>Con relaci\u00f3n al <strong>cambio oficial<\/strong> Caputo a\u00f1adi\u00f3 que \u00abVamos a sincerar el tipo de cambio oficial. El tipo de cambio oficial va a pasar a valer <strong>800 pesos<\/strong>, para que los sectores productivos tengan realmente los incentivos adecuados para aumentar la producci\u00f3n. Esto va a estar acompa\u00f1ado por un aumento provisorio del impuesto pa\u00eds a las importaciones y a las retenciones de las exportaciones no agropecuarias\u00bb.<\/p>\n<p>De esta manera, beneficiamos a los exportadores con un mejor precio y equiparamos la carga fiscal para todos los sectores, dejando de discriminar al sector agropecuario.<\/p>\n<p>Finalizada la emergencia, vamos a avanzar en la <strong>eliminaci\u00f3n de todos los derechos de exportaci\u00f3n<\/strong>, que consideramos un gravamen perverso que entorpece el desarrollo argentino.<\/p>\n<p><strong>Reemplazaremos el sistema SIRA de importaciones por un sistema estad\u00edstico y de informaci\u00f3n<\/strong> que no requerir\u00e1 de la aprobaci\u00f3n de licencias. Se termina as\u00ed la discrecionalidad y se garantiza la transparencia del proceso de aprobaci\u00f3n de las importaciones. El que quiera importar, ahora podr\u00e1 hacerlo, y punto <strong>(VW)<\/strong>.<\/p>\n","protected":false},"excerpt":{"rendered":"<p>Entre las principales medidas se lleva el d\u00f3lar oficial a $800, reducen las transferencias de fondos a las provincias, y en materia social, se duplicar\u00e1 la Asignaci\u00f3n Universal por Hijo.<\/p>\n","protected":false},"author":3,"featured_media":12930,"comment_status":"closed","ping_status":"closed","sticky":false,"template":"","format":"standard","meta":{"_monsterinsights_skip_tracking":false,"_monsterinsights_sitenote_active":false,"_monsterinsights_sitenote_note":"","_monsterinsights_sitenote_category":0,"footnotes":""},"categories":[6],"tags":[1298,5317,195,871,4841],"class_list":["post-12928","post","type-post","status-publish","format-standard","has-post-thumbnail","hentry","category-economia","tag-dolar","tag-eliminacion","tag-energia","tag-subsidios","tag-transportes"],"_links":{"self":[{"href":"https:\/\/www.visionweb.com.ar\/index.php?rest_route=\/wp\/v2\/posts\/12928","targetHints":{"allow":["GET"]}}],"collection":[{"href":"https:\/\/www.visionweb.com.ar\/index.php?rest_route=\/wp\/v2\/posts"}],"about":[{"href":"https:\/\/www.visionweb.com.ar\/index.php?rest_route=\/wp\/v2\/types\/post"}],"author":[{"embeddable":true,"href":"https:\/\/www.visionweb.com.ar\/index.php?rest_route=\/wp\/v2\/users\/3"}],"replies":[{"embeddable":true,"href":"https:\/\/www.visionweb.com.ar\/index.php?rest_route=%2Fwp%2Fv2%2Fcomments&post=12928"}],"version-history":[{"count":5,"href":"https:\/\/www.visionweb.com.ar\/index.php?rest_route=\/wp\/v2\/posts\/12928\/revisions"}],"predecessor-version":[{"id":12934,"href":"https:\/\/www.visionweb.com.ar\/index.php?rest_route=\/wp\/v2\/posts\/12928\/revisions\/12934"}],"wp:featuredmedia":[{"embeddable":true,"href":"https:\/\/www.visionweb.com.ar\/index.php?rest_route=\/wp\/v2\/media\/12930"}],"wp:attachment":[{"href":"https:\/\/www.visionweb.com.ar\/index.php?rest_route=%2Fwp%2Fv2%2Fmedia&parent=12928"}],"wp:term":[{"taxonomy":"category","embeddable":true,"href":"https:\/\/www.visionweb.com.ar\/index.php?rest_route=%2Fwp%2Fv2%2Fcategories&post=12928"},{"taxonomy":"post_tag","embeddable":true,"href":"https:\/\/www.visionweb.com.ar\/index.php?rest_route=%2Fwp%2Fv2%2Ftags&post=12928"}],"curies":[{"name":"wp","href":"https:\/\/api.w.org\/{rel}","templated":true}]}}