{"id":12918,"date":"2023-12-12T13:24:44","date_gmt":"2023-12-12T16:24:44","guid":{"rendered":"https:\/\/www.visionweb.com.ar\/?p=12918"},"modified":"2023-12-12T13:24:44","modified_gmt":"2023-12-12T16:24:44","slug":"explosion-e-incendio-en-un-edificio-de-alem-al-600","status":"publish","type":"post","link":"https:\/\/www.visionweb.com.ar\/?p=12918","title":{"rendered":"Explosi\u00f3n e incendio en un edificio de Alem al 600"},"content":{"rendered":"<p><em><strong>Se trata de<\/strong> <strong>oficinas pertenecientes al Poder Judicial de la Ciudad, edificio que linda con la Secretar\u00eda de Trabajo, donde tambi\u00e9n esta ma\u00f1ana se realiz\u00f3 la primera protesta contra el gobierno de Milei. Hay un fuerte operativo de seguridad para evacuar la zona del Bajo porte\u00f1o y con cortes preventivos de calles.<\/strong><\/em><strong>\u00a0<\/strong><!--more--><\/p>\n<div id=\"attachment_12919\" style=\"width: 310px\" class=\"wp-caption alignright\"><img loading=\"lazy\" decoding=\"async\" aria-describedby=\"caption-attachment-12919\" class=\"wp-image-12919 size-medium\" src=\"https:\/\/www.visionweb.com.ar\/wp-content\/uploads\/2023\/12\/Incendio-Alem-600-300x224.png\" alt=\"\" width=\"300\" height=\"224\" srcset=\"https:\/\/www.visionweb.com.ar\/wp-content\/uploads\/2023\/12\/Incendio-Alem-600-300x224.png 300w, https:\/\/www.visionweb.com.ar\/wp-content\/uploads\/2023\/12\/Incendio-Alem-600-320x240.png 320w, https:\/\/www.visionweb.com.ar\/wp-content\/uploads\/2023\/12\/Incendio-Alem-600.png 401w\" sizes=\"auto, (max-width: 300px) 100vw, 300px\" \/><p id=\"caption-attachment-12919\" class=\"wp-caption-text\">Imagen de internet<\/p><\/div>\n<p><strong>\u00a0\u00a0 E<\/strong>ste mediod\u00eda se report\u00f3 un incendio en el sexto y s\u00e9ptimo piso de un\u00a0edificio lindante a la\u00a0<strong>Secretar\u00eda de Trabajo<\/strong>, ubicado sobre Leandro N. Alem 668,\u00a0donde trabajan bomberos de la Ciudad y la Brigada Federal Especial, como tambi\u00e9n el SAME.<\/p>\n<p>El siniestro se registr\u00f3 en oficinas pertenecientes al Poder Judicial de la Ciudad de Buenos Aires. Tambi\u00e9n se encuentran all\u00ed otras oficinas de estudios de abogados. En el operativo participan 8 dotaciones, 5 de Bomberos de la Ciudad y 3 de la Polic\u00eda Federal. Advirtieron adem\u00e1s por la posibilidad de peligro de derrumbe.<\/p>\n<p>La denuncia del siniestro fue aproximadamente a las 11.37, ante un llamado al 911 Bomberos de la Ciudad y la Brigada Federal Especial de Rescate, que se desplaz\u00f3 por un incendio en un edificio en Alem al 668, lindero a la sede de la Secretar\u00eda de Trabajo.<\/p>\n<p>El SAME confirm\u00f3 que en total\u00a0<strong>se asisti\u00f3 a 10 personas, de las cuales cinco recibieron ox\u00edgeno en el lugar y cinco fueron trasladadas<\/strong>. De esos \u00faltimos,\u00a0<strong>una madre y un beb\u00e9 fueron llevados al Hospital Elizalde\u00a0<\/strong>y tres adultos, al Hospital Argerich.<\/p>\n<p>En la zona del incendio hay corte total al tr\u00e1nsito en\u00a0<strong>Leandro N. Alem<\/strong>\u00a0y\u00a0<strong>Viamonte.<\/strong>\u00a0Adem\u00e1s, hay desv\u00edos en\u00a0<strong>Alem<\/strong>\u00a0y\u00a0<strong>Corrientes\u00a0<\/strong>y\u00a0<strong>Alem<\/strong>\u00a0y\u00a0<strong>C\u00f3rdoba. (VW)<\/strong><\/p>\n<p>(Noticia en desarrollo\u2026)<\/p>\n","protected":false},"excerpt":{"rendered":"<p>Se trata de oficinas pertenecientes al Poder Judicial de la Ciudad, edificio que linda con la Secretar\u00eda de Trabajo, donde tambi\u00e9n esta ma\u00f1ana se realiz\u00f3 la primera protesta contra el gobierno de Milei. Hay&#46;&#46;&#46;<\/p>\n","protected":false},"author":4,"featured_media":12919,"comment_status":"closed","ping_status":"closed","sticky":false,"template":"","format":"standard","meta":{"_monsterinsights_skip_tracking":false,"_monsterinsights_sitenote_active":false,"_monsterinsights_sitenote_note":"","_monsterinsights_sitenote_category":0,"footnotes":""},"categories":[8],"tags":[857,5371,5372,1599,5373],"class_list":["post-12918","post","type-post","status-publish","format-standard","has-post-thumbnail","hentry","category-interes-general","tag-bomberos","tag-incendio-en-alem-600","tag-poder-judicial","tag-same","tag-secretaria-de-trabajo"],"_links":{"self":[{"href":"https:\/\/www.visionweb.com.ar\/index.php?rest_route=\/wp\/v2\/posts\/12918","targetHints":{"allow":["GET"]}}],"collection":[{"href":"https:\/\/www.visionweb.com.ar\/index.php?rest_route=\/wp\/v2\/posts"}],"about":[{"href":"https:\/\/www.visionweb.com.ar\/index.php?rest_route=\/wp\/v2\/types\/post"}],"author":[{"embeddable":true,"href":"https:\/\/www.visionweb.com.ar\/index.php?rest_route=\/wp\/v2\/users\/4"}],"replies":[{"embeddable":true,"href":"https:\/\/www.visionweb.com.ar\/index.php?rest_route=%2Fwp%2Fv2%2Fcomments&post=12918"}],"version-history":[{"count":1,"href":"https:\/\/www.visionweb.com.ar\/index.php?rest_route=\/wp\/v2\/posts\/12918\/revisions"}],"predecessor-version":[{"id":12920,"href":"https:\/\/www.visionweb.com.ar\/index.php?rest_route=\/wp\/v2\/posts\/12918\/revisions\/12920"}],"wp:featuredmedia":[{"embeddable":true,"href":"https:\/\/www.visionweb.com.ar\/index.php?rest_route=\/wp\/v2\/media\/12919"}],"wp:attachment":[{"href":"https:\/\/www.visionweb.com.ar\/index.php?rest_route=%2Fwp%2Fv2%2Fmedia&parent=12918"}],"wp:term":[{"taxonomy":"category","embeddable":true,"href":"https:\/\/www.visionweb.com.ar\/index.php?rest_route=%2Fwp%2Fv2%2Fcategories&post=12918"},{"taxonomy":"post_tag","embeddable":true,"href":"https:\/\/www.visionweb.com.ar\/index.php?rest_route=%2Fwp%2Fv2%2Ftags&post=12918"}],"curies":[{"name":"wp","href":"https:\/\/api.w.org\/{rel}","templated":true}]}}