{"id":12915,"date":"2023-12-12T12:55:09","date_gmt":"2023-12-12T15:55:09","guid":{"rendered":"https:\/\/www.visionweb.com.ar\/?p=12915"},"modified":"2023-12-12T12:55:09","modified_gmt":"2023-12-12T15:55:09","slug":"sin-cortar-la-calle-la-primera-protesta-de-castells-contra-el-gobierno-de-milei","status":"publish","type":"post","link":"https:\/\/www.visionweb.com.ar\/?p=12915","title":{"rendered":"Sin cortar la calle: La primera protesta de Castells contra el gobierno de Milei"},"content":{"rendered":"<p><em><strong>El reclamo fue por alimentos en los merenderos y una actualizaci\u00f3n de salarios, jubilaciones y planes sociales, y \u00abplanes de empleo genuinos. Fueron recibidos por funcionarios del \u00e1rea de Capital Humano.<\/strong><\/em><!--more--><\/p>\n<p><strong> <img loading=\"lazy\" decoding=\"async\" class=\"size-medium wp-image-12916 alignright\" src=\"https:\/\/www.visionweb.com.ar\/wp-content\/uploads\/2023\/12\/protesta-castells-sin-corte-de-calles-300x207.png\" alt=\"\" width=\"300\" height=\"207\" srcset=\"https:\/\/www.visionweb.com.ar\/wp-content\/uploads\/2023\/12\/protesta-castells-sin-corte-de-calles-300x207.png 300w, https:\/\/www.visionweb.com.ar\/wp-content\/uploads\/2023\/12\/protesta-castells-sin-corte-de-calles.png 591w\" sizes=\"auto, (max-width: 300px) 100vw, 300px\" \/>\u00a0 D<\/strong>irigentes y militantes del Movimiento Independiente de Jubilados y Desocupados (<strong>MIJD<\/strong>) se concentraron hoy frente al Ministerio de Trabajo, en una protesta encabezada por el referente sindical\u00a0<strong>Ra\u00fal Castells<\/strong>, que se desarroll\u00f3\u00a0<strong>sin cortar el tr\u00e1nsito, sobre la vereda<\/strong>\u00a0de la avenida Leandro N. Alem, y con presencia policial.<\/p>\n<p>As\u00ed, <strong>la primera protesta en la gesti\u00f3n de Javier Milei como presidente<\/strong>, comenz\u00f3 este martes pasadas las 10 sobre la vereda de la avenida Leandro N. Alem al 600, <strong>sin provocar cortes de tr\u00e1nsito y con presencia policial<\/strong>.<\/p>\n<p>Luego, alrededor de las 11, Castells y otros miembros del MIJD\u00a0<strong>fueron recibidos por funcionarios del \u00e1rea de Capital Humano<\/strong>\u00a0para \u00abpoder garantizar ayuda social para las familias que necesitan\u00bb, seg\u00fan informaron a\u00a0<em>T\u00e9lam<\/em>\u00a0voceros de esa organizaci\u00f3n social.<\/p>\n<p>Desde el sector reclaman un\u00a0<strong>aumento de la asistencia alimentaria para los comedores comunitarios,<\/strong>\u00a0el aumento del<strong>\u00a0salario m\u00ednimo vital y m\u00f3vil<\/strong>, cupos para nuevos<strong>\u00a0planes sociales<\/strong>\u00a0y la entrega de una \u201ccaja navide\u00f1a\u201d para todas las familias pobres del pa\u00eds.<\/p>\n<p>Los militantes se trasladaron hasta la puerta del Ministerio de Trabajo para realizar sus reclamos, pero<strong>\u00a0por la presencia policial en el lugar no se realizaron cortes de tr\u00e1nsito<\/strong>, sino que se movilizaron en las inmediaciones del edificio.<\/p>\n<p>Castells detall\u00f3 ante los medios period\u00edsticos presentes, que \u201cPuntualmente,<strong>\u00a0el reclamo es que aumenten el salario m\u00ednimo, vital y m\u00f3vil a 350 mil pesos<\/strong>, para que puedan subir la jubilaci\u00f3n y los planes sociales. En lo que va de los \u00faltimos treinta d\u00edas, los aumentos de precio est\u00e1n entre el 50% y el 100%, pr\u00e1cticamente se ha duplicado.\u00a0<strong>Es casi imposible que vivamos con eso<\/strong>, y en el caso nuestro, de los jubilados, estamos cobra 104 mil pesos\u201d, enfatiz\u00f3.<\/p>\n<p>Luego reafirm\u00f3: \u201c<strong>Lo que estamos pidiendo es que reabra la paritaria en el gremio<\/strong>, porque es tal el aumento de precios, en la comida en particular, que obliga a que haya que corregir los<strong>\u00a0salarios, las jubilaciones y los planes sociales<\/strong>. Hasta ahora, la \u00fanica libertad que se ha visto es la de aumentar los precios como se les cante a los 20 grupos de empresarios y a los 12 hipermercados que manejan el 70% de la comercializaci\u00f3n de alimento en este pa\u00eds\u201d. <strong>(VW)<\/strong><\/p>\n","protected":false},"excerpt":{"rendered":"<p>El reclamo fue por alimentos en los merenderos y una actualizaci\u00f3n de salarios, jubilaciones y planes sociales, y \u00abplanes de empleo genuinos. Fueron recibidos por funcionarios del \u00e1rea de Capital Humano.<\/p>\n","protected":false},"author":4,"featured_media":12916,"comment_status":"closed","ping_status":"closed","sticky":false,"template":"","format":"standard","meta":{"_monsterinsights_skip_tracking":false,"_monsterinsights_sitenote_active":false,"_monsterinsights_sitenote_note":"","_monsterinsights_sitenote_category":0,"footnotes":""},"categories":[4,5],"tags":[5370,5367,5369,5368],"class_list":["post-12915","post","type-post","status-publish","format-standard","has-post-thumbnail","hentry","category-politica","category-sociedad","tag-mijd","tag-primera-protesta-enel-gobierno-milei","tag-raul-castells","tag-sin-corte-de-calles"],"_links":{"self":[{"href":"https:\/\/www.visionweb.com.ar\/index.php?rest_route=\/wp\/v2\/posts\/12915","targetHints":{"allow":["GET"]}}],"collection":[{"href":"https:\/\/www.visionweb.com.ar\/index.php?rest_route=\/wp\/v2\/posts"}],"about":[{"href":"https:\/\/www.visionweb.com.ar\/index.php?rest_route=\/wp\/v2\/types\/post"}],"author":[{"embeddable":true,"href":"https:\/\/www.visionweb.com.ar\/index.php?rest_route=\/wp\/v2\/users\/4"}],"replies":[{"embeddable":true,"href":"https:\/\/www.visionweb.com.ar\/index.php?rest_route=%2Fwp%2Fv2%2Fcomments&post=12915"}],"version-history":[{"count":1,"href":"https:\/\/www.visionweb.com.ar\/index.php?rest_route=\/wp\/v2\/posts\/12915\/revisions"}],"predecessor-version":[{"id":12917,"href":"https:\/\/www.visionweb.com.ar\/index.php?rest_route=\/wp\/v2\/posts\/12915\/revisions\/12917"}],"wp:featuredmedia":[{"embeddable":true,"href":"https:\/\/www.visionweb.com.ar\/index.php?rest_route=\/wp\/v2\/media\/12916"}],"wp:attachment":[{"href":"https:\/\/www.visionweb.com.ar\/index.php?rest_route=%2Fwp%2Fv2%2Fmedia&parent=12915"}],"wp:term":[{"taxonomy":"category","embeddable":true,"href":"https:\/\/www.visionweb.com.ar\/index.php?rest_route=%2Fwp%2Fv2%2Fcategories&post=12915"},{"taxonomy":"post_tag","embeddable":true,"href":"https:\/\/www.visionweb.com.ar\/index.php?rest_route=%2Fwp%2Fv2%2Ftags&post=12915"}],"curies":[{"name":"wp","href":"https:\/\/api.w.org\/{rel}","templated":true}]}}