{"id":12907,"date":"2023-12-12T12:22:02","date_gmt":"2023-12-12T15:22:02","guid":{"rendered":"https:\/\/www.visionweb.com.ar\/?p=12907"},"modified":"2023-12-12T12:33:17","modified_gmt":"2023-12-12T15:33:17","slug":"juan-grabois-de-acuerdo-con-milei","status":"publish","type":"post","link":"https:\/\/www.visionweb.com.ar\/?p=12907","title":{"rendered":"Juan Grabois de acuerdo con Milei"},"content":{"rendered":"<p><em><strong>Respald\u00f3 la suspensi\u00f3n de la pauta oficial a medios, que inform\u00f3 el Gobierno de Javier Milei. Tambi\u00e9n se solidariz\u00f3 por la agresi\u00f3n que protagoniz\u00f3 el Presidente el d\u00eda de su asunci\u00f3n.<\/strong><\/em><!--more--><\/p>\n<div id=\"attachment_12913\" style=\"width: 310px\" class=\"wp-caption alignright\"><img loading=\"lazy\" decoding=\"async\" aria-describedby=\"caption-attachment-12913\" class=\"wp-image-12913 size-medium\" src=\"https:\/\/www.visionweb.com.ar\/wp-content\/uploads\/2023\/12\/Grabois-3-300x210.png\" alt=\"\" width=\"300\" height=\"210\" srcset=\"https:\/\/www.visionweb.com.ar\/wp-content\/uploads\/2023\/12\/Grabois-3-300x210.png 300w, https:\/\/www.visionweb.com.ar\/wp-content\/uploads\/2023\/12\/Grabois-3.png 581w\" sizes=\"auto, (max-width: 300px) 100vw, 300px\" \/><p id=\"caption-attachment-12913\" class=\"wp-caption-text\">Grabois celebr\u00f3 la iniciativa de eliminar las pautas oficiales a los medios. Foto: X<\/p><\/div>\n<p><em>\u00a0<\/em>\u00a0\u00a0<strong>E<\/strong>l l\u00edder de la Uni\u00f3n de Trabajadores y Trabajadoras de la Econom\u00eda Popular (UTEP), <strong>Juan Grabois<\/strong>, expres\u00f3 este martes su respaldo a la suspensi\u00f3n de la pauta oficial a medios, una medida que tom\u00f3 el Gobierno de <strong>Javier Milei<\/strong>, y que anunci\u00f3 el vocero Manuel Adorni.<\/p>\n<p>\u201cOjal\u00e1 hubi\u00e9ramos tenido nosotros los huevos para hacer esto\u201d, asegur\u00f3 Grabois en su cuenta de X (antes Twitter), al referirse a la eliminaci\u00f3n de la pauta oficial a los medios que anunci\u00f3 el vocero Manuel Adorni esta ma\u00f1ana desde la Casa Rosada.<\/p>\n<p>\u201cNunca banqu\u00e9 subsidiar a los medios hegem\u00f3nicos y mendigarles piedad a cambio de plata del pueblo\u201d, expres\u00f3 en su mensaje Grabois.<\/p>\n<p>Para ello, cit\u00f3 una nota de agosto de 2023 (antes de las PASO) en la que expresaba los motivos por los que eliminar\u00eda la pauta y las exenciones impositivas de los medios hegem\u00f3nicos. \u201cLa pauta deber\u00eda ser transparente, porque se utiliza de una manera que no es \u00e9tica\u201d, explic\u00f3 en ese entonces.<\/p>\n<p><strong>Grabois tambi\u00e9n repudi\u00f3 el ataque contra Milei:<\/strong><\/p>\n<p>Grabois se sum\u00f3 a las cr\u00edticas del hecho violento dirigido al Presidente, cuando el pasado domingo luego de la jura presidencial, un hombre le arroj\u00f3 una botella mientras circulaba por Avenida de Mayo en un auto descapotable.<\/p>\n<p>Y expres\u00f3: \u201cNada de botellazos. El que piense que va a resolver algo as\u00ed es sencillamente un imb\u00e9cil. Mi repudio\u201d.<\/p>\n<p>D\u00edas atr\u00e1s, el mismo Milei se hab\u00eda solidarizado con el dirigente social, luego de que fuese tambi\u00e9n v\u00edctima de una agresi\u00f3n cuando tomaba un caf\u00e9 junto a su padre.<\/p>\n<p>Luego de esa situaci\u00f3n, Grabois cont\u00f3 que el mandatario lo llam\u00f3 para solidarizarse con \u00e9l. \u201cQu\u00e9 cagada lo que pas\u00f3, yo estoy en contra de estas cosas, me parece mal\u201d, le habr\u00eda expresado el libertario.<\/p>\n<p>\u201cLa verdad es que tuvo una actitud correcta. Me pareci\u00f3 sincero su llamado\u201d, dijo el dirigente \u00a0social al dar a conocer la comunicaci\u00f3n entre ambos. <strong>(VW)<\/strong><\/p>\n","protected":false},"excerpt":{"rendered":"<p>Respald\u00f3 la suspensi\u00f3n de la pauta oficial a medios, que inform\u00f3 el Gobierno de Javier Milei. Tambi\u00e9n se solidariz\u00f3 por la agresi\u00f3n que protagoniz\u00f3 el Presidente el d\u00eda de su asunci\u00f3n.<\/p>\n","protected":false},"author":4,"featured_media":12913,"comment_status":"closed","ping_status":"closed","sticky":false,"template":"","format":"standard","meta":{"_monsterinsights_skip_tracking":false,"_monsterinsights_sitenote_active":false,"_monsterinsights_sitenote_note":"","_monsterinsights_sitenote_category":0,"footnotes":""},"categories":[4],"tags":[5366,4878,3993,1162],"class_list":["post-12907","post","type-post","status-publish","format-standard","has-post-thumbnail","hentry","category-politica","tag-eliminar-pautas-oficales","tag-javier-milei","tag-juan-grabois","tag-respaldo"],"_links":{"self":[{"href":"https:\/\/www.visionweb.com.ar\/index.php?rest_route=\/wp\/v2\/posts\/12907","targetHints":{"allow":["GET"]}}],"collection":[{"href":"https:\/\/www.visionweb.com.ar\/index.php?rest_route=\/wp\/v2\/posts"}],"about":[{"href":"https:\/\/www.visionweb.com.ar\/index.php?rest_route=\/wp\/v2\/types\/post"}],"author":[{"embeddable":true,"href":"https:\/\/www.visionweb.com.ar\/index.php?rest_route=\/wp\/v2\/users\/4"}],"replies":[{"embeddable":true,"href":"https:\/\/www.visionweb.com.ar\/index.php?rest_route=%2Fwp%2Fv2%2Fcomments&post=12907"}],"version-history":[{"count":4,"href":"https:\/\/www.visionweb.com.ar\/index.php?rest_route=\/wp\/v2\/posts\/12907\/revisions"}],"predecessor-version":[{"id":12914,"href":"https:\/\/www.visionweb.com.ar\/index.php?rest_route=\/wp\/v2\/posts\/12907\/revisions\/12914"}],"wp:featuredmedia":[{"embeddable":true,"href":"https:\/\/www.visionweb.com.ar\/index.php?rest_route=\/wp\/v2\/media\/12913"}],"wp:attachment":[{"href":"https:\/\/www.visionweb.com.ar\/index.php?rest_route=%2Fwp%2Fv2%2Fmedia&parent=12907"}],"wp:term":[{"taxonomy":"category","embeddable":true,"href":"https:\/\/www.visionweb.com.ar\/index.php?rest_route=%2Fwp%2Fv2%2Fcategories&post=12907"},{"taxonomy":"post_tag","embeddable":true,"href":"https:\/\/www.visionweb.com.ar\/index.php?rest_route=%2Fwp%2Fv2%2Ftags&post=12907"}],"curies":[{"name":"wp","href":"https:\/\/api.w.org\/{rel}","templated":true}]}}