{"id":12904,"date":"2023-12-12T11:33:26","date_gmt":"2023-12-12T14:33:26","guid":{"rendered":"https:\/\/www.visionweb.com.ar\/?p=12904"},"modified":"2023-12-12T11:33:26","modified_gmt":"2023-12-12T14:33:26","slug":"muestra-inmersiva-de-la-antartida-en-el-cck","status":"publish","type":"post","link":"https:\/\/www.visionweb.com.ar\/?p=12904","title":{"rendered":"Muestra inmersiva de la Ant\u00e1rtida en el CCK"},"content":{"rendered":"<p><em><strong>Hay tiempo hasta el pr\u00f3ximo domingo para visitar la muestra inmersiva\u00a0\u201cAnt\u00e1rtida, un legado de soberan\u00eda\u201d, un acontecimiento audiovisual \u00fanico, que conmemora los 120 a\u00f1os del rescate de la expedici\u00f3n sueca, en donde se encontraba el primer argentino que hizo ciencia en la Ant\u00e1rtida.<\/strong><\/em><!--more--><\/p>\n<div id=\"attachment_12905\" style=\"width: 310px\" class=\"wp-caption alignright\"><img loading=\"lazy\" decoding=\"async\" aria-describedby=\"caption-attachment-12905\" class=\"wp-image-12905 size-medium\" src=\"https:\/\/www.visionweb.com.ar\/wp-content\/uploads\/2023\/12\/muestra-antartida-en-el-cck-300x175.png\" alt=\"\" width=\"300\" height=\"175\" srcset=\"https:\/\/www.visionweb.com.ar\/wp-content\/uploads\/2023\/12\/muestra-antartida-en-el-cck-300x175.png 300w, https:\/\/www.visionweb.com.ar\/wp-content\/uploads\/2023\/12\/muestra-antartida-en-el-cck.png 500w\" sizes=\"auto, (max-width: 300px) 100vw, 300px\" \/><p id=\"caption-attachment-12905\" class=\"wp-caption-text\">Foto: Centro Cultural Kirchner<\/p><\/div>\n<p><strong>\u00a0\u00a0\u00a0 L<\/strong>a\u00a0<strong>Direcci\u00f3n Nacional del Ant\u00e1rtico<\/strong>\u00a0y el\u00a0<strong>Instituto Ant\u00e1rtico Argentino<\/strong>, dependientes de la\u00a0<strong>Secretar\u00eda de Malvinas, Ant\u00e1rtida y Atl\u00e1ntico Sur<\/strong>\u00a0de la\u00a0<strong>Canciller\u00eda argentina<\/strong>, junto con el\u00a0<strong>Ministerio de Cultura de la Naci\u00f3n<\/strong>, llevan a cabo en el\u00a0<strong>Centro Cultural Kirchner,<\/strong>\u00a0la nueva experiencia inmersiva\u00a0\u201c<strong><em>Ant\u00e1rtida. Un legado de soberan\u00eda\u201d<\/em><\/strong>.<\/p>\n<p>Creada a partir de un\u00a0<strong>registro documental realizado en la Ant\u00e1rtida Argentina<\/strong>\u00a0durante varios meses, la sala rinde\u00a0<strong>homenaje a uno de nuestros hitos ant\u00e1rticos<\/strong>: la conmemoraci\u00f3n de los\u00a0<strong>120 a\u00f1os del rescate de la expedici\u00f3n sueca<\/strong>, liderada por\u00a0<strong>Otto Nordenskj\u00f6ld<\/strong>, en la que se encontraba\u00a0<strong>Jos\u00e9 Mar\u00eda Sobral<\/strong>, el\u00a0<strong>primer argentino que hizo ciencia en la Ant\u00e1rtida Argentina<\/strong>, seg\u00fan detalla el Centro Cultural CCK.<\/p>\n<p>A partir del rescate efectuado por el Estado argentino, a cargo del teniente de nav\u00edo\u00a0<strong>Juli\u00e1n Ir\u00edzar<\/strong>, se cre\u00f3 una experiencia documental inmersiva, que\u00a0<strong>recorre la historia del grupo de expedicionarios argentinos<\/strong>\u00a0durante su viaje a la isla Cerro Nevado en la\u00a0<strong>Campa\u00f1a Ant\u00e1rtica de Verano 2022-2023<\/strong>.<\/p>\n<p>All\u00ed se realizaron los trabajos de conservaci\u00f3n del\u00a0<strong>Refugio Suecia<\/strong>, uno de los pocos refugios de la \u00e9poca heroica de la Ant\u00e1rtida que a\u00fan siguen en pie.<\/p>\n<p>Con la po\u00e9tica cautivante que surge de este entorno natural, se elabor\u00f3 este\u00a0<strong>acontecimiento audiovisual \u00fanico\u00a0<\/strong>que expande nuestros sentidos y permite reflexionar\u00a0<strong>sobre la necesidad de cuidar y sostener nuestros derechos soberanos<\/strong>.<\/p>\n<p>La propuesta nos acerca a la historia de un continente lejano, pero siempre cercano a la historia de la argentina bicontinental, donde hombres y mujeres trabajan diariamente, desde 1902, para\u00a0<strong>afianzar nuestra soberan\u00eda<\/strong>\u00a0y\u00a0<strong>profundizar el desarrollo cient\u00edfico nacional<\/strong>\u00a0en plena vigencia del\u00a0<strong>Tratado Ant\u00e1rtico<\/strong>.<\/p>\n<p>Participaron de este proyecto\u00a0<strong>Teo Salvarrey<\/strong>, del\u00a0<strong>Archivo Hist\u00f3rico del Ministerio de Relaciones Exteriores y Culto<\/strong>,\u00a0<strong>Pablo Fontana<\/strong>, del\u00a0<strong>Instituto Ant\u00e1rtico Argentino<\/strong>, y\u00a0<strong>Lucas\u00a0Cammilleri<\/strong>, de la\u00a0<strong>Direcci\u00f3n Nacional del Ant\u00e1rtico<\/strong>.<\/p>\n<p>La sala inmersiva puede visitarse<strong> hasta este domingo 17 de diciembre<\/strong> inclusive, durante los d\u00edas mi\u00e9rcoles, jueves, s\u00e1bado y domingo en el horario de 14 a 20:00hs. La entrada es gratuita y no requiere de reserva previa, inform\u00f3 el CCK. <strong>(VW)<\/strong><\/p>\n","protected":false},"excerpt":{"rendered":"<p>Hay tiempo hasta el pr\u00f3ximo domingo para visitar la muestra inmersiva\u00a0\u201cAnt\u00e1rtida, un legado de soberan\u00eda\u201d, un acontecimiento audiovisual \u00fanico, que conmemora los 120 a\u00f1os del rescate de la expedici\u00f3n sueca, en donde se encontraba&#46;&#46;&#46;<\/p>\n","protected":false},"author":4,"featured_media":12905,"comment_status":"closed","ping_status":"closed","sticky":false,"template":"","format":"standard","meta":{"_monsterinsights_skip_tracking":false,"_monsterinsights_sitenote_active":false,"_monsterinsights_sitenote_note":"","_monsterinsights_sitenote_category":0,"footnotes":""},"categories":[8],"tags":[5364,5363,5365],"class_list":["post-12904","post","type-post","status-publish","format-standard","has-post-thumbnail","hentry","category-interes-general","tag-centro-cultural-kirchner","tag-muestra-inmersiva-antatida","tag-un-legado-de-soberania"],"_links":{"self":[{"href":"https:\/\/www.visionweb.com.ar\/index.php?rest_route=\/wp\/v2\/posts\/12904","targetHints":{"allow":["GET"]}}],"collection":[{"href":"https:\/\/www.visionweb.com.ar\/index.php?rest_route=\/wp\/v2\/posts"}],"about":[{"href":"https:\/\/www.visionweb.com.ar\/index.php?rest_route=\/wp\/v2\/types\/post"}],"author":[{"embeddable":true,"href":"https:\/\/www.visionweb.com.ar\/index.php?rest_route=\/wp\/v2\/users\/4"}],"replies":[{"embeddable":true,"href":"https:\/\/www.visionweb.com.ar\/index.php?rest_route=%2Fwp%2Fv2%2Fcomments&post=12904"}],"version-history":[{"count":1,"href":"https:\/\/www.visionweb.com.ar\/index.php?rest_route=\/wp\/v2\/posts\/12904\/revisions"}],"predecessor-version":[{"id":12906,"href":"https:\/\/www.visionweb.com.ar\/index.php?rest_route=\/wp\/v2\/posts\/12904\/revisions\/12906"}],"wp:featuredmedia":[{"embeddable":true,"href":"https:\/\/www.visionweb.com.ar\/index.php?rest_route=\/wp\/v2\/media\/12905"}],"wp:attachment":[{"href":"https:\/\/www.visionweb.com.ar\/index.php?rest_route=%2Fwp%2Fv2%2Fmedia&parent=12904"}],"wp:term":[{"taxonomy":"category","embeddable":true,"href":"https:\/\/www.visionweb.com.ar\/index.php?rest_route=%2Fwp%2Fv2%2Fcategories&post=12904"},{"taxonomy":"post_tag","embeddable":true,"href":"https:\/\/www.visionweb.com.ar\/index.php?rest_route=%2Fwp%2Fv2%2Ftags&post=12904"}],"curies":[{"name":"wp","href":"https:\/\/api.w.org\/{rel}","templated":true}]}}