{"id":12897,"date":"2023-12-12T07:26:20","date_gmt":"2023-12-12T10:26:20","guid":{"rendered":"https:\/\/www.visionweb.com.ar\/?p=12897"},"modified":"2023-12-11T20:38:18","modified_gmt":"2023-12-11T23:38:18","slug":"juro-el-gobernador-axel-kicillof-y-le-dirigio-un-mensaje-al-presidente-javier-milei","status":"publish","type":"post","link":"https:\/\/www.visionweb.com.ar\/?p=12897","title":{"rendered":"Jur\u00f3 el gobernador Axel Kicillof y le dirigi\u00f3 un mensaje al presidente Javier Milei"},"content":{"rendered":"<p><strong><em>Lo hizo ante la Asamblea Legislativa bonaerense, el juramento se lo tomo la Ver\u00f3nica Magario, para el per\u00edodo 2023-2027<\/em><\/strong><!--more--><\/p>\n<p>Axel Kicillof jur\u00f3 este lunes por segunda vez como gobernador de la provincia de Buenos Aires, reconoci\u00f3 que fueron cuatro a\u00f1os dif\u00edciles, record\u00f3 la herencia que recibi\u00f3 en 2019, aunque prometi\u00f3 \u201cseguir gobernando para todos, sin distinci\u00f3n\u201d.<\/p>\n<p>En su discurso, Kicillof dej\u00f3 un mensaje para el presidente Javier Milei, al asegurar que lo que falta no se consigue con ajuste.<\/p>\n<p>\u201cTomo esta reelecci\u00f3n con emoci\u00f3n pero sin existimo. Los bonaerenses evaluaron que lo que falta no se consigue<strong> ni con motosierra ni ajuste.<\/strong> Pero sobre todo dijeron que <strong>no sobran derechos, que no sobra Estado; al rev\u00e9s, hacen falta m\u00e1s derechos, hace falta m\u00e1s y mejor Estado<\/strong>\u201d, dijo el mandatario tras jurar ante la Asamblea Legislativa.<\/p>\n<p>En casi 35 minutos de discurso, Kicillof busc\u00f3 posicionarse como el referente opositor nacional ya que en todo momento apunt\u00f3 sus cr\u00edticas a los dichos por Milei, quien tras asumir dijo que el \u201cajuste esta vez lo har\u00e1 el Estado\u201d.<\/p>\n<p>\u201cCreo que las propuestas de la fuerza que gan\u00f3 a nivel nacional no conducen a una mejor sociedad, ni una mejor econom\u00eda, pero deseo que al Gobierno nacional le vaya bien porque pese a no compartir las propuestas, respetamos profundamente la voluntad popular de los argentinos\u201d, dijo ante el aplauso de los legisladores del oficialismo, p\u00fablico presente y la atenta mirada de Cristina Fern\u00e1ndez, en el palco junto a la esposa de Kicillof.<\/p>\n<p>\u201cLe pido al Gobierno nacional patriotismo, la gente no vot\u00f3 venganza. La mayor\u00eda no vot\u00f3 la ca\u00edda de los salarios o la destrucci\u00f3n de la industria\u201d, dijo en otro trayecto siempre apuntando a los anuncios de un d\u00eda anterior del Presidente.<\/p>\n<p><strong>Reparto de fondos<\/strong><\/p>\n<p>Tambi\u00e9n el gobernador aprovech\u00f3 para pedir m\u00e1s fondos y volvi\u00f3 a destacar que la Provincia es discriminada en relaci\u00f3n con lo que produce y recibe. \u201cLa provincia de Buenos Aires es la que tiene el Estado m\u00e1s peque\u00f1o en relaci\u00f3n a su tama\u00f1o, tanto en t\u00e9rminos de trabajadores como de gastos. Tenemos necesidades de todo tipo. \u00bfCu\u00e1l es la idea? \u00bfAhogar a la provincia, sac\u00e1ndole los recursos que recibe?\u201d, alert\u00f3.<\/p>\n<p>A lo largo de su discurso, el mandatario provincial mantuvo una posici\u00f3n equidistante, entre respetar la legitimidad del triunfo que obtuvo Milei en las urnas, pero remarcando lo que los separa. \u201cLa vida no es un mercado, la patria no se vende\u201d, se\u00f1al\u00f3.<\/p>\n<p>\u201cSin federalismo no hay patria. As\u00ed como otras ideas fueron rectificadas, esperamos que otras en materia de distribuci\u00f3n de recursos sean revisadas. No queremos que la provincia de Buenos Aires reciba el proporcional de lo que recibe, somos una provincia solidaria. Pero no queremos quedarnos sin los recursos que nos corresponden\u201d, agreg\u00f3.<\/p>\n<p><strong>Autocr\u00edtica<\/strong><\/p>\n<p>En el inicio de su discurso, en tanto, hizo una primera evaluaci\u00f3n de la derrota electoral que sufri\u00f3 el peronismo y desarroll\u00f3 una autocr\u00edtica. \u201cCreo que falt\u00f3 rebeld\u00eda, justicia social, distribuci\u00f3n de la riqueza, e igualdad\u201d, dijo.<\/p>\n<p>\u201cEn 2019 se gan\u00f3 para resolver lo que hab\u00eda dejado Macri. Pero\u00a0los ingresos no se recuperaron. A\u00fan en situaciones desfavorables como la pandemia, sin dudas no pudimos dar respuestas como fuerza pol\u00edtica a estas necesidades. Eso sin dudas es la causa del resultado electoral\u201d, agreg\u00f3.<\/p>\n<p>Luego,\u00a0sent\u00f3 posici\u00f3n sobre la relaci\u00f3n que tendr\u00e1 con el gobierno de Javier Milei. Reiter\u00f3 la legitimidad que obtuvo La Libertad Avanza en las urnas, pero reivindic\u00f3 las diferencias de pensamiento entre ambas fuerzas pol\u00edticas. \u201cLa sociedad eligi\u00f3 un nuevo presidente cuyas ideas no compartimos. Pero el pueblo y s\u00f3lo el pueblo gobierna.\u00a0Corresponde respetar la esperanza\u201d, afirm\u00f3.<\/p>\n<p>\u201cLas ideas del nuevo gobierno est\u00e1n en las ant\u00edpodas de lo que pensamos, pero respetamos profundamente la voluntad popular de los argentinos. Pedimos tambi\u00e9n que se respete la voluntad de la mayor\u00eda de los bonaerenses\u201d, agreg\u00f3.<\/p>\n<p>La ceremonia comenz\u00f3 pasadas las 18 en la Legislatura bonaerense y cuenta con la presencia de la ex vicepresidenta, Cristina Fern\u00e1ndez de Kirchner, quien recibi\u00f3 por parte de Kicillof un saludo especial en el inicio de su mensaje.<\/p>\n<p>Cabe destacar que la jura de sus ministros est\u00e1 programada para dos d\u00edas despu\u00e9s. El mi\u00e9rcoles 13 de diciembre, a las 10 de la ma\u00f1ana, el gobernador dejar\u00e1 posesionado a su Gabinete.<\/p>\n<p>Kicillof gan\u00f3 las elecciones generales del 22 de octubre, obteniendo un 45% de los votos. En esa contienda electoral se impuso sobre N\u00e9stor Grindetti (Juntos por el Cambio) que alcanz\u00f3 un 26.59%, Carolina Piparo (La Libertad Avanza), que lleg\u00f3 al 24,62% y Rub\u00e9n \u201cPollo\u201d Sobrero (Frente de Izquierda) que cosech\u00f3 un 3,89%.<strong>(VW)<\/strong><\/p>\n","protected":false},"excerpt":{"rendered":"<p>Lo hizo ante la Asamblea Legislativa bonaerense, el juramento se lo tomo la Ver\u00f3nica Magario, para el per\u00edodo 2023-2027<\/p>\n","protected":false},"author":3,"featured_media":12898,"comment_status":"closed","ping_status":"closed","sticky":false,"template":"","format":"standard","meta":{"_monsterinsights_skip_tracking":false,"_monsterinsights_sitenote_active":false,"_monsterinsights_sitenote_note":"","_monsterinsights_sitenote_category":0,"footnotes":""},"categories":[4],"tags":[185,5361,493],"class_list":["post-12897","post","type-post","status-publish","format-standard","has-post-thumbnail","hentry","category-politica","tag-coparticipacion","tag-milei-motosierra","tag-recursos"],"_links":{"self":[{"href":"https:\/\/www.visionweb.com.ar\/index.php?rest_route=\/wp\/v2\/posts\/12897","targetHints":{"allow":["GET"]}}],"collection":[{"href":"https:\/\/www.visionweb.com.ar\/index.php?rest_route=\/wp\/v2\/posts"}],"about":[{"href":"https:\/\/www.visionweb.com.ar\/index.php?rest_route=\/wp\/v2\/types\/post"}],"author":[{"embeddable":true,"href":"https:\/\/www.visionweb.com.ar\/index.php?rest_route=\/wp\/v2\/users\/3"}],"replies":[{"embeddable":true,"href":"https:\/\/www.visionweb.com.ar\/index.php?rest_route=%2Fwp%2Fv2%2Fcomments&post=12897"}],"version-history":[{"count":1,"href":"https:\/\/www.visionweb.com.ar\/index.php?rest_route=\/wp\/v2\/posts\/12897\/revisions"}],"predecessor-version":[{"id":12899,"href":"https:\/\/www.visionweb.com.ar\/index.php?rest_route=\/wp\/v2\/posts\/12897\/revisions\/12899"}],"wp:featuredmedia":[{"embeddable":true,"href":"https:\/\/www.visionweb.com.ar\/index.php?rest_route=\/wp\/v2\/media\/12898"}],"wp:attachment":[{"href":"https:\/\/www.visionweb.com.ar\/index.php?rest_route=%2Fwp%2Fv2%2Fmedia&parent=12897"}],"wp:term":[{"taxonomy":"category","embeddable":true,"href":"https:\/\/www.visionweb.com.ar\/index.php?rest_route=%2Fwp%2Fv2%2Fcategories&post=12897"},{"taxonomy":"post_tag","embeddable":true,"href":"https:\/\/www.visionweb.com.ar\/index.php?rest_route=%2Fwp%2Fv2%2Ftags&post=12897"}],"curies":[{"name":"wp","href":"https:\/\/api.w.org\/{rel}","templated":true}]}}