{"id":12894,"date":"2023-12-11T15:02:50","date_gmt":"2023-12-11T18:02:50","guid":{"rendered":"https:\/\/www.visionweb.com.ar\/?p=12894"},"modified":"2023-12-11T20:51:41","modified_gmt":"2023-12-11T23:51:41","slug":"alejandro-dichiara-fue-elegido-presidente-de-la-camara-de-diputados","status":"publish","type":"post","link":"https:\/\/www.visionweb.com.ar\/?p=12894","title":{"rendered":"Alejandro Dichiara fue elegido Presidente de la C\u00e1mara de Diputados bonaerense"},"content":{"rendered":"<p><em><strong>Tras un cuarto intermedio se retom\u00f3 la sesi\u00f3n para poner en votaci\u00f3n las nuevas autoridades de la C\u00e1mara. La Presidencia del cuerpo recay\u00f3 en el diputado Alejandro Dichiara, dirigente de la sexta secci\u00f3n electora.<\/strong><\/em><!--more--><\/p>\n<p><strong><img loading=\"lazy\" decoding=\"async\" class=\"size-medium wp-image-12895 alignleft\" src=\"https:\/\/www.visionweb.com.ar\/wp-content\/uploads\/2023\/12\/DICHIARA-jura-como-presidente-de-la-camara-baja-300x200.png\" alt=\"\" width=\"300\" height=\"200\" srcset=\"https:\/\/www.visionweb.com.ar\/wp-content\/uploads\/2023\/12\/DICHIARA-jura-como-presidente-de-la-camara-baja-300x200.png 300w, https:\/\/www.visionweb.com.ar\/wp-content\/uploads\/2023\/12\/DICHIARA-jura-como-presidente-de-la-camara-baja.png 640w\" sizes=\"auto, (max-width: 300px) 100vw, 300px\" \/>E<\/strong>l diputado bonaerense Alejandro Dichiara fue elegido presidente de la C\u00e1mara de Diputados (Frente de Todos, ahora Uni\u00f3n por la Patria), con mandato hasta 2025, proviene de Monte Hermoso, y forma parte de varias comisiones, entre ellas de Turismo y de Comunicaci\u00f3n.<\/p>\n<p>\u00abSoy un hombre de di\u00e1logo y de consenso, siempre va a estar abierta la puerta de la Presidencia para escuchar los reclamos, las necesidades y los proyectos de todos y cada uno de los integrantes de este honorable cuerpo\u00bb, consign\u00f3 el legislador ahora flamante presidente, y asegur\u00f3 que.<\/p>\n<p>Es necesario el di\u00e1logo, en este momento m\u00e1s que nunca\u00bb, sostuvo. Y, al tiempo que agradeci\u00f3 al gobernador Axel Kicillof, a Sergio Massa y a M\u00e1ximo Kirchner el apoyo brindado para ocupar el cargo, invit\u00f3 a los y las diputadas \u00aba que me acompa\u00f1en para que juntos podamos darle al gobernador las leyes y herramientas necesarias que hagan posible mejorar la calidad de vida de todos y cada uno de los habitantes de la provincia de Buenos Aires.\u00bb<\/p>\n<p>En tanto, fue designado vicepresidente Alexis Guerrera, dirigente del Frente Renovador, ex intendente de General Pinto -cargo para el que fue reelecto en tres oportunidades- y ex Ministro de Trasporte de la Naci\u00f3n.<\/p>\n<p>La vicepresidencia primera, por su parte, continuar\u00e1 a cargo del representante de Juntos por el Cambio Adri\u00e1n Urrelli; mientras que la vicepresidencia segunda ser\u00e1 ejercida por Carlos \u00abCuto\u00bb Moreno y la tercera por la diputada radical oriunda de Saladillo, Alejandra Lorden. Tambi\u00e9n fue reelecto como Secretario Administrativo Miguel De Lisi.<strong>(VW)<\/strong><\/p>\n","protected":false},"excerpt":{"rendered":"<p>Tras un cuarto intermedio se retom\u00f3 la sesi\u00f3n para poner en votaci\u00f3n las nuevas autoridades de la C\u00e1mara. La Presidencia del cuerpo recay\u00f3 en el diputado Alejandro Dichiara, dirigente de la sexta secci\u00f3n electora.<\/p>\n","protected":false},"author":3,"featured_media":12895,"comment_status":"closed","ping_status":"closed","sticky":false,"template":"","format":"standard","meta":{"_monsterinsights_skip_tracking":false,"_monsterinsights_sitenote_active":false,"_monsterinsights_sitenote_note":"","_monsterinsights_sitenote_category":0,"footnotes":""},"categories":[1],"tags":[650,1336,5360,143],"class_list":["post-12894","post","type-post","status-publish","format-standard","has-post-thumbnail","hentry","category-uncategorized","tag-bonaerenses","tag-camara","tag-dichiara","tag-diputados"],"_links":{"self":[{"href":"https:\/\/www.visionweb.com.ar\/index.php?rest_route=\/wp\/v2\/posts\/12894","targetHints":{"allow":["GET"]}}],"collection":[{"href":"https:\/\/www.visionweb.com.ar\/index.php?rest_route=\/wp\/v2\/posts"}],"about":[{"href":"https:\/\/www.visionweb.com.ar\/index.php?rest_route=\/wp\/v2\/types\/post"}],"author":[{"embeddable":true,"href":"https:\/\/www.visionweb.com.ar\/index.php?rest_route=\/wp\/v2\/users\/3"}],"replies":[{"embeddable":true,"href":"https:\/\/www.visionweb.com.ar\/index.php?rest_route=%2Fwp%2Fv2%2Fcomments&post=12894"}],"version-history":[{"count":2,"href":"https:\/\/www.visionweb.com.ar\/index.php?rest_route=\/wp\/v2\/posts\/12894\/revisions"}],"predecessor-version":[{"id":12900,"href":"https:\/\/www.visionweb.com.ar\/index.php?rest_route=\/wp\/v2\/posts\/12894\/revisions\/12900"}],"wp:featuredmedia":[{"embeddable":true,"href":"https:\/\/www.visionweb.com.ar\/index.php?rest_route=\/wp\/v2\/media\/12895"}],"wp:attachment":[{"href":"https:\/\/www.visionweb.com.ar\/index.php?rest_route=%2Fwp%2Fv2%2Fmedia&parent=12894"}],"wp:term":[{"taxonomy":"category","embeddable":true,"href":"https:\/\/www.visionweb.com.ar\/index.php?rest_route=%2Fwp%2Fv2%2Fcategories&post=12894"},{"taxonomy":"post_tag","embeddable":true,"href":"https:\/\/www.visionweb.com.ar\/index.php?rest_route=%2Fwp%2Fv2%2Ftags&post=12894"}],"curies":[{"name":"wp","href":"https:\/\/api.w.org\/{rel}","templated":true}]}}