{"id":12889,"date":"2023-12-11T14:42:02","date_gmt":"2023-12-11T17:42:02","guid":{"rendered":"https:\/\/www.visionweb.com.ar\/?p=12889"},"modified":"2023-12-11T14:44:37","modified_gmt":"2023-12-11T17:44:37","slug":"la-oposicion-reacciono-al-discurso-de-milei-con-rechazos-al-ajuste","status":"publish","type":"post","link":"https:\/\/www.visionweb.com.ar\/?p=12889","title":{"rendered":"Con rechazos y apoyos las reacciones al discurso de Milei"},"content":{"rendered":"<p><em><strong>En tanto la Unidad Piquetera prepara un encuentro para este martes para proponer un plan de lucha, luego de conocerse los anuncios delk Gobierno nacional.<\/strong><\/em> <!--more--><\/p>\n<div id=\"attachment_12890\" style=\"width: 310px\" class=\"wp-caption alignright\"><img loading=\"lazy\" decoding=\"async\" aria-describedby=\"caption-attachment-12890\" class=\"wp-image-12890 size-medium\" src=\"https:\/\/www.visionweb.com.ar\/wp-content\/uploads\/2023\/12\/MINISTERIO-DE-ECONOMIA-300x225.png\" alt=\"\" width=\"300\" height=\"225\" srcset=\"https:\/\/www.visionweb.com.ar\/wp-content\/uploads\/2023\/12\/MINISTERIO-DE-ECONOMIA-300x225.png 300w, https:\/\/www.visionweb.com.ar\/wp-content\/uploads\/2023\/12\/MINISTERIO-DE-ECONOMIA-320x240.png 320w, https:\/\/www.visionweb.com.ar\/wp-content\/uploads\/2023\/12\/MINISTERIO-DE-ECONOMIA.png 640w\" sizes=\"auto, (max-width: 300px) 100vw, 300px\" \/><p id=\"caption-attachment-12890\" class=\"wp-caption-text\"><strong><em>El Ministerio de Econom\u00eda ser\u00e1 ma\u00f1ana el escenario de los anuncios del ministro Luis Caputo<\/em><\/strong><\/p><\/div>\n<p><strong>L<\/strong>a nueva oposici\u00f3n, que re\u00fane voces tan dis\u00edmiles como la izquierda, Uni\u00f3n por la Patria, el radicalismo y el PRO, conjug\u00f3 expresiones de buenos deseos a la gesti\u00f3n entrante de Javier Milei como cr\u00edticas por el contenido de su primer discurso como presidente.<\/p>\n<p>La ex diputada del Interbloque Federal Graciela Cama\u00f1o sostuvo que Milei \u201cse recibi\u00f3 de casta\u201d por \u201csu capricho de hablar afuera\u201d del recinto, en las escalinatas del Palacio Legislativo.<\/p>\n<p>A su entender, la \u201csobreactuaci\u00f3n\u201d del l\u00edder de La Libertad Avanza \u201cle cost\u00f3 al Estado (l\u00e9ase: contribuyentes) muchos pesos en ceremonial y seguridad\u201d.<\/p>\n<p>\u201cLo austero era hablar adentro y empezar a mostrar gesti\u00f3n. Buena suerte\u2026\u201d, complet\u00f3 la peronista no kirchnerista.<\/p>\n<p>En tanto, la diputada del Frente de Izquierda Myriam Bregman se\u00f1al\u00f3 que \u201cen los paneles de TV (Milei) se mostraba disruptivo\u201d, pero \u201cahora es un ajustador cl\u00e1sico, hecho y derecho\u201d.<\/p>\n<p>El embajador argentino en Espa\u00f1a, Ricardo Alfons\u00edn, critic\u00f3 la utilizaci\u00f3n indiscriminada de la palabra \u201clibertad\u201d en el discurso y la narrativa liberal.<\/p>\n<p>El l\u00edder de la UTEP, Juan Grabois, con un mensaje en su cuenta de la red social X, analiz\u00f3 que en esta \u201cetapa de profundas diferencias conceptuales\u201d, que comenz\u00f3 con la asunci\u00f3n de Milei, \u201cpara que podamos convivir, tiene que estar signada por el respeto\u201d.<\/p>\n<p>En ese marco, llam\u00f3 entonces a \u201crespetar al otro\u201d, pero tambi\u00e9n \u201chacerse respetar\u201d.\u00a0 \u201cPrimero al valor superior de la paz y la diversidad democr\u00e1tica. Nunca la guerra entre nosotros y que el que viole esa ley de paz por odio pol\u00edtico\u2026 sea de un palo o el otro, que las pague\u201d, remarc\u00f3 Grabois y destac\u00f3 que cumplir ese objetivo es \u201cresponsabilidad de todos, pero principalmente del presidente\u201d.<\/p>\n<p>Adem\u00e1s, llam\u00f3 a \u201crespetar la voluntad mayoritaria del pueblo que vot\u00f3 a Milei, pero tambi\u00e9n a la voluntad de otra enorme cantidad de argentinos que nos eligieron, a las representaciones sectoriales y sindicales electas por sus trabajadores y miembros, a los municipios, pueblos originarios y comunidades con sus representantes\u201d.<\/p>\n<p>Adem\u00e1s calific\u00f3 al primer discurso presidencial, que dio Milei sobre las escalinatas del Congreso, como un \u201cplanteo mesi\u00e1nico y fundacional, an\u00e1lisis hist\u00f3rico gorila, diagn\u00f3stico con elementos reales -como la gravedad de la crisis social y educativa- pero totalmente sesgado para justificar shock, ajuste al Estado, privatizaciones y despidos; preanuncia duplicaci\u00f3n de precios y m\u00e1s pobreza\u201d.<\/p>\n<p>Cuestion\u00f3 que con su discurso, Milei \u201camenaza al que protesta y sus organizaciones, pero tiene palabras amistosas con \u2018la casta\u2019, es decir los partidos pol\u00edticos, la invita a traicionar sus convicciones y pasarse a sus filas\u201d.<\/p>\n<p>Con una visi\u00f3n completamente diferente, y con cierta cuota de optimismo, el presidente del bloque de la UCR, Rodrigo De Loredo, celebr\u00f3 que este domingo \u201cse va uno de los peores gobiernos de la historia y se abre la oportunidad de dejar atr\u00e1s un modelo que nos llev\u00f3 al atraso\u201d.<\/p>\n<p>\u201cDesde la sensatez vamos a contribuir para que el gobierno de Javier Milei pueda llevar adelante las reformas necesarias que requiera su gobierno para lograr la tan ansiada estabilidad y recuperaci\u00f3n econ\u00f3mica\u201d, se comprometi\u00f3 el cordob\u00e9s radical.<\/p>\n<p>Tambi\u00e9n destac\u00f3 que \u201cel discurso presidencial pone sobre la mesa con dureza la realidad argentina y los tiempos a\u00fan m\u00e1s dif\u00edciles que se vienen\u201d.<\/p>\n<p><strong>Unidad piquetera<\/strong><\/p>\n<p><img loading=\"lazy\" decoding=\"async\" class=\"size-medium wp-image-974 alignleft\" src=\"https:\/\/www.visionweb.com.ar\/wp-content\/uploads\/2021\/02\/PIQUETEROS-300x187.png\" alt=\"\" width=\"300\" height=\"187\" srcset=\"https:\/\/www.visionweb.com.ar\/wp-content\/uploads\/2021\/02\/PIQUETEROS-300x187.png 300w, https:\/\/www.visionweb.com.ar\/wp-content\/uploads\/2021\/02\/PIQUETEROS.png 640w\" sizes=\"auto, (max-width: 300px) 100vw, 300px\" \/>Luego de conocer cu\u00e1les ser\u00e1n las medidas econ\u00f3micas que anunciar\u00e1 el nuevo gobierno, la conducci\u00f3n nacional de las<strong> organizaciones de izquierda nucleadas en la Unidad Piquetera (UP)<\/strong> se reunir\u00e1 ma\u00f1ana para proponer un \u201cplan de lucha\u201d para defender a \u201clos trabajadores y los pobres\u201d y \u201cel derecho a la protesta\u201d.<\/p>\n<p>\u201cLa idea es unir a todos los que quieran luchar contra los anuncios del Gobierno y tambi\u00e9n la idea es sumar a sectores del movimiento obrero\u201d, dijo a la agencia estatal T\u00e9lam Eduardo Belliboni, referente del Polo Obrero (PO).<\/p>\n<p>El dirigente advirti\u00f3 que el hecho de que \u201cdesde la primera magistratura nos diga que en la Argentina va a haber m\u00e1s hambre, menos trabajo, m\u00e1s desocupaci\u00f3n y que hay que aguant\u00e1rsela porque si no viene la hiperinflaci\u00f3n, es una real extorsi\u00f3n\u201d y consider\u00f3 que por ese motivo, el mensaje de ayer fue \u201cun plan de guerra contra los trabajadores y contra los pobres del pa\u00eds\u201d que van a \u201cresistir\u201d.<\/p>\n<p>El encuentro de los dirigentes se realizar\u00e1 ma\u00f1ana desde las 15 en la sede ubicada en Mitre 2162 de la Capital Federal, desde donde lanzar\u00e1n \u201cuna estrategia de lucha\u201d hacia \u201cla conducci\u00f3n de la UTEP (Uni\u00f3n de Trabajadores y Trabajadoras de la Econom\u00eda Popular) y el sindicalismo, en defensa de la libertad de protestar y de los derechos\u201d, seg\u00fan indic\u00f3 el dirigente.<\/p>\n<p>\u201cEl anuncio de Milei a los que cortamos calles es una amenaza para nosotros. Es una amenaza a los m\u00e1s vulnerables y tiene como objetivo de castigar a la protesta social\u201d, dijo<strong>(VW)<\/strong>.<\/p>\n","protected":false},"excerpt":{"rendered":"<p>En tanto la Unidad Piquetera prepara un encuentro para este martes para proponer un plan de lucha, luego de conocerse los anuncios delk Gobierno nacional.<\/p>\n","protected":false},"author":3,"featured_media":12890,"comment_status":"closed","ping_status":"closed","sticky":false,"template":"","format":"standard","meta":{"_monsterinsights_skip_tracking":false,"_monsterinsights_sitenote_active":false,"_monsterinsights_sitenote_note":"","_monsterinsights_sitenote_category":0,"footnotes":""},"categories":[4],"tags":[523,1729,2291,1389],"class_list":["post-12889","post","type-post","status-publish","format-standard","has-post-thumbnail","hentry","category-politica","tag-medidas","tag-oposicion","tag-piqueteros","tag-radicalismo"],"_links":{"self":[{"href":"https:\/\/www.visionweb.com.ar\/index.php?rest_route=\/wp\/v2\/posts\/12889","targetHints":{"allow":["GET"]}}],"collection":[{"href":"https:\/\/www.visionweb.com.ar\/index.php?rest_route=\/wp\/v2\/posts"}],"about":[{"href":"https:\/\/www.visionweb.com.ar\/index.php?rest_route=\/wp\/v2\/types\/post"}],"author":[{"embeddable":true,"href":"https:\/\/www.visionweb.com.ar\/index.php?rest_route=\/wp\/v2\/users\/3"}],"replies":[{"embeddable":true,"href":"https:\/\/www.visionweb.com.ar\/index.php?rest_route=%2Fwp%2Fv2%2Fcomments&post=12889"}],"version-history":[{"count":3,"href":"https:\/\/www.visionweb.com.ar\/index.php?rest_route=\/wp\/v2\/posts\/12889\/revisions"}],"predecessor-version":[{"id":12893,"href":"https:\/\/www.visionweb.com.ar\/index.php?rest_route=\/wp\/v2\/posts\/12889\/revisions\/12893"}],"wp:featuredmedia":[{"embeddable":true,"href":"https:\/\/www.visionweb.com.ar\/index.php?rest_route=\/wp\/v2\/media\/12890"}],"wp:attachment":[{"href":"https:\/\/www.visionweb.com.ar\/index.php?rest_route=%2Fwp%2Fv2%2Fmedia&parent=12889"}],"wp:term":[{"taxonomy":"category","embeddable":true,"href":"https:\/\/www.visionweb.com.ar\/index.php?rest_route=%2Fwp%2Fv2%2Fcategories&post=12889"},{"taxonomy":"post_tag","embeddable":true,"href":"https:\/\/www.visionweb.com.ar\/index.php?rest_route=%2Fwp%2Fv2%2Ftags&post=12889"}],"curies":[{"name":"wp","href":"https:\/\/api.w.org\/{rel}","templated":true}]}}