{"id":12887,"date":"2023-12-11T13:39:08","date_gmt":"2023-12-11T16:39:08","guid":{"rendered":"https:\/\/www.visionweb.com.ar\/?p=12887"},"modified":"2023-12-11T13:39:08","modified_gmt":"2023-12-11T16:39:08","slug":"provincia-kicillof-reasumira-esta-tarde-con-su-nuevo-gabinete","status":"publish","type":"post","link":"https:\/\/www.visionweb.com.ar\/?p=12887","title":{"rendered":"Provincia: Kicillof reasumir\u00e1 esta tarde con su nuevo gabinete\u00a0"},"content":{"rendered":"<p><strong><em>El gobernador exalt\u00f3 hoy los principales logros de su gesti\u00f3n, que ser\u00e1n parte de su discurso esta tarde, en la ceremonia de asunci\u00f3n. <\/em><\/strong><!--more--><\/p>\n<p><img loading=\"lazy\" decoding=\"async\" class=\"size-medium wp-image-12833 alignright\" src=\"https:\/\/www.visionweb.com.ar\/wp-content\/uploads\/2023\/12\/kicillof-300x206.png\" alt=\"\" width=\"300\" height=\"206\" srcset=\"https:\/\/www.visionweb.com.ar\/wp-content\/uploads\/2023\/12\/kicillof-300x206.png 300w, https:\/\/www.visionweb.com.ar\/wp-content\/uploads\/2023\/12\/kicillof.png 508w\" sizes=\"auto, (max-width: 300px) 100vw, 300px\" \/>\u00a0\u00a0 <strong>E<\/strong>l gobernador <strong>Axel Kicillof<\/strong>, previo a la ceremonia de asunci\u00f3n, <strong>comparti\u00f3 hoy un documento con sus principales logros de gesti\u00f3n<\/strong>, tanto en materia educativa, sanitaria, de producci\u00f3n, como en cultura, justicia y seguridad, entre otros ejes.<\/p>\n<p>El acto de asunci\u00f3n se desarrollar\u00e1\u00a0<strong>desde las 18 ante los diputados y senadores de la provincia<\/strong>, donde participar\u00e1n los miembros del gabinete, intendentes, legisladores nacionales, autoridades de religiosas, sindicales y de universidades.<\/p>\n<p>Los temas que <strong>exaltan las acciones realizadas<\/strong>, ser\u00e1n desarrollados esta tarde cuando el gobernador pronuncie su <strong>discurso de asunci\u00f3n en la Legislatura bonaerense<\/strong>, donde adem\u00e1s buscar\u00e1 diferenciarse de Javier Milei.<\/p>\n<p>El Gobierno bonaerense comparti\u00f3 los principales logros de estos cuatro a\u00f1os. En materia educativa, Sanitaria, Producci\u00f3n, turismo (con 300.000 estudiantes que participaron de los Viajes de Fin de Curso).<\/p>\n<p>Tambi\u00e9n, en materia econ\u00f3mica, inform\u00f3 \u201c20 meses de crecimiento industrial para alcanzar el desempleo m\u00e1s bajo de los \u00faltimos 7 a\u00f1os\u201d. Continu\u00f3 con seguridad, desarrollo y h\u00e1bitat, cultura, g\u00e9neros y diversidad.<\/p>\n<p><strong>El gabinete de Kicillof:<\/strong><\/p>\n<p><strong>Gabriel Katopodis <\/strong>ser\u00e1 el nuevo<strong> ministro de Infraestructura y Servicios P\u00fablicos; la economista Silvina Batakis <\/strong>se har\u00e1 cargo del<strong> Ministerio de H\u00e1bitat.<\/strong><\/p>\n<p>En la cartera de<strong> Justicia <\/strong>desembarcar\u00e1<strong> Juan Mart\u00edn Mena, <\/strong>mientras que<strong> Malena Galmarini <\/strong>ser\u00e1 propuesta para <strong>la presidencia del Grupo Banco Provincia (Grupo Bapro).<\/strong><\/p>\n<p>Adem\u00e1s, el gobernador mantuvo en sus cargos a Andr\u00e9s Larroque (Desarrollo de la Comunidad); Pablo L\u00f3pez (Hacienda); Augusto Costa (Producci\u00f3n); Nicol\u00e1s Kreplak (Salud); Walter Correa (Trabajo); Alberto Sileoni (Educaci\u00f3n); Daniela Vilar (Ambiente), Javier Rodr\u00edguez (Desarrollo Agrario) y Agustina Vila (Secretar\u00eda General).<\/p>\n<p>Tambi\u00e9n contin\u00faan Jesica Rey (Comunicaci\u00f3n P\u00fablica); Florencia Saintout (Instituto Cultural de la provincia de Buenos Aires); Jorge D\u2019Onofrio (Transporte); Cristian Girard (ARBA), Juan Cuattromo (Banco Provincia); Santiago P\u00e9rez Teruel (Asesor\u00eda General de Gobierno) y Estela D\u00edaz (Mujeres).<\/p>\n<p>En tanto,\u00a0<strong>Cristina \u00c1lvarez Rodr\u00edguez ser\u00e1 la nueva jefa de Asesores del Gobernador, mientras que Carlos Bianco asumir\u00e1 como ministro de Gobierno.<\/strong><\/p>\n<p>Por \u00faltimo,\u00a0<strong>en el Ministerio de Seguridad asumir\u00e1 Javier Alonso, en tanto que Sergio Berni <\/strong>fue designado en el Instituto Universitario Juan Vucetich. <strong>(VW)\u00a0<\/strong><\/p>\n","protected":false},"excerpt":{"rendered":"<p>El gobernador exalt\u00f3 hoy los principales logros de su gesti\u00f3n, que ser\u00e1n parte de su discurso esta tarde, en la ceremonia de asunci\u00f3n.<\/p>\n","protected":false},"author":4,"featured_media":12833,"comment_status":"closed","ping_status":"closed","sticky":false,"template":"","format":"standard","meta":{"_monsterinsights_skip_tracking":false,"_monsterinsights_sitenote_active":false,"_monsterinsights_sitenote_note":"","_monsterinsights_sitenote_category":0,"footnotes":""},"categories":[4],"tags":[5359,167,5307],"class_list":["post-12887","post","type-post","status-publish","format-standard","has-post-thumbnail","hentry","category-politica","tag-gabinete-de-la-provincia","tag-kicillof","tag-reasuncion"],"_links":{"self":[{"href":"https:\/\/www.visionweb.com.ar\/index.php?rest_route=\/wp\/v2\/posts\/12887","targetHints":{"allow":["GET"]}}],"collection":[{"href":"https:\/\/www.visionweb.com.ar\/index.php?rest_route=\/wp\/v2\/posts"}],"about":[{"href":"https:\/\/www.visionweb.com.ar\/index.php?rest_route=\/wp\/v2\/types\/post"}],"author":[{"embeddable":true,"href":"https:\/\/www.visionweb.com.ar\/index.php?rest_route=\/wp\/v2\/users\/4"}],"replies":[{"embeddable":true,"href":"https:\/\/www.visionweb.com.ar\/index.php?rest_route=%2Fwp%2Fv2%2Fcomments&post=12887"}],"version-history":[{"count":1,"href":"https:\/\/www.visionweb.com.ar\/index.php?rest_route=\/wp\/v2\/posts\/12887\/revisions"}],"predecessor-version":[{"id":12888,"href":"https:\/\/www.visionweb.com.ar\/index.php?rest_route=\/wp\/v2\/posts\/12887\/revisions\/12888"}],"wp:featuredmedia":[{"embeddable":true,"href":"https:\/\/www.visionweb.com.ar\/index.php?rest_route=\/wp\/v2\/media\/12833"}],"wp:attachment":[{"href":"https:\/\/www.visionweb.com.ar\/index.php?rest_route=%2Fwp%2Fv2%2Fmedia&parent=12887"}],"wp:term":[{"taxonomy":"category","embeddable":true,"href":"https:\/\/www.visionweb.com.ar\/index.php?rest_route=%2Fwp%2Fv2%2Fcategories&post=12887"},{"taxonomy":"post_tag","embeddable":true,"href":"https:\/\/www.visionweb.com.ar\/index.php?rest_route=%2Fwp%2Fv2%2Ftags&post=12887"}],"curies":[{"name":"wp","href":"https:\/\/api.w.org\/{rel}","templated":true}]}}