{"id":12883,"date":"2023-12-11T13:04:05","date_gmt":"2023-12-11T16:04:05","guid":{"rendered":"https:\/\/www.visionweb.com.ar\/?p=12883"},"modified":"2023-12-11T13:04:05","modified_gmt":"2023-12-11T16:04:05","slug":"economia-luis-caputo-hablara-el-martes","status":"publish","type":"post","link":"https:\/\/www.visionweb.com.ar\/?p=12883","title":{"rendered":"Econom\u00eda: Luis Caputo hablar\u00e1 el martes"},"content":{"rendered":"<p><em><strong>El nuevo ministro de Econom\u00eda comunicar\u00e1 las medidas econ\u00f3micas el martes. Lo indic\u00f3 el vocero presidencial, Manuel Adorni. Mientras, este lunes el Banco Central emiti\u00f3 un comunicado para controlar las operaciones.<\/strong><\/em><!--more--><\/p>\n<div id=\"attachment_12884\" style=\"width: 310px\" class=\"wp-caption alignleft\"><img loading=\"lazy\" decoding=\"async\" aria-describedby=\"caption-attachment-12884\" class=\"wp-image-12884 size-medium\" src=\"https:\/\/www.visionweb.com.ar\/wp-content\/uploads\/2023\/12\/comunicado-bcra-X-300x187.png\" alt=\"\" width=\"300\" height=\"187\" srcset=\"https:\/\/www.visionweb.com.ar\/wp-content\/uploads\/2023\/12\/comunicado-bcra-X-300x187.png 300w, https:\/\/www.visionweb.com.ar\/wp-content\/uploads\/2023\/12\/comunicado-bcra-X.png 619w\" sizes=\"auto, (max-width: 300px) 100vw, 300px\" \/><p id=\"caption-attachment-12884\" class=\"wp-caption-text\">Comunicado del BCRA<\/p><\/div>\n<p><strong>E<\/strong>l Ministro de Econom\u00eda, <strong>Luis Caputo<\/strong>, dar\u00e1 una conferencia de prensa ma\u00f1ana martes, donde se conocer\u00e1n las medidas econ\u00f3micas, seg\u00fan anunci\u00f3 el vocero presidencial Manuel Adorni.<\/p>\n<p>\u00abEl ministro Caputo dar\u00e1 ma\u00f1ana las precisiones de las primeras medidas econ\u00f3micas\u00bb, indic\u00f3 el vocero. Por el momento, Adorni no precis\u00f3 el horario.<\/p>\n<p>Si los anuncios se producen por la tarde, el impacto en el mercado se ver\u00eda el d\u00eda el mi\u00e9rcoles.<\/p>\n<p>Mientras tanto, hoy el Banco Central (BCRA) emiti\u00f3 un decreto para controlar las operaciones de compra y venta, con el fin de evitar una corrida, y ante la posibilidad de que se produzca una fuerte devaluaci\u00f3n del peso.<\/p>\n<p><img loading=\"lazy\" decoding=\"async\" class=\"size-medium wp-image-12885 alignright\" src=\"https:\/\/www.visionweb.com.ar\/wp-content\/uploads\/2023\/12\/luis-caputo-300x237.png\" alt=\"\" width=\"300\" height=\"237\" srcset=\"https:\/\/www.visionweb.com.ar\/wp-content\/uploads\/2023\/12\/luis-caputo-300x237.png 300w, https:\/\/www.visionweb.com.ar\/wp-content\/uploads\/2023\/12\/luis-caputo.png 562w\" sizes=\"auto, (max-width: 300px) 100vw, 300px\" \/>A\u00fan el nuevo representante del BCRA no est\u00e1 designado en los decretos del bolet\u00edn oficial, por lo tanto\u00a0Miguel \u00c1ngel Pesce\u00a0sigue a cargo del organismo.<\/p>\n<p>El BCRA decidi\u00f3 aplicar la regla de conformidad previaa todas las operaciones de demanda que se cursan a trav\u00e9s del mercado de cambios.<\/p>\n<p>Emiti\u00f3 un comunicado que public\u00f3 en la red X, donde declara adem\u00e1s que la medida fue dispuesta en funci\u00f3n de <strong>dar tiempo a la gesti\u00f3n del Poder Ejecutivo de cumplir con los tr\u00e1mites administrativos para la conformaci\u00f3n de las nuevas autoridades<\/strong>. <strong>(VW)<\/strong><\/p>\n<p>&nbsp;<\/p>\n","protected":false},"excerpt":{"rendered":"<p>El nuevo ministro de Econom\u00eda comunicar\u00e1 las medidas econ\u00f3micas el martes. Lo indic\u00f3 el vocero presidencial, Manuel Adorni. Mientras, este lunes el Banco Central emiti\u00f3 un comunicado para controlar las operaciones.<\/p>\n","protected":false},"author":4,"featured_media":12885,"comment_status":"closed","ping_status":"closed","sticky":false,"template":"","format":"standard","meta":{"_monsterinsights_skip_tracking":false,"_monsterinsights_sitenote_active":false,"_monsterinsights_sitenote_note":"","_monsterinsights_sitenote_category":0,"footnotes":""},"categories":[6,4],"tags":[5358,5356,5355,5357,5354],"class_list":["post-12883","post","type-post","status-publish","format-standard","has-post-thumbnail","hentry","category-economia","category-politica","tag-bcra-comunicado","tag-conferencia-de-prensa","tag-luis-caputo","tag-martes-12","tag-ministro-de-economia"],"_links":{"self":[{"href":"https:\/\/www.visionweb.com.ar\/index.php?rest_route=\/wp\/v2\/posts\/12883","targetHints":{"allow":["GET"]}}],"collection":[{"href":"https:\/\/www.visionweb.com.ar\/index.php?rest_route=\/wp\/v2\/posts"}],"about":[{"href":"https:\/\/www.visionweb.com.ar\/index.php?rest_route=\/wp\/v2\/types\/post"}],"author":[{"embeddable":true,"href":"https:\/\/www.visionweb.com.ar\/index.php?rest_route=\/wp\/v2\/users\/4"}],"replies":[{"embeddable":true,"href":"https:\/\/www.visionweb.com.ar\/index.php?rest_route=%2Fwp%2Fv2%2Fcomments&post=12883"}],"version-history":[{"count":1,"href":"https:\/\/www.visionweb.com.ar\/index.php?rest_route=\/wp\/v2\/posts\/12883\/revisions"}],"predecessor-version":[{"id":12886,"href":"https:\/\/www.visionweb.com.ar\/index.php?rest_route=\/wp\/v2\/posts\/12883\/revisions\/12886"}],"wp:featuredmedia":[{"embeddable":true,"href":"https:\/\/www.visionweb.com.ar\/index.php?rest_route=\/wp\/v2\/media\/12885"}],"wp:attachment":[{"href":"https:\/\/www.visionweb.com.ar\/index.php?rest_route=%2Fwp%2Fv2%2Fmedia&parent=12883"}],"wp:term":[{"taxonomy":"category","embeddable":true,"href":"https:\/\/www.visionweb.com.ar\/index.php?rest_route=%2Fwp%2Fv2%2Fcategories&post=12883"},{"taxonomy":"post_tag","embeddable":true,"href":"https:\/\/www.visionweb.com.ar\/index.php?rest_route=%2Fwp%2Fv2%2Ftags&post=12883"}],"curies":[{"name":"wp","href":"https:\/\/api.w.org\/{rel}","templated":true}]}}