{"id":12869,"date":"2023-12-08T14:09:27","date_gmt":"2023-12-08T17:09:27","guid":{"rendered":"https:\/\/www.visionweb.com.ar\/?p=12869"},"modified":"2023-12-08T14:09:27","modified_gmt":"2023-12-08T17:09:27","slug":"asumieron-sus-cargos-los-concejales-electos-de-lanus","status":"publish","type":"post","link":"https:\/\/www.visionweb.com.ar\/?p=12869","title":{"rendered":"Asumieron sus cargos los concejales electos de Lanus"},"content":{"rendered":"<p><em><strong>Alvarez<\/strong><\/em>: \u00bb <em><strong>Queremos un Concejo Deliberante y un Consejo Escolar presentes, que aborden y resuelvan las demandas y necesidades de los vecinos y vecinas\u201d, afirm\u00f3 el intendente electo.<\/strong><\/em><!--more--><\/p>\n<p><strong><img loading=\"lazy\" decoding=\"async\" class=\"size-medium wp-image-12870 alignright\" src=\"https:\/\/www.visionweb.com.ar\/wp-content\/uploads\/2023\/12\/CONCEJALES-JURARON-300x174.png\" alt=\"\" width=\"300\" height=\"174\" srcset=\"https:\/\/www.visionweb.com.ar\/wp-content\/uploads\/2023\/12\/CONCEJALES-JURARON-300x174.png 300w, https:\/\/www.visionweb.com.ar\/wp-content\/uploads\/2023\/12\/CONCEJALES-JURARON.png 640w\" sizes=\"auto, (max-width: 300px) 100vw, 300px\" \/>E<\/strong>l intendente electo de Lan\u00fas\u00a0<strong>Juli\u00e1n \u00c1lvarez<\/strong> acompa\u00f1\u00f3, este virnes,\u00a0 la jura y asunci\u00f3n de concejales y consejeros escolares del oficialismo y de la oposici\u00f3n, que tendr\u00e1n mandato hasta el 10 de diciembre de 2027.<\/p>\n<p>\u201cLes deseo el mayor de los \u00e9xitos a quienes tuvieron el honor y la responsabilidad de asumir sus bancas, a trav\u00e9s de la voluntad popular. Queremos un Concejo Deliberante y un Consejo Escolar presentes, que aborden y resuelvan las demandas y necesidades de los vecinos y vecinas\u201d, afirm\u00f3 Juli\u00e1n \u00c1lvarez.<\/p>\n<p>Las y los concejales que prestaron juramento fueron Omar Galdurralde, Mar\u00eda Bel\u00e9n Berrueco, Hugo De Gregorio, Paula Romeo, Daniel Dragoni y Karina Guti\u00e9rrez, (Uni\u00f3n por la Patria); Dami\u00e1n Schiavone, Ayel\u00e9n Curlo, Marcelo Villa y Anabella Ron, (Juntos por el Cambio) y Juan del Oso y Mariana Ayesa ( La Libertad Avanza). En total son 24.<\/p>\n<p>En cuanto a las y los consejeros escolares, asumieron Roberto Crovella, Natalia Grunblatt y Bernab\u00e9 Riverol, por Uni\u00f3n por la Patria; mientras que Gustavo Lavezzi y Gisela De \u00c1ngelis hicieron lo propio por Juntos por el Cambio. En total son 10<strong>(VW<\/strong>).<\/p>\n","protected":false},"excerpt":{"rendered":"<p>Alvarez: \u00bb Queremos un Concejo Deliberante y un Consejo Escolar presentes, que aborden y resuelvan las demandas y necesidades de los vecinos y vecinas\u201d, afirm\u00f3 el intendente electo.<\/p>\n","protected":false},"author":3,"featured_media":12870,"comment_status":"closed","ping_status":"closed","sticky":false,"template":"","format":"standard","meta":{"_monsterinsights_skip_tracking":false,"_monsterinsights_sitenote_active":false,"_monsterinsights_sitenote_note":"","_monsterinsights_sitenote_category":0,"footnotes":""},"categories":[4],"tags":[],"class_list":["post-12869","post","type-post","status-publish","format-standard","has-post-thumbnail","hentry","category-politica"],"_links":{"self":[{"href":"https:\/\/www.visionweb.com.ar\/index.php?rest_route=\/wp\/v2\/posts\/12869","targetHints":{"allow":["GET"]}}],"collection":[{"href":"https:\/\/www.visionweb.com.ar\/index.php?rest_route=\/wp\/v2\/posts"}],"about":[{"href":"https:\/\/www.visionweb.com.ar\/index.php?rest_route=\/wp\/v2\/types\/post"}],"author":[{"embeddable":true,"href":"https:\/\/www.visionweb.com.ar\/index.php?rest_route=\/wp\/v2\/users\/3"}],"replies":[{"embeddable":true,"href":"https:\/\/www.visionweb.com.ar\/index.php?rest_route=%2Fwp%2Fv2%2Fcomments&post=12869"}],"version-history":[{"count":2,"href":"https:\/\/www.visionweb.com.ar\/index.php?rest_route=\/wp\/v2\/posts\/12869\/revisions"}],"predecessor-version":[{"id":12872,"href":"https:\/\/www.visionweb.com.ar\/index.php?rest_route=\/wp\/v2\/posts\/12869\/revisions\/12872"}],"wp:featuredmedia":[{"embeddable":true,"href":"https:\/\/www.visionweb.com.ar\/index.php?rest_route=\/wp\/v2\/media\/12870"}],"wp:attachment":[{"href":"https:\/\/www.visionweb.com.ar\/index.php?rest_route=%2Fwp%2Fv2%2Fmedia&parent=12869"}],"wp:term":[{"taxonomy":"category","embeddable":true,"href":"https:\/\/www.visionweb.com.ar\/index.php?rest_route=%2Fwp%2Fv2%2Fcategories&post=12869"},{"taxonomy":"post_tag","embeddable":true,"href":"https:\/\/www.visionweb.com.ar\/index.php?rest_route=%2Fwp%2Fv2%2Ftags&post=12869"}],"curies":[{"name":"wp","href":"https:\/\/api.w.org\/{rel}","templated":true}]}}