{"id":12864,"date":"2023-12-08T12:13:33","date_gmt":"2023-12-08T15:13:33","guid":{"rendered":"https:\/\/www.visionweb.com.ar\/?p=12864"},"modified":"2023-12-08T12:13:33","modified_gmt":"2023-12-08T15:13:33","slug":"precios-sube-el-dolar-y-aumentan-los-alimentos-entre-15-y-20","status":"publish","type":"post","link":"https:\/\/www.visionweb.com.ar\/?p=12864","title":{"rendered":"Precios: Sube el d\u00f3lar y aumentan los alimentos entre  15% y 20%"},"content":{"rendered":"<p><em><strong>El BCRA busc\u00f3 frenar la salida de divisas y bajar la expectativa de devaluaci\u00f3n. Por otro lado,\u00a0los supermercados van por subas superiores a las que ten\u00edan autorizadas.<\/strong><\/em><!--more--><\/p>\n<div class=\"cuerponota\">\n<p><strong><img loading=\"lazy\" decoding=\"async\" class=\"size-medium wp-image-1178 alignright\" src=\"https:\/\/www.visionweb.com.ar\/wp-content\/uploads\/2021\/03\/PRECIOS-MAORISTAS-300x200.png\" alt=\"\" width=\"300\" height=\"200\" srcset=\"https:\/\/www.visionweb.com.ar\/wp-content\/uploads\/2021\/03\/PRECIOS-MAORISTAS-300x200.png 300w, https:\/\/www.visionweb.com.ar\/wp-content\/uploads\/2021\/03\/PRECIOS-MAORISTAS.png 725w\" sizes=\"auto, (max-width: 300px) 100vw, 300px\" \/>E<\/strong>n el \u00faltimo d\u00eda h\u00e1bil de su mandato, el gobierno de Alberto Fern\u00e1ndez dej\u00f3 subir el<strong>\u00a0d\u00f3lar oficial de referencia a $400,50 y el mayorista a $385,\u00a0<\/strong>una forma frenar una p\u00e9rdida de divisas.<\/p>\n<p>Al mismo tiempo, <strong>grandes cadenas de supermercados se preparan para remarcaciones en alimentos\u00a0<\/strong>que van desde el 15% al 20%.<\/p>\n<p>Miguel Pesce como presidente del Banco Central aplic\u00f3 una devaluaci\u00f3n del 5,9% sobre el tipo de cambio oficial que llev\u00f3 al d\u00f3lar mayorista a $385, pero a la vez el oficial minorista qued\u00f3 a $400,50.<\/p>\n<p>Sin embargo, es un valor te\u00f3rico: que <strong>los ahorristas solo pueden acceder a la divisa con el recargo del impuesto PAIS, con un precio de $1021.<\/strong><\/p>\n<div class=\"container-spot\" data-tipo=\"tipo_desktop\" data-pos=\"P1_cuerpo\">\n<div class=\" lazyloaded\" data-gpt=\"\/22596213376\/nota\/P1_cuerpo_desktop\" data-size=\"[[728, 90]]\" data-expand=\"300\">\n<div id=\"pppSlot1\">En ese marco de especulaci\u00f3n sobre el valor de la divisa, <strong>las cadenas de supermercados se preparan para ajustar precios de alimentos,\u00a0<\/strong>en un contexto en el cual la secretar\u00eda de Comercio a cargo del saliente Mat\u00edas Tombolini autoriz\u00f3 subas del 8% a principios de este mes, luego de habilitarles un 12% el lunes 20 de noviembre, consignaron diferentes agencias de noticias.<\/div>\n<\/div>\n<\/div>\n<\/div>\n<div><\/div>\n<h3 style=\"text-align: center;\"><span style=\"color: #0000ff;\"><em><strong>Por ahora los ahorristas solo pueden acceder a la divisa con el recargo del impuesto PAIS, con un precio de $1021.<\/strong><\/em><\/span><\/h3>\n<div class=\"cuerponota\">\n<p>A eso, ahora con el cambio de pol\u00edtica<strong>\u00a0se esperan subas de entre el 15 y el 20%<\/strong>, en previsi\u00f3n de una devaluaci\u00f3n y en un contexto en el cual, como anticip\u00f3 el propio presidente electo Javier Milei, el nuevo gobierno no intervendr\u00e1 en la fijaci\u00f3n de precios, cuesti\u00f3n que dejar\u00e1 librada al juego libre de oferta y demanda.<\/p>\n<div class=\"container-spot\" data-tipo=\"tipo_desktop\" data-pos=\"P2_cuerpo\">\n<div class=\" lazyloaded\" data-gpt=\"\/22596213376\/nota\/P2_cuerpo_desktop\" data-size=\"[[728, 90]]\" data-expand=\"300\">\n<div id=\"pppSlot2\">De ese modo, a las subas hasta principios de mes, se sumar\u00e1n estas, con lo que <strong>el impacto ser\u00e1 de al menos 45% en un mes.<\/strong><\/div>\n<\/div>\n<\/div>\n<p>Un punto tambi\u00e9n importante es la brecha de precios entre los grandes supermercados y las peque\u00f1as superficies comerciales, los llamados s\u00faper \u201cchinos\u201d y los almacenes y peque\u00f1os supermercados de barrio. Algunas estimaciones ubican esa brecha entre el\u00a0<strong>40% y el 100% seg\u00fan el producto(VW).<\/strong><\/p>\n<div class=\"container-spot\" data-tipo=\"tipo_desktop\" data-pos=\"P3_cuerpo\">\n<div class=\" lazyloaded\" data-gpt=\"\/22596213376\/nota\/P3_cuerpo_desktop\" data-size=\"[[728, 90]]\" data-expand=\"300\">\n<div id=\"pppSlot3\"><\/div>\n<\/div>\n<\/div>\n<\/div>\n<div class=\"compartir\"><\/div>\n","protected":false},"excerpt":{"rendered":"<p>El BCRA busc\u00f3 frenar la salida de divisas y bajar la expectativa de devaluaci\u00f3n. Por otro lado,\u00a0los supermercados van por subas superiores a las que ten\u00edan autorizadas.<\/p>\n","protected":false},"author":3,"featured_media":6394,"comment_status":"closed","ping_status":"closed","sticky":false,"template":"","format":"standard","meta":{"_monsterinsights_skip_tracking":false,"_monsterinsights_sitenote_active":false,"_monsterinsights_sitenote_note":"","_monsterinsights_sitenote_category":0,"footnotes":""},"categories":[1822],"tags":[141,1298,47,365],"class_list":["post-12864","post","type-post","status-publish","format-standard","has-post-thumbnail","hentry","category-internacionales","tag-aumentos","tag-dolar","tag-precios","tag-supermercados"],"_links":{"self":[{"href":"https:\/\/www.visionweb.com.ar\/index.php?rest_route=\/wp\/v2\/posts\/12864","targetHints":{"allow":["GET"]}}],"collection":[{"href":"https:\/\/www.visionweb.com.ar\/index.php?rest_route=\/wp\/v2\/posts"}],"about":[{"href":"https:\/\/www.visionweb.com.ar\/index.php?rest_route=\/wp\/v2\/types\/post"}],"author":[{"embeddable":true,"href":"https:\/\/www.visionweb.com.ar\/index.php?rest_route=\/wp\/v2\/users\/3"}],"replies":[{"embeddable":true,"href":"https:\/\/www.visionweb.com.ar\/index.php?rest_route=%2Fwp%2Fv2%2Fcomments&post=12864"}],"version-history":[{"count":1,"href":"https:\/\/www.visionweb.com.ar\/index.php?rest_route=\/wp\/v2\/posts\/12864\/revisions"}],"predecessor-version":[{"id":12865,"href":"https:\/\/www.visionweb.com.ar\/index.php?rest_route=\/wp\/v2\/posts\/12864\/revisions\/12865"}],"wp:featuredmedia":[{"embeddable":true,"href":"https:\/\/www.visionweb.com.ar\/index.php?rest_route=\/wp\/v2\/media\/6394"}],"wp:attachment":[{"href":"https:\/\/www.visionweb.com.ar\/index.php?rest_route=%2Fwp%2Fv2%2Fmedia&parent=12864"}],"wp:term":[{"taxonomy":"category","embeddable":true,"href":"https:\/\/www.visionweb.com.ar\/index.php?rest_route=%2Fwp%2Fv2%2Fcategories&post=12864"},{"taxonomy":"post_tag","embeddable":true,"href":"https:\/\/www.visionweb.com.ar\/index.php?rest_route=%2Fwp%2Fv2%2Ftags&post=12864"}],"curies":[{"name":"wp","href":"https:\/\/api.w.org\/{rel}","templated":true}]}}