{"id":12861,"date":"2023-12-08T09:28:41","date_gmt":"2023-12-08T12:28:41","guid":{"rendered":"https:\/\/www.visionweb.com.ar\/?p=12861"},"modified":"2023-12-08T09:28:41","modified_gmt":"2023-12-08T12:28:41","slug":"provincia-implementaran-plan-verano-para-evitar-cortes-del-servicio-electrico","status":"publish","type":"post","link":"https:\/\/www.visionweb.com.ar\/?p=12861","title":{"rendered":"Provincia: Implementar\u00e1n \u201cPlan Verano\u201d para evitar cortes del servicio el\u00e9ctrico"},"content":{"rendered":"<p><em><strong>El gobierno de la Provincia busca reforzar la generaci\u00f3n el\u00e9ctrica distribuida en algunos distritos para mejorar la calidad del servicio en la temporada de mayor demanda.<\/strong><\/em><!--more--><\/p>\n<p><strong><img loading=\"lazy\" decoding=\"async\" class=\"size-medium wp-image-12862 alignright\" src=\"https:\/\/www.visionweb.com.ar\/wp-content\/uploads\/2023\/12\/energia-electrica-300x200.png\" alt=\"\" width=\"300\" height=\"200\" srcset=\"https:\/\/www.visionweb.com.ar\/wp-content\/uploads\/2023\/12\/energia-electrica-300x200.png 300w, https:\/\/www.visionweb.com.ar\/wp-content\/uploads\/2023\/12\/energia-electrica.png 560w\" sizes=\"auto, (max-width: 300px) 100vw, 300px\" \/>\u00a0\u00a0 E<\/strong>n respuesta a las advertencias del Gobierno electo sobre las posibles complicaciones durante el verano en torno al servicio el\u00e9ctrico, <strong>la administraci\u00f3n de Axel Kicillof anunci\u00f3 un plan para mitigar posibles cortes <\/strong>en los puntos cr\u00edticos del territorio y en momentos donde el consumo es m\u00e1s elevado por el calor.<\/p>\n<p>En ese sentido, <strong>la Subsecretar\u00eda de Energ\u00eda inici\u00f3 la implementaci\u00f3n del \u201cPrograma de Generaci\u00f3n El\u00e9ctrica Distribuida Temporal\u201d o \u201cPlan Verano\u201d<\/strong>, una medida que reforzar\u00e1 la generaci\u00f3n el\u00e9ctrica distribuida en algunos distritos para mejorar la calidad del servicio en la temporada de mayor demanda.<\/p>\n<p>Tras estudios de cargabilidad de las redes de Alta Tensi\u00f3n con la concesionaria del servicio de Transporte de Energ\u00eda El\u00e9ctrica por distribuci\u00f3n troncal en la Provincia de Buenos Aires (Transba), <strong>se definieron hasta el momento algunos de los puntos de posible d\u00e9ficit de potencia<\/strong> <strong>para colocar Unidades de Generaci\u00f3n Temporales<\/strong>.<\/p>\n<p>Estas <strong>Unidades se instalar\u00e1n en cinco municipios claves<\/strong> y la ubicaci\u00f3n de cada equipo beneficiar\u00e1 directamente a corredores el\u00e9ctricos de localidades de alta demanda.<\/p>\n<p>En <strong>Carmen de Areco<\/strong> se instalar\u00e1n 4 megavatios (MW) y las localidades beneficiadas ser\u00e1n <strong>Pergamino, Arrecifes, Capit\u00e1n Sarmiento y San Antonio de Areco<\/strong>; en <strong>9 de Julio<\/strong> se instalar\u00e1n cuatro MW que beneficiar\u00e1n a <strong>Bragado, Carlos Casares, Pehuaj\u00f3 y Trenque Lauquen<\/strong>.<\/p>\n<p>En la localidad de <strong>Viamonte<\/strong> se instalar\u00e1n 4,2 MW y el beneficio ser\u00e1 para las localidades de <strong>Jun\u00edn, Baigorrita, Zabala, Coronel O\u2019Brien, Warnes, El Arbolito y Mariano H. Alfonso<\/strong>; mientras que en <strong>Pergamino<\/strong> se instalar\u00e1n 5,7 MW para <strong>Rojas, Jun\u00edn y Col\u00f3n<\/strong>.<\/p>\n<p>Por su parte, en el <strong>Partido de la Costa<\/strong> ser\u00e1n 2,1 MW, que incidir\u00e1n positivamente en <strong>General Lavalle, San Clemente, Las Toninas, Santa Teresita, Mar de Aj\u00f3, Pinamar y Villa Gesell<\/strong>.<\/p>\n<p>En total, se instalar\u00e1n 20 megavatios de potencia que <strong>beneficiar\u00e1n a 26 localidades de la provincia de Buenos Aires<\/strong>.<\/p>\n<p>Adem\u00e1s de la instalaci\u00f3n de las Unidades Generadoras, la DPE realiz\u00f3 obras para evitar interrupciones del servicio el\u00e9ctrico por demanda.<\/p>\n<p>En esta l\u00ednea, se realiz\u00f3 el cambio de transformador en la Estaci\u00f3n Transformadora de Tornquist, duplicando la potencia de 15 megavoltamperio (MVA) a 30 MVA, logrando reconfigurar la red el\u00e9ctrica en el \u00e1rea, re adecuar las cargas y prever la menor cantidad posible de suspensiones del servicio.<\/p>\n<p>Desde el \u00e1rea se plante\u00f3 que \u201cse mejorar\u00e1 la potencia en la Estaci\u00f3n Transformadora (ET) de <strong>Pig\u00fc\u00e9, Partido de Saavedra<\/strong>, se instalar\u00e1n equipos de maniobra y se realizar\u00e1n readecuaciones de las redes para mejorar la calidad de servicio\u201d.<\/p>\n<p>En <strong>Mar de Aj\u00f3<\/strong>, se program\u00f3 el <strong>cambio de los transformadores<\/strong> de corriente por nuevos de mayor capacidad y potencia, permitiendo de esta manera absorber los incrementos de demanda estacionales que se generan durante la temporada estival.<\/p>\n<p>En los municipios de <strong>Mercedes y Bragado<\/strong> tambi\u00e9n se realizaron cambios de los transformadores que beneficiar\u00e1n indirectamente al municipio de <strong>Luj\u00e1n<\/strong>. <strong>(VW)<\/strong><\/p>\n","protected":false},"excerpt":{"rendered":"<p>El gobierno de la Provincia busca reforzar la generaci\u00f3n el\u00e9ctrica distribuida en algunos distritos para mejorar la calidad del servicio en la temporada de mayor demanda.<\/p>\n","protected":false},"author":4,"featured_media":12862,"comment_status":"closed","ping_status":"closed","sticky":false,"template":"","format":"standard","meta":{"_monsterinsights_skip_tracking":false,"_monsterinsights_sitenote_active":false,"_monsterinsights_sitenote_note":"","_monsterinsights_sitenote_category":0,"footnotes":""},"categories":[8],"tags":[5346,5348,356,5347],"class_list":["post-12861","post","type-post","status-publish","format-standard","has-post-thumbnail","hentry","category-interes-general","tag-plan-verano","tag-evitar-cortes-de-suministro","tag-provincia","tag-refuerzo-de-energia-electrica"],"_links":{"self":[{"href":"https:\/\/www.visionweb.com.ar\/index.php?rest_route=\/wp\/v2\/posts\/12861","targetHints":{"allow":["GET"]}}],"collection":[{"href":"https:\/\/www.visionweb.com.ar\/index.php?rest_route=\/wp\/v2\/posts"}],"about":[{"href":"https:\/\/www.visionweb.com.ar\/index.php?rest_route=\/wp\/v2\/types\/post"}],"author":[{"embeddable":true,"href":"https:\/\/www.visionweb.com.ar\/index.php?rest_route=\/wp\/v2\/users\/4"}],"replies":[{"embeddable":true,"href":"https:\/\/www.visionweb.com.ar\/index.php?rest_route=%2Fwp%2Fv2%2Fcomments&post=12861"}],"version-history":[{"count":1,"href":"https:\/\/www.visionweb.com.ar\/index.php?rest_route=\/wp\/v2\/posts\/12861\/revisions"}],"predecessor-version":[{"id":12863,"href":"https:\/\/www.visionweb.com.ar\/index.php?rest_route=\/wp\/v2\/posts\/12861\/revisions\/12863"}],"wp:featuredmedia":[{"embeddable":true,"href":"https:\/\/www.visionweb.com.ar\/index.php?rest_route=\/wp\/v2\/media\/12862"}],"wp:attachment":[{"href":"https:\/\/www.visionweb.com.ar\/index.php?rest_route=%2Fwp%2Fv2%2Fmedia&parent=12861"}],"wp:term":[{"taxonomy":"category","embeddable":true,"href":"https:\/\/www.visionweb.com.ar\/index.php?rest_route=%2Fwp%2Fv2%2Fcategories&post=12861"},{"taxonomy":"post_tag","embeddable":true,"href":"https:\/\/www.visionweb.com.ar\/index.php?rest_route=%2Fwp%2Fv2%2Ftags&post=12861"}],"curies":[{"name":"wp","href":"https:\/\/api.w.org\/{rel}","templated":true}]}}