{"id":12855,"date":"2023-12-08T08:41:33","date_gmt":"2023-12-08T11:41:33","guid":{"rendered":"https:\/\/www.visionweb.com.ar\/?p=12855"},"modified":"2023-12-08T08:41:33","modified_gmt":"2023-12-08T11:41:33","slug":"lanus-nestor-grindetti-y-julian-alvarez-firmaron-el-traspaso-formal-de-la-intendencia","status":"publish","type":"post","link":"https:\/\/www.visionweb.com.ar\/?p=12855","title":{"rendered":"Lan\u00fas: N\u00e9stor Grindetti y Juli\u00e1n \u00c1lvarez firmaron el traspaso formal de la intendencia"},"content":{"rendered":"<p><em><strong>El intendente electo de Lan\u00fas Juli\u00e1n \u00c1lvarez prestar\u00e1 juramento este viernes, junto al nuevo gabinete.<\/strong><\/em><!--more--><\/p>\n<div id=\"attachment_12856\" style=\"width: 310px\" class=\"wp-caption alignright\"><img loading=\"lazy\" decoding=\"async\" aria-describedby=\"caption-attachment-12856\" class=\"wp-image-12856 size-medium\" src=\"https:\/\/www.visionweb.com.ar\/wp-content\/uploads\/2023\/12\/foto-X-@nestorgrindetti-300x206.png\" alt=\"\" width=\"300\" height=\"206\" srcset=\"https:\/\/www.visionweb.com.ar\/wp-content\/uploads\/2023\/12\/foto-X-@nestorgrindetti-300x206.png 300w, https:\/\/www.visionweb.com.ar\/wp-content\/uploads\/2023\/12\/foto-X-@nestorgrindetti.png 541w\" sizes=\"auto, (max-width: 300px) 100vw, 300px\" \/><p id=\"caption-attachment-12856\" class=\"wp-caption-text\">FotoX @nestorgrindetti<\/p><\/div>\n<p><strong> \u00a0\u00a0 E<\/strong>l intendente saliente de Lan\u00fas\u00a0<strong>N\u00e9stor Grindetti realiz\u00f3 ayer el traspaso formal al nuevo intendente municipal, el camporista Juli\u00e1n \u00c1lvarez<\/strong>, quien se impuso en las elecciones generales al candidato de Juntos por Cambio, Diego Kravetz.<\/p>\n<p>As\u00ed Juli\u00e1n \u00c1lvarez, exsecretario de Justicia de la Naci\u00f3n y concejal por Uni\u00f3n por la Patria (UXP), <strong>prestar\u00e1 juramento este viernes<\/strong> ante el Honorable Concejo Deliberante de Lan\u00fas, en el marco de una nueva Sesi\u00f3n Especial.<\/p>\n<p>\u201cHoy hice el traspaso formal de la conducci\u00f3n del Municipio de Lan\u00fas al nuevo intendente Juli\u00e1n \u00c1lvarez, a quien le deseo \u00e9xitos en su gesti\u00f3n.\u00a0<strong>Gracias a cada uno de los trabajadores de la Municipalidad por todo lo realizado durante estos 8 a\u00f1os de gobiern<\/strong>o\u201d, public\u00f3 <strong>Grindetti <\/strong>en la red <strong>X<\/strong>.<\/p>\n<p>\u201cA mis queridos vecinos los abrazo con el coraz\u00f3n y les digo que,\u00a0<strong>como vecino de ley que soy, voy a seguir caminando nuestras calles\u00a0<\/strong>y estando cerca\u201d, se despidi\u00f3 el ex intendente quien vuelve a ocupar un cargo en el gobierno porte\u00f1o donde regresa para acompa\u00f1ar a Jorge Macri.<\/p>\n<p>Por su parte, el flamante jefe comunal \u00c1lvarez, puso de relieve que<strong>\u00a0\u201cla transici\u00f3n ha sido muy ordenada\u201d<\/strong>. Y agreg\u00f3: \u201cAgradecemos a nuestros vecinos y vecinas por el apoyo que nos dieron con su voto en octubre.\u00a0<strong>Sepan que van a contar con un gobierno de la gente.<\/strong>\u00a0Lleg\u00f3 el momento de empezar a construir, entre todos y todas, la ciudad que nos merecemos\u201d, afirm\u00f3.<\/p>\n<p><strong>Nueva imagen, logo nuevo, sin color granate:<\/strong><\/p>\n<p>En las redes del municipio ya aparece un cambio de la imagen institucional: naranja, amarillo y granate dejaron lugar al celeste y blanco;<strong>\u00a0la L fue suplantada por un coraz\u00f3n geom\u00e9trico y desapareci\u00f3 el \u201cLan\u00fas Municipio\u201d relevado por \u201cLan\u00fas Gobierno<\/strong>\u201d y un ep\u00edgrafe: \u201cLa ciudad que nos merecemos\u201d.<\/p>\n<p><strong>El nuevo gabinete:<\/strong><\/p>\n<p>Por su parte, el nuevo gabinete jurar\u00e1 este viernes 8 y contar\u00e1 con\u00a0<strong>mayor\u00eda del n\u00facleo duro del Ateneo N\u00e9stor Kirchner.<\/strong><\/p>\n<p>En\u00a0<strong>Gobierno<\/strong>, estar\u00e1 el camporista <strong>Leandro Decuzzi<\/strong>; la directora operativa de PAMI, <strong>Nadia Burgos<\/strong>, ser\u00e1\u00a0<strong>jefa de Gabinete<\/strong>, mientras que en\u00a0<strong>Desarrollo Social,<\/strong>\u00a0estar\u00e1 otra camporista: <strong>Laura Valeria Alonso<\/strong>, actual secretaria de Inclusi\u00f3n Social de Naci\u00f3n y que desarroll\u00f3 su actividad en Ca\u00f1uelas.<\/p>\n<p>En\u00a0<strong>Espacio P\u00fablico<\/strong>\u00a0estar\u00e1 quien fue jefe de campa\u00f1a de \u00c1lvarez y jefe de la UDAI ANSES de Monte Chigolo, <strong>Mauro Iezzi<\/strong>, en tanto que en<strong>\u00a0Obras P\u00fablicas<\/strong>\u00a0tallar\u00e1 otra camporista<strong>: Emilia Aristei<\/strong>.<\/p>\n<p><strong>Seguridad<\/strong>, ser\u00e1 para <strong>Sebasti\u00e1n Castillo<\/strong>, referente del Colegio de Abogados de Avellaneda-Lan\u00fas y\u00a0Producci\u00f3n y Comercio ser\u00e1 para el diputado provincial massista <strong>Nicol\u00e1s Russo<\/strong>.<\/p>\n<p>El nuevo secretario de<strong>\u00a0Cultura y Deporte,<\/strong>\u00a0ser\u00e1 <strong>Alejo Di Carlo<\/strong>, referente provincial del Frente Social Peronista en Provincia, y <strong>Maru Decuzzi<\/strong> estar\u00e1 a cargo de las\u00a0<strong>comunicaciones<\/strong>.<\/p>\n<p>La C\u00e1mpora, adem\u00e1s sumar\u00e1 una banca en el Deliberante que ser\u00e1 ocupada por <strong>D\u00e9bora Contreras<\/strong>, eso porque la actual titular del bloque de Uni\u00f3n por la Patria, <strong>Natalia Gradaschi<\/strong>, asumir\u00e1 al frente de la Secretar\u00eda de\u00a0<strong>Educaci\u00f3n<\/strong>. <strong>(VW)<\/strong><\/p>\n","protected":false},"excerpt":{"rendered":"<p>El intendente electo de Lan\u00fas Juli\u00e1n \u00c1lvarez prestar\u00e1 juramento este viernes, junto al nuevo gabinete.<\/p>\n","protected":false},"author":4,"featured_media":12856,"comment_status":"closed","ping_status":"closed","sticky":false,"template":"","format":"standard","meta":{"_monsterinsights_skip_tracking":false,"_monsterinsights_sitenote_active":false,"_monsterinsights_sitenote_note":"","_monsterinsights_sitenote_category":0,"footnotes":""},"categories":[4],"tags":[5342,3976,4265,5343],"class_list":["post-12855","post","type-post","status-publish","format-standard","has-post-thumbnail","hentry","category-politica","tag-julian-alvarez","tag-lanus-municipio","tag-nestor-grindetti","tag-traspaso-de-gobierno-y-jura"],"_links":{"self":[{"href":"https:\/\/www.visionweb.com.ar\/index.php?rest_route=\/wp\/v2\/posts\/12855","targetHints":{"allow":["GET"]}}],"collection":[{"href":"https:\/\/www.visionweb.com.ar\/index.php?rest_route=\/wp\/v2\/posts"}],"about":[{"href":"https:\/\/www.visionweb.com.ar\/index.php?rest_route=\/wp\/v2\/types\/post"}],"author":[{"embeddable":true,"href":"https:\/\/www.visionweb.com.ar\/index.php?rest_route=\/wp\/v2\/users\/4"}],"replies":[{"embeddable":true,"href":"https:\/\/www.visionweb.com.ar\/index.php?rest_route=%2Fwp%2Fv2%2Fcomments&post=12855"}],"version-history":[{"count":1,"href":"https:\/\/www.visionweb.com.ar\/index.php?rest_route=\/wp\/v2\/posts\/12855\/revisions"}],"predecessor-version":[{"id":12857,"href":"https:\/\/www.visionweb.com.ar\/index.php?rest_route=\/wp\/v2\/posts\/12855\/revisions\/12857"}],"wp:featuredmedia":[{"embeddable":true,"href":"https:\/\/www.visionweb.com.ar\/index.php?rest_route=\/wp\/v2\/media\/12856"}],"wp:attachment":[{"href":"https:\/\/www.visionweb.com.ar\/index.php?rest_route=%2Fwp%2Fv2%2Fmedia&parent=12855"}],"wp:term":[{"taxonomy":"category","embeddable":true,"href":"https:\/\/www.visionweb.com.ar\/index.php?rest_route=%2Fwp%2Fv2%2Fcategories&post=12855"},{"taxonomy":"post_tag","embeddable":true,"href":"https:\/\/www.visionweb.com.ar\/index.php?rest_route=%2Fwp%2Fv2%2Ftags&post=12855"}],"curies":[{"name":"wp","href":"https:\/\/api.w.org\/{rel}","templated":true}]}}