{"id":12841,"date":"2023-12-07T10:48:21","date_gmt":"2023-12-07T13:48:21","guid":{"rendered":"https:\/\/www.visionweb.com.ar\/?p=12841"},"modified":"2023-12-07T10:48:21","modified_gmt":"2023-12-07T13:48:21","slug":"colegios-bonaerenses-podran-aumentar-hasta-30-las-cuotas-desde-marzo-de-2024","status":"publish","type":"post","link":"https:\/\/www.visionweb.com.ar\/?p=12841","title":{"rendered":"Colegios bonaerenses podr\u00e1n aumentar hasta 30% las cuotas desde marzo de 2024"},"content":{"rendered":"<p><em><strong>Los establecimientos ya informaron a las familias sobre los nuevos montos desde el pr\u00f3ximo a\u00f1o.<\/strong> En diciembre, CABA y PBA autorizaron un aumento de las cuotas de 22% y 11%, respectivamente.<\/em><!--more--><\/p>\n<p><strong><img loading=\"lazy\" decoding=\"async\" class=\"size-medium wp-image-12774 alignright\" src=\"https:\/\/www.visionweb.com.ar\/wp-content\/uploads\/2023\/12\/colegios-privados-300x173.png\" alt=\"\" width=\"300\" height=\"173\" srcset=\"https:\/\/www.visionweb.com.ar\/wp-content\/uploads\/2023\/12\/colegios-privados-300x173.png 300w, https:\/\/www.visionweb.com.ar\/wp-content\/uploads\/2023\/12\/colegios-privados.png 535w\" sizes=\"auto, (max-width: 300px) 100vw, 300px\" \/>E<\/strong>l Gobierno bonaerense autoriz\u00f3 un nuevo cuadro arancelario que se aplicar\u00e1 con las cuotas de marzo en los colegios que reciben subsidios en ambas jurisdicciones.<\/p>\n<p>Seg\u00fan confirmaron en la Asociaci\u00f3n de Institutos de Ense\u00f1anza Privada de Buenos Aires (Aiepba), el incremento promedio ser\u00e1 del 30% y las resoluciones habilitan a los propietarios de las instituciones a informar a las familias sobre los nuevos montos que se aplicar\u00e1n en el inicio del ciclo lectivo 2024.<\/p>\n<p>Aiepba y la Junta Nacional de Educaci\u00f3n Privada (Junep) hab\u00edan reclamado a los responsables de las \u00e1reas educativas posponer esta decisi\u00f3n hasta mediados de diciembre, porque la normativa que rige desde hace m\u00e1s de 20 a\u00f1os impone informar a las familias en octubre sobre los costos de las tarifas del servicio educativo.<\/p>\n<p>\u201cDebido a las dificultades derivadas del proceso inflacionario imped\u00edan a los due\u00f1os de los institutos elaborar presupuestos y programar el costo del funcionamiento con tanta anticipaci\u00f3n\u201d, se plante\u00f3 desde Aiepba.<\/p>\n<p>El director Ejecutivo de Aiepba, Mart\u00edn Zurita, plante\u00f3 que \u201ces una medida compleja, tener que informar aumentos todos los meses y de modificar los valores con estos \u00edndices tan altos\u201d .<\/p>\n<p>\u201cSabemos que resulta complicado y un gran esfuerzo para las familias sostener en muchos casos el pago de los incrementos, pero es necesario adaptar los ingresos de las entidades a los aumentos constantes en todas las variables econ\u00f3micas y acompa\u00f1ar la actualizaci\u00f3n paritaria salarial del sector docente\u201d, se\u00f1al\u00f3.<\/p>\n<p>En diciembre, CABA y PBA autorizaron un aumento de las cuotas de 22% y 11%, respectivamente, despu\u00e9s de las gestiones que hizo Aiepba ante los gobiernos de esas jurisdicciones.<\/p>\n","protected":false},"excerpt":{"rendered":"<p>Los establecimientos ya informaron a las familias sobre los nuevos montos desde el pr\u00f3ximo a\u00f1o. En diciembre, CABA y PBA autorizaron un aumento de las cuotas de 22% y 11%, respectivamente.<\/p>\n","protected":false},"author":3,"featured_media":12774,"comment_status":"closed","ping_status":"closed","sticky":false,"template":"","format":"standard","meta":{"_monsterinsights_skip_tracking":false,"_monsterinsights_sitenote_active":false,"_monsterinsights_sitenote_note":"","_monsterinsights_sitenote_category":0,"footnotes":""},"categories":[1],"tags":[4434,141,374,5337,5336],"class_list":["post-12841","post","type-post","status-publish","format-standard","has-post-thumbnail","hentry","category-uncategorized","tag-aranceles","tag-aumentos","tag-colegios","tag-marzo-24","tag-provados"],"_links":{"self":[{"href":"https:\/\/www.visionweb.com.ar\/index.php?rest_route=\/wp\/v2\/posts\/12841","targetHints":{"allow":["GET"]}}],"collection":[{"href":"https:\/\/www.visionweb.com.ar\/index.php?rest_route=\/wp\/v2\/posts"}],"about":[{"href":"https:\/\/www.visionweb.com.ar\/index.php?rest_route=\/wp\/v2\/types\/post"}],"author":[{"embeddable":true,"href":"https:\/\/www.visionweb.com.ar\/index.php?rest_route=\/wp\/v2\/users\/3"}],"replies":[{"embeddable":true,"href":"https:\/\/www.visionweb.com.ar\/index.php?rest_route=%2Fwp%2Fv2%2Fcomments&post=12841"}],"version-history":[{"count":1,"href":"https:\/\/www.visionweb.com.ar\/index.php?rest_route=\/wp\/v2\/posts\/12841\/revisions"}],"predecessor-version":[{"id":12842,"href":"https:\/\/www.visionweb.com.ar\/index.php?rest_route=\/wp\/v2\/posts\/12841\/revisions\/12842"}],"wp:featuredmedia":[{"embeddable":true,"href":"https:\/\/www.visionweb.com.ar\/index.php?rest_route=\/wp\/v2\/media\/12774"}],"wp:attachment":[{"href":"https:\/\/www.visionweb.com.ar\/index.php?rest_route=%2Fwp%2Fv2%2Fmedia&parent=12841"}],"wp:term":[{"taxonomy":"category","embeddable":true,"href":"https:\/\/www.visionweb.com.ar\/index.php?rest_route=%2Fwp%2Fv2%2Fcategories&post=12841"},{"taxonomy":"post_tag","embeddable":true,"href":"https:\/\/www.visionweb.com.ar\/index.php?rest_route=%2Fwp%2Fv2%2Ftags&post=12841"}],"curies":[{"name":"wp","href":"https:\/\/api.w.org\/{rel}","templated":true}]}}