{"id":12835,"date":"2023-12-07T10:31:13","date_gmt":"2023-12-07T13:31:13","guid":{"rendered":"https:\/\/www.visionweb.com.ar\/?p=12835"},"modified":"2023-12-07T10:31:13","modified_gmt":"2023-12-07T13:31:13","slug":"milei-confirmo-a-lavagna-al-frente-del-indec","status":"publish","type":"post","link":"https:\/\/www.visionweb.com.ar\/?p=12835","title":{"rendered":"Milei confirm\u00f3 a Lavagna al frente del INDEC"},"content":{"rendered":"<p><em><strong>El Presidente electo se comunic\u00f3 con Marco Lavagna quien y continuar\u00e1 en el organismo de estad\u00edstica y censo. tambi\u00e9n confirm\u00f3 al titular del INCUCAI.<\/strong><\/em><!--more--><\/p>\n<p><strong><img loading=\"lazy\" decoding=\"async\" class=\"size-full wp-image-1420 alignright\" src=\"https:\/\/www.visionweb.com.ar\/wp-content\/uploads\/2021\/04\/indec.bmp\" alt=\"\" width=\"463\" height=\"270\" \/>E<\/strong>l presiden te electo, Javier Milei confirm\u00f3 en las \u00faltimas horas a Marcos Lavagna al frente del Instituto Nacional de Estad\u00edstica y Censo (INDEC), y continuar\u00e1 al frente del organismo despu\u00e9s del 10 de diciembre inform\u00f3 la Oficina del Presidente Electo en su cuenta de la red social X.<\/p>\n<p>\u201cSus equipos est\u00e1n trabajando en un proyecto que dotar\u00e1 al organismo de autonom\u00eda y autarqu\u00eda para que deje de funcionar bajo la \u00f3rbita del Ministerio de Econom\u00eda de la Naci\u00f3n\u201d, se detall\u00f3.<\/p>\n<p>De esta manera el director del Indec y, en simult\u00e1neo, secretario de Relaciones Financieras Internacionales, continuar\u00e1 en el organismo estad\u00edstico, transform\u00e1ndose en el primer integrante de el gobierno actual en confirmar la continuidad en la nueva gesti\u00f3n.<\/p>\n<p><img loading=\"lazy\" decoding=\"async\" class=\"size-medium wp-image-12839 alignleft\" src=\"https:\/\/www.visionweb.com.ar\/wp-content\/uploads\/2023\/12\/LAVAGNA-300x297.png\" alt=\"\" width=\"300\" height=\"297\" srcset=\"https:\/\/www.visionweb.com.ar\/wp-content\/uploads\/2023\/12\/LAVAGNA-300x297.png 300w, https:\/\/www.visionweb.com.ar\/wp-content\/uploads\/2023\/12\/LAVAGNA-150x150.png 150w, https:\/\/www.visionweb.com.ar\/wp-content\/uploads\/2023\/12\/LAVAGNA-80x80.png 80w, https:\/\/www.visionweb.com.ar\/wp-content\/uploads\/2023\/12\/LAVAGNA-65x65.png 65w, https:\/\/www.visionweb.com.ar\/wp-content\/uploads\/2023\/12\/LAVAGNA.png 398w\" sizes=\"auto, (max-width: 300px) 100vw, 300px\" \/>De acuerdo con el comunicado emitido anoche por la Oficina del Presidente Electo, \u201cse establecer\u00e1 una nueva pol\u00edtica de Estado, en la que el Indec ser\u00e1 un organismo despolitizado\u201c.<\/p>\n<p>Milei busca dotar de mayor credibilidad a un organismo que tras los conflictos y mediciones pol\u00e9micas durante los gobiernos de Cristina Kirchner, se reconstruy\u00f3 y recobr\u00f3 credibilidad en las \u00faltimas dos gestiones.<\/p>\n<p>Con la continuidad del massista Marco Lavagna, el gobierno de Milei contiene dirigentes de las cuatro principales agrupaciones pol\u00edticas que compitieron en las \u00faltimas elecciones. Hay dirigentes de La Libertad Avanza, de Juntos por el Cambio, Hacemos por nuestro Pais, y ahora de Uni\u00f3n por la Patria.<\/p>\n<p>A 3 d\u00edas de la asunci\u00f3n de Javier Milei, todav\u00eda hay casilleros libres en el organigrama del equipo econ\u00f3mico. Restan confirmaciones oficiales del Director general de AFIP, de la Aduana, y el responsable de las cuentas fiscales y temas presupuestarios, en las que algunas fuentes aseguran que le habr\u00edan ofrecido la continuidad al actual secretario de Hacienda, Ra\u00fal Rigo, en lo que ser\u00eda otro salto de Uni\u00f3n por la Patria al gobierno libertario<strong>(VW)<\/strong>.<\/p>\n<p>&nbsp;<\/p>\n","protected":false},"excerpt":{"rendered":"<p>El Presidente electo se comunic\u00f3 con Marco Lavagna quien y continuar\u00e1 en el organismo de estad\u00edstica y censo. tambi\u00e9n confirm\u00f3 al titular del INCUCAI.<\/p>\n","protected":false},"author":3,"featured_media":1420,"comment_status":"closed","ping_status":"closed","sticky":false,"template":"","format":"standard","meta":{"_monsterinsights_skip_tracking":false,"_monsterinsights_sitenote_active":false,"_monsterinsights_sitenote_note":"","_monsterinsights_sitenote_category":0,"footnotes":""},"categories":[6,4],"tags":[5335,75,906,4530],"class_list":["post-12835","post","type-post","status-publish","format-standard","has-post-thumbnail","hentry","category-economia","category-politica","tag-confirmacion","tag-indec","tag-lavagna","tag-milei"],"_links":{"self":[{"href":"https:\/\/www.visionweb.com.ar\/index.php?rest_route=\/wp\/v2\/posts\/12835","targetHints":{"allow":["GET"]}}],"collection":[{"href":"https:\/\/www.visionweb.com.ar\/index.php?rest_route=\/wp\/v2\/posts"}],"about":[{"href":"https:\/\/www.visionweb.com.ar\/index.php?rest_route=\/wp\/v2\/types\/post"}],"author":[{"embeddable":true,"href":"https:\/\/www.visionweb.com.ar\/index.php?rest_route=\/wp\/v2\/users\/3"}],"replies":[{"embeddable":true,"href":"https:\/\/www.visionweb.com.ar\/index.php?rest_route=%2Fwp%2Fv2%2Fcomments&post=12835"}],"version-history":[{"count":1,"href":"https:\/\/www.visionweb.com.ar\/index.php?rest_route=\/wp\/v2\/posts\/12835\/revisions"}],"predecessor-version":[{"id":12840,"href":"https:\/\/www.visionweb.com.ar\/index.php?rest_route=\/wp\/v2\/posts\/12835\/revisions\/12840"}],"wp:featuredmedia":[{"embeddable":true,"href":"https:\/\/www.visionweb.com.ar\/index.php?rest_route=\/wp\/v2\/media\/1420"}],"wp:attachment":[{"href":"https:\/\/www.visionweb.com.ar\/index.php?rest_route=%2Fwp%2Fv2%2Fmedia&parent=12835"}],"wp:term":[{"taxonomy":"category","embeddable":true,"href":"https:\/\/www.visionweb.com.ar\/index.php?rest_route=%2Fwp%2Fv2%2Fcategories&post=12835"},{"taxonomy":"post_tag","embeddable":true,"href":"https:\/\/www.visionweb.com.ar\/index.php?rest_route=%2Fwp%2Fv2%2Ftags&post=12835"}],"curies":[{"name":"wp","href":"https:\/\/api.w.org\/{rel}","templated":true}]}}