{"id":12828,"date":"2023-12-07T08:57:31","date_gmt":"2023-12-07T11:57:31","guid":{"rendered":"https:\/\/www.visionweb.com.ar\/?p=12828"},"modified":"2023-12-07T08:57:31","modified_gmt":"2023-12-07T11:57:31","slug":"lanus-grindetti-aseguro-que-esta-garantizado-el-pago-de-salarios-del-personal","status":"publish","type":"post","link":"https:\/\/www.visionweb.com.ar\/?p=12828","title":{"rendered":"Lan\u00fas: Grindetti asegur\u00f3 que est\u00e1 garantizado el pago de salarios del personal"},"content":{"rendered":"<p><em><strong>El intendente saliente destac\u00f3 que\u00a0\u201cen caja est\u00e1n disponibles los sueldos de los pr\u00f3ximos meses de todo el personal de la Municipalidad\u201d. Tambi\u00e9n dijo que deja una \u201cadministraci\u00f3n sana, superavitaria y desendeudada\u201d.<\/strong><\/em><!--more--><\/p>\n<div id=\"attachment_11537\" style=\"width: 310px\" class=\"wp-caption alignright\"><img loading=\"lazy\" decoding=\"async\" aria-describedby=\"caption-attachment-11537\" class=\"wp-image-11537 size-medium\" src=\"https:\/\/www.visionweb.com.ar\/wp-content\/uploads\/2023\/08\/a-grindetti-300x219.png\" alt=\"\" width=\"300\" height=\"219\" srcset=\"https:\/\/www.visionweb.com.ar\/wp-content\/uploads\/2023\/08\/a-grindetti-300x219.png 300w, https:\/\/www.visionweb.com.ar\/wp-content\/uploads\/2023\/08\/a-grindetti.png 499w\" sizes=\"auto, (max-width: 300px) 100vw, 300px\" \/><p id=\"caption-attachment-11537\" class=\"wp-caption-text\">Grindetti, foto de archivo<\/p><\/div>\n<p><strong>\u00a0\u00a0 E<\/strong>l intendente de Lan\u00fas y futuro jefe de Gabinete de la Ciudad de Buenos Aires,\u00a0<strong><a href=\"https:\/\/twitter.com\/Nestorgrindetti\">N\u00e9stor Grindetti<\/a><\/strong><strong>, asegur\u00f3 que deja una \u201cadministraci\u00f3n sana, superavitaria y desendeudada\u201d<\/strong>. Destac\u00f3 logros de su gesti\u00f3n.<\/p>\n<p>\u201cDejamos una administraci\u00f3n sana, superavitaria y desendeudada\u201d, asegur\u00f3 el intendente saliente a trav\u00e9s de un mensaje publicado en las \u00faltimas horas en redes sociales.<\/p>\n<p>Destac\u00f3 que\u00a0<strong>\u201cen caja est\u00e1n disponibles los sueldos de los pr\u00f3ximos meses de todo el personal de la Municipalidad\u201d<\/strong>.<\/p>\n<p>\u201cTenemos las condiciones necesarias para que el Municipio pueda seguir creciendo cuidando su patrimonio\u201d, cierra el mensaje.<\/p>\n<p>En las \u00faltimas horas, Grindetti realiz\u00f3 varios posteos en la cuenta de X (antes Twitter) en los que valor\u00f3 las acciones de su gesti\u00f3n en materia de obras, seguridad, cultura y educaci\u00f3n, entre otros.<\/p>\n<p>\u201c<strong>Revalorizamos las escuelas<\/strong>, a trav\u00e9s de las cuales participaron m\u00e1s de 10.000 alumnos y se dieron m\u00e1s de 1.000 cursos y capacitaciones por a\u00f1o, creamos MACU, el Centro Cultural Villa Diamante y pusimos en valor el Centro Comercial de Lan\u00fas Este\u201d, remarc\u00f3 en materia de Educaci\u00f3n.<\/p>\n<p>En materia cultural, se refiri\u00f3 a la reapertura<strong> del Teatro Carlos Gardel<\/strong>\u00a0de Valent\u00edn Alsina: \u201cPodemos decir con orgullo que m\u00e1s de 120.000 vecinos disfrutaron obras gratuitas en los teatros de Lan\u00fas\u201d, apunt\u00f3.<\/p>\n<p>Tambi\u00e9n destac\u00f3 que \u201clos artistas lanusenses produjeron m\u00e1s de 130 canciones a trav\u00e9s de Lan\u00fas Records\u201d y <strong>se realizaron 36 muestras art\u00edsticas por a\u00f1o<\/strong>.<\/p>\n<p>Destac\u00f3 que\u00a0<strong>m\u00e1s de 23 espacios verdes fueron reacondicionados<\/strong>\u00a0en el distrito. \u201cIncorporamos juegos de vanguardia, sistemas de riego, luminarias, parquizaci\u00f3n, nuevo mobiliario urbano, pictogramas y acondicionamiento de veredas, rampas, canteros, cordones y cestos\u201d.<\/p>\n<p>Con respecto a la seguridad vial, detall\u00f3:\u00a0<strong>\u201cCuando llegamos a la gesti\u00f3n cont\u00e1bamos con 142 sem\u00e1foros y nos vamos con 294 colocados\u201d<\/strong>. \u201cAdem\u00e1s, colocamos reductores de velocidad e instruimos a j\u00f3venes y adultos con cursos y talleres de educaci\u00f3n vial para garantizar la seguridad de conductores y transe\u00fantes\u201d. <strong>(VW)<\/strong><\/p>\n","protected":false},"excerpt":{"rendered":"<p>El intendente saliente destac\u00f3 que\u00a0\u201cen caja est\u00e1n disponibles los sueldos de los pr\u00f3ximos meses de todo el personal de la Municipalidad\u201d. Tambi\u00e9n dijo que deja una \u201cadministraci\u00f3n sana, superavitaria y desendeudada\u201d.<\/p>\n","protected":false},"author":4,"featured_media":11537,"comment_status":"closed","ping_status":"closed","sticky":false,"template":"","format":"standard","meta":{"_monsterinsights_skip_tracking":false,"_monsterinsights_sitenote_active":false,"_monsterinsights_sitenote_note":"","_monsterinsights_sitenote_category":0,"footnotes":""},"categories":[4],"tags":[5330,595,5329,4265],"class_list":["post-12828","post","type-post","status-publish","format-standard","has-post-thumbnail","hentry","category-politica","tag-caja-para-sueldos","tag-gestion","tag-intendente-saliente-de-lanus","tag-nestor-grindetti"],"_links":{"self":[{"href":"https:\/\/www.visionweb.com.ar\/index.php?rest_route=\/wp\/v2\/posts\/12828","targetHints":{"allow":["GET"]}}],"collection":[{"href":"https:\/\/www.visionweb.com.ar\/index.php?rest_route=\/wp\/v2\/posts"}],"about":[{"href":"https:\/\/www.visionweb.com.ar\/index.php?rest_route=\/wp\/v2\/types\/post"}],"author":[{"embeddable":true,"href":"https:\/\/www.visionweb.com.ar\/index.php?rest_route=\/wp\/v2\/users\/4"}],"replies":[{"embeddable":true,"href":"https:\/\/www.visionweb.com.ar\/index.php?rest_route=%2Fwp%2Fv2%2Fcomments&post=12828"}],"version-history":[{"count":1,"href":"https:\/\/www.visionweb.com.ar\/index.php?rest_route=\/wp\/v2\/posts\/12828\/revisions"}],"predecessor-version":[{"id":12829,"href":"https:\/\/www.visionweb.com.ar\/index.php?rest_route=\/wp\/v2\/posts\/12828\/revisions\/12829"}],"wp:featuredmedia":[{"embeddable":true,"href":"https:\/\/www.visionweb.com.ar\/index.php?rest_route=\/wp\/v2\/media\/11537"}],"wp:attachment":[{"href":"https:\/\/www.visionweb.com.ar\/index.php?rest_route=%2Fwp%2Fv2%2Fmedia&parent=12828"}],"wp:term":[{"taxonomy":"category","embeddable":true,"href":"https:\/\/www.visionweb.com.ar\/index.php?rest_route=%2Fwp%2Fv2%2Fcategories&post=12828"},{"taxonomy":"post_tag","embeddable":true,"href":"https:\/\/www.visionweb.com.ar\/index.php?rest_route=%2Fwp%2Fv2%2Ftags&post=12828"}],"curies":[{"name":"wp","href":"https:\/\/api.w.org\/{rel}","templated":true}]}}