{"id":12826,"date":"2023-12-07T08:42:11","date_gmt":"2023-12-07T11:42:11","guid":{"rendered":"https:\/\/www.visionweb.com.ar\/?p=12826"},"modified":"2023-12-07T08:42:11","modified_gmt":"2023-12-07T11:42:11","slug":"ioma-y-femeba-restablecieron-las-prestaciones-tras-intensas-negociaciones","status":"publish","type":"post","link":"https:\/\/www.visionweb.com.ar\/?p=12826","title":{"rendered":"IOMA y FEMEBA restablecieron las prestaciones, tras intensas negociaciones"},"content":{"rendered":"<p><em><strong>Se levant\u00f3 el corte de servicios m\u00e9dicos y est\u00e1 asegurada la atenci\u00f3n en la Provincia.<\/strong><\/em><!--more--><\/p>\n<p><strong><img loading=\"lazy\" decoding=\"async\" class=\"size-medium wp-image-11801 alignright\" src=\"https:\/\/www.visionweb.com.ar\/wp-content\/uploads\/2023\/09\/a-femeba-300x156.png\" alt=\"\" width=\"300\" height=\"156\" srcset=\"https:\/\/www.visionweb.com.ar\/wp-content\/uploads\/2023\/09\/a-femeba-300x156.png 300w, https:\/\/www.visionweb.com.ar\/wp-content\/uploads\/2023\/09\/a-femeba.png 417w\" sizes=\"auto, (max-width: 300px) 100vw, 300px\" \/>\u00a0 El Instituto de Obra M\u00e9dico Asistencial (IOMA) y la Federaci\u00f3n M\u00e9dica bonaerense (FEMEBA) alcanzaron un acuerdo, y <\/strong>se levant\u00f3 el corte que reg\u00eda de servicios para afiliados del Programa de Prevenci\u00f3n del C\u00e1ncer de Colon, as\u00ed como otros programas especiales.<\/p>\n<p>El conflicto hab\u00eda alcanzado su punto m\u00e1s \u00e1lgido cuando FEMEBA discontinu\u00f3 las prestaciones el 6 de diciembre debido a la falta de pago por parte de IOMA. Y la situaci\u00f3n se complic\u00f3 a\u00fan m\u00e1s cuando Giles,\u00a0 plante\u00f3 la posibilidad de discontinuar el acuerdo con FEMEBA, y destac\u00f3 problemas relacionados con el cobro indebido y falta de distribuci\u00f3n equitativa de recursos.<\/p>\n<p>En ese sentido, IOMA lanz\u00f3 ayer una <strong>comunicaci\u00f3n institucional<\/strong> para sus afiliados:<\/p>\n<p>\u201c<strong>IOMA informa a las afiliadas y afiliados de La Plata, Ciudad Aut\u00f3noma de Buenos Aires, Ensenada, San Pedro y Tandil, que se levant\u00f3 el Corte de Servicios por parte de FEMEBA, y que la entidad m\u00e9dica continuar\u00e1 el servicio prestacional y de atenci\u00f3n con total normalidad ya que el Instituto dio r\u00e1pida respuesta al reclamo planteado por parte de la Federaci\u00f3n M\u00e9dica de la provincia de Buenos Aires<\/strong>\u201d.<\/p>\n<p>Cabe recordar que, en horas tempranas de la ma\u00f1ana de ayer, FEMEBA hab\u00eda informado\u00a0que \u00abante la falta del pago del IOMA, a partir del 6 de diciembre se proceder\u00e1 al corte de servicios para todas las prestaciones de los afiliados del Instituto\u00bb.<\/p>\n<p>Tambi\u00e9n, a principios de noviembre, FEMEBA ya hab\u00eda llevado adelante una medida similar debido a una deuda por parte de la obra social con los afiliados del gremio, la cual fue solucionada a partir de un pago parcial\u00a0en concepto de prestaciones de alta complejidad liviana, pesada y anestesia. <strong>(VW)<\/strong><\/p>\n","protected":false},"excerpt":{"rendered":"<p>Se levant\u00f3 el corte de servicios m\u00e9dicos y est\u00e1 asegurada la atenci\u00f3n en la Provincia.<\/p>\n","protected":false},"author":4,"featured_media":11801,"comment_status":"closed","ping_status":"closed","sticky":false,"template":"","format":"standard","meta":{"_monsterinsights_skip_tracking":false,"_monsterinsights_sitenote_active":false,"_monsterinsights_sitenote_note":"","_monsterinsights_sitenote_category":0,"footnotes":""},"categories":[4,5],"tags":[380,4605,127,5328],"class_list":["post-12826","post","type-post","status-publish","format-standard","has-post-thumbnail","hentry","category-politica","category-sociedad","tag-acuerdo","tag-femeba","tag-ioma","tag-se-levanto-el-corte"],"_links":{"self":[{"href":"https:\/\/www.visionweb.com.ar\/index.php?rest_route=\/wp\/v2\/posts\/12826","targetHints":{"allow":["GET"]}}],"collection":[{"href":"https:\/\/www.visionweb.com.ar\/index.php?rest_route=\/wp\/v2\/posts"}],"about":[{"href":"https:\/\/www.visionweb.com.ar\/index.php?rest_route=\/wp\/v2\/types\/post"}],"author":[{"embeddable":true,"href":"https:\/\/www.visionweb.com.ar\/index.php?rest_route=\/wp\/v2\/users\/4"}],"replies":[{"embeddable":true,"href":"https:\/\/www.visionweb.com.ar\/index.php?rest_route=%2Fwp%2Fv2%2Fcomments&post=12826"}],"version-history":[{"count":1,"href":"https:\/\/www.visionweb.com.ar\/index.php?rest_route=\/wp\/v2\/posts\/12826\/revisions"}],"predecessor-version":[{"id":12827,"href":"https:\/\/www.visionweb.com.ar\/index.php?rest_route=\/wp\/v2\/posts\/12826\/revisions\/12827"}],"wp:featuredmedia":[{"embeddable":true,"href":"https:\/\/www.visionweb.com.ar\/index.php?rest_route=\/wp\/v2\/media\/11801"}],"wp:attachment":[{"href":"https:\/\/www.visionweb.com.ar\/index.php?rest_route=%2Fwp%2Fv2%2Fmedia&parent=12826"}],"wp:term":[{"taxonomy":"category","embeddable":true,"href":"https:\/\/www.visionweb.com.ar\/index.php?rest_route=%2Fwp%2Fv2%2Fcategories&post=12826"},{"taxonomy":"post_tag","embeddable":true,"href":"https:\/\/www.visionweb.com.ar\/index.php?rest_route=%2Fwp%2Fv2%2Ftags&post=12826"}],"curies":[{"name":"wp","href":"https:\/\/api.w.org\/{rel}","templated":true}]}}