{"id":12814,"date":"2023-12-05T10:21:12","date_gmt":"2023-12-05T13:21:12","guid":{"rendered":"https:\/\/www.visionweb.com.ar\/?p=12814"},"modified":"2023-12-05T10:21:12","modified_gmt":"2023-12-05T13:21:12","slug":"provincia-advierten-la-posible-reintroduccion-del-virus-de-dengue-con-31-casos-importados","status":"publish","type":"post","link":"https:\/\/www.visionweb.com.ar\/?p=12814","title":{"rendered":"Provincia: Advierten la posible \u201creintroducci\u00f3n del virus\u201d de dengue, con 31 casos \u201cimportados\u201d"},"content":{"rendered":"<p><strong>\u00a0<em>El Ministerio de Salud bonaerense se\u00f1al\u00f3 que no se registra circulaci\u00f3n aut\u00f3ctona de chikungunya ni de dengue, pero temen la propagaci\u00f3n por las altas temperaturas.<\/em><\/strong><!--more--><\/p>\n<p><strong><img loading=\"lazy\" decoding=\"async\" class=\"size-medium wp-image-10210 alignright\" src=\"https:\/\/www.visionweb.com.ar\/wp-content\/uploads\/2023\/04\/DENGUE-300x200.png\" alt=\"\" width=\"300\" height=\"200\" srcset=\"https:\/\/www.visionweb.com.ar\/wp-content\/uploads\/2023\/04\/DENGUE-300x200.png 300w, https:\/\/www.visionweb.com.ar\/wp-content\/uploads\/2023\/04\/DENGUE.png 640w\" sizes=\"auto, (max-width: 300px) 100vw, 300px\" \/>\u00a0\u00a0 E<\/strong>l Ministerio de <strong>Salud bonaerense<\/strong> inform\u00f3 que la provincia de Buenos Aires<strong> no registra actualmente circulaci\u00f3n aut\u00f3ctona<\/strong> de chikungunya ni de dengue, aunque se teme que haya una \u201creintroducci\u00f3n del virus de dengue\u201d ya que <strong>se confirmaron 31 casos importados<\/strong> en los \u00faltimos meses.<\/p>\n<p>\u201cActualmente la provincia <strong>no registra circulaci\u00f3n viral aut\u00f3ctona de dengue<\/strong> ni de chikungunya\u201d, se\u00f1al\u00f3 la cartera que conduce Nicol\u00e1s Kreplak en su \u00faltimo bolet\u00edn epidemiol\u00f3gico, publicado en los \u00faltimos d\u00edas.<\/p>\n<p>Pero a la vez, inform\u00f3 que\u00a0<strong>en la \u00faltima semana se confirmaron 31 casos importados de otras jurisdicciones de dengue<\/strong>, y consider\u00f3 que representan \u201cun posible riesgo de reintroducci\u00f3n del virus ante el aumento de las temperaturas y la presencia del vector\u201d.<\/p>\n<p>En el detalle de la cartera bonaerense \u201cse notificaron 192 casos con sospecha de dengue\u201d entre el 27 de agosto y el 19 de noviembre de 2023, \u201cde los cuales 31 fueron confirmados, 9 son probables, 28 casos fueron descartados y <strong>124 a\u00fan contin\u00faan en estudio<\/strong>\u201d.<\/p>\n<p>En ese sentido, la directora de Vigilancia Epidemiol\u00f3gica y Control de Brotes del Ministerio de Salud bonaerense, <strong>Teresa Varela<\/strong>, pidi\u00f3 adoptar medidas para prevenir la propagaci\u00f3n del dengue y dijo que\u00a0<strong>est\u00e1n dadas las condiciones para la circulaci\u00f3n del virus<\/strong>.<\/p>\n<p>En declaraciones formuladas a Radio Provincia, la funcionaria alert\u00f3 que el mosquito \u201cse reproduce en lugares donde se acumula agua muy cerca de las personas como botellas, tapas o bebederos de animales\u201d. Y remarc\u00f3 que \u201c<strong>el descacharrado es vital para evitar la propagaci\u00f3n<\/strong> de ese insecto que transmite la enfermedad\u201d.<\/p>\n<p>\u201cPor eso\u00a0<strong>es importante que en las casas y alrededores eliminemos cualquier recipiente que pueda acumular agua<\/strong>\u201d, detall\u00f3.<\/p>\n<p>Con respecto a los s\u00edntomas de la enfermedad, Varela advirti\u00f3 ante casos de \u201cfiebre asociada a dolores musculares, de cabeza y detr\u00e1s de los ojos\u201d, y aclar\u00f3 que \u201cel dengue no da congesti\u00f3n nasal ni dolor de garganta\u201d.<\/p>\n<p>En ese sentido se\u00f1al\u00f3 que \u201c<strong>las personas con s\u00edntomas deben tomar dos litros de agua y consultar al m\u00e9dico para evaluar <\/strong>si cumplen los criterios para sospechar dengue o Chikungunya\u201d. <strong>(VW)<\/strong><\/p>\n<p>&nbsp;<\/p>\n","protected":false},"excerpt":{"rendered":"<p>\u00a0El Ministerio de Salud bonaerense se\u00f1al\u00f3 que no se registra circulaci\u00f3n aut\u00f3ctona de chikungunya ni de dengue, pero temen la propagaci\u00f3n por las altas temperaturas.<\/p>\n","protected":false},"author":4,"featured_media":10210,"comment_status":"closed","ping_status":"closed","sticky":false,"template":"","format":"standard","meta":{"_monsterinsights_skip_tracking":false,"_monsterinsights_sitenote_active":false,"_monsterinsights_sitenote_note":"","_monsterinsights_sitenote_category":0,"footnotes":""},"categories":[8],"tags":[5323,317,356,5324],"class_list":["post-12814","post","type-post","status-publish","format-standard","has-post-thumbnail","hentry","category-interes-general","tag-casos-importados","tag-dengue","tag-provincia","tag-teresa-varela"],"_links":{"self":[{"href":"https:\/\/www.visionweb.com.ar\/index.php?rest_route=\/wp\/v2\/posts\/12814","targetHints":{"allow":["GET"]}}],"collection":[{"href":"https:\/\/www.visionweb.com.ar\/index.php?rest_route=\/wp\/v2\/posts"}],"about":[{"href":"https:\/\/www.visionweb.com.ar\/index.php?rest_route=\/wp\/v2\/types\/post"}],"author":[{"embeddable":true,"href":"https:\/\/www.visionweb.com.ar\/index.php?rest_route=\/wp\/v2\/users\/4"}],"replies":[{"embeddable":true,"href":"https:\/\/www.visionweb.com.ar\/index.php?rest_route=%2Fwp%2Fv2%2Fcomments&post=12814"}],"version-history":[{"count":1,"href":"https:\/\/www.visionweb.com.ar\/index.php?rest_route=\/wp\/v2\/posts\/12814\/revisions"}],"predecessor-version":[{"id":12815,"href":"https:\/\/www.visionweb.com.ar\/index.php?rest_route=\/wp\/v2\/posts\/12814\/revisions\/12815"}],"wp:featuredmedia":[{"embeddable":true,"href":"https:\/\/www.visionweb.com.ar\/index.php?rest_route=\/wp\/v2\/media\/10210"}],"wp:attachment":[{"href":"https:\/\/www.visionweb.com.ar\/index.php?rest_route=%2Fwp%2Fv2%2Fmedia&parent=12814"}],"wp:term":[{"taxonomy":"category","embeddable":true,"href":"https:\/\/www.visionweb.com.ar\/index.php?rest_route=%2Fwp%2Fv2%2Fcategories&post=12814"},{"taxonomy":"post_tag","embeddable":true,"href":"https:\/\/www.visionweb.com.ar\/index.php?rest_route=%2Fwp%2Fv2%2Ftags&post=12814"}],"curies":[{"name":"wp","href":"https:\/\/api.w.org\/{rel}","templated":true}]}}