{"id":12809,"date":"2023-12-05T09:23:32","date_gmt":"2023-12-05T12:23:32","guid":{"rendered":"https:\/\/www.visionweb.com.ar\/?p=12809"},"modified":"2023-12-05T09:23:32","modified_gmt":"2023-12-05T12:23:32","slug":"uca-en-el-tercer-trimestre-del-ano-la-pobreza-se-acerca-al-45","status":"publish","type":"post","link":"https:\/\/www.visionweb.com.ar\/?p=12809","title":{"rendered":"UCA: En el tercer trimestre del a\u00f1o la pobreza se acerca al 45%"},"content":{"rendered":"<p><em><strong>As\u00ed lo asegura el \u00faltimo informe del Observatorio de la UCA para el tercer trimestre del a\u00f1o. \u00a0Entre ni\u00f1os y adolescentes lleg\u00f3 al 62,9%. Son los peores datos desde 2001.\u00a0<\/strong><\/em><!--more--><\/p>\n<p><strong><img loading=\"lazy\" decoding=\"async\" class=\"size-medium wp-image-10171 alignleft\" src=\"https:\/\/www.visionweb.com.ar\/wp-content\/uploads\/2023\/03\/pobreza2-300x223.jpg\" alt=\"\" width=\"300\" height=\"223\" srcset=\"https:\/\/www.visionweb.com.ar\/wp-content\/uploads\/2023\/03\/pobreza2-300x223.jpg 300w, https:\/\/www.visionweb.com.ar\/wp-content\/uploads\/2023\/03\/pobreza2.jpg 361w\" sizes=\"auto, (max-width: 300px) 100vw, 300px\" \/>L<\/strong>a pobreza multidimensional urbana ascendi\u00f3 en el tercer trimestre de 2023 al 44,7% del total de la poblaci\u00f3n y al 62,9% de los ni\u00f1os y adolescentes, de acuerdo con el informe dado a conocer por el Observatorio de la Deuda Social Argentina (ODSA) de la Universidad Cat\u00f3lica Argentina (UCA).<\/p>\n<p>El informe indic\u00f3 que debido a la alta inflaci\u00f3n, que se espera se agrave en los pr\u00f3ximos meses, los indicadores empeorar\u00e1n.<\/p>\n<p>Asimismo, <strong>la indigencia alcanz\u00f3 al 9,6% (4,2 millones de personas) y la calidad de empleo cay\u00f3 a los niveles m\u00e1s bajo de la serie que el ODSA mide desde 2004, con un 33,1% de la poblaci\u00f3n econ\u00f3micamente activa<\/strong> mayor de 18 a\u00f1os <strong>en condici\u00f3n de desempleo (8,8%) o de subempleo inestable (24,3%). <\/strong><\/p>\n<p>Las cifras de la nueva medici\u00f3n reflejan un crecimiento de los \u00edndices respecto al mismo trimestre de 2022, <strong>cuando la pobreza lleg\u00f3 al 43,1% y la indigencia al 8,1%.<\/strong><\/p>\n<p>Seg\u00fan la \u00faltima medici\u00f3n, la pobreza se ubic\u00f3 en el 44,7% en tercer trimestre del a\u00f1o, una cifra similar a la de 2020 y la m\u00e1s alta desde 2006, 41,2%.<\/p>\n<p>Cuando se mira la pobreza desde una \u00f3ptica multidimensional, la Universidad concluy\u00f3 que 67% de la poblaci\u00f3n al menos sufre una carencia.<\/p>\n<p><strong>El trabajo del Observatorio de la Deuda Social de la UCA (ODSA-UCA),<\/strong> \u00faltimo de 2023, fue realizado sobre\u00a0un muestreo<strong> de 5760 hogares<\/strong> en un universo\u00a0geogr\u00e1fico\u00a0de grandes conglomerados\u00a0urbanos que abarca el \u00e1rea metropolitana del<strong> Gran Buenos Aires, Gran C\u00f3rdoba, Gran Rosario, Gran Mendoza, Salta, Neuqu\u00e9n La Rioja, San Juan Tierra del Fuego, Chubut y Chaco.\u00a0<\/strong><\/p>\n<p>El director del Observatorio, Agust\u00edn Salvia, indic\u00f3 que para 2024 \u201cse abre un escenario en el que la pobreza va a seguir aumentando, no de manera explosiva, sino en niveles similares al crecimiento que tuvo en los \u00faltimos dos a\u00f1os\u201d, <strong>en un contexto que, como anticip\u00f3 el presidente electo Javier Milei, coexistir\u00e1n \u201cuna din\u00e1mica de alta inflaci\u00f3n con el estancamiento econ\u00f3mico\u201d<\/strong>.<\/p>\n<p>\u201cEstamos en presencia de una crisis que marca un fin de ciclo, gobierne quien gobierne\u201d, sentenci\u00f3 en una rueda de prensa, en referencia a las dos d\u00e9cadas iniciadas en la \u201cposconvertibilidad\u201d <strong>en el que \u201cse apost\u00f3 m\u00e1s al equilibrio social fomentando el consumo que al crecimiento econ\u00f3mico priorizando la inversi\u00f3n\u201d.<\/strong><\/p>\n<p>La s\u00edntesis de ese proceso fue \u201cun comienzo que fue pr\u00f3spero, a lo que le sigui\u00f3 un per\u00edodo de estancamiento y finalmente entr\u00f3 en franca decadencia\u201d, se\u00f1al\u00f3 y asegur\u00f3 que \u201csi esto sigue as\u00ed, aumentar\u00e1n los pobres a costa de una reducci\u00f3n de las clases medias\u201d.<\/p>\n<p>Sobre sus expectativas acerca del futuro gobierno<strong> de Milei,<\/strong> advirti\u00f3 que en el corto plazo habr\u00e1 \u201cun ajuste en los precios relativos\u201d que<strong> incidir\u00e1 negativamente en los niveles de pobreza e indigencia, mientras que en el mediano y largo plazo \u201cno se sabe a d\u00f3nde va a llegar, pero si es exitoso tiene la potencialidad de crecimiento\u201d.<\/strong> Y sostuvo que \u201cen el proceso, habr\u00e1 una puja distributiva muy importante y los sectores m\u00e1s vulnerables deber\u00e1n ser cuidados\u201d.<\/p>\n<p>En este contexto, el Observatorio present\u00f3 <strong>un ejercicio de simulaci\u00f3n<\/strong> en el que estiman a cu\u00e1nto <strong>ascender\u00edan la pobreza y la indigencia sin algunas de las asistencias estatales: la tasa observada de 9,6% para la indigencia trepar\u00eda al 17,1% sin la Asignaci\u00f3n Universal por Hijo (AUH) y otros programas, al 20,1% si adem\u00e1s se excluyeran las pensiones no contributivas y al 11,3% sin bonos extraordinarios, en tanto el 44,7% de pobreza ascender\u00eda al 47,9%, 49,1% y 46,6%<\/strong>, respectivamente.<\/p>\n<p>\u201cEl 35,9% de los hogares recibi\u00f3 alguna asistencia social en 2023, esto representa alrededor del 46,7% de las personas dentro del universo analizado\u201d, precis\u00f3 el Observatorio, que subray\u00f3 que \u201cla asistencia social adquiere mayor relevancia en los estratos m\u00e1s bajos, con d\u00e9ficits educativos, en condici\u00f3n de pobreza y\/o inseguridad alimentaria, as\u00ed como en el conjunto de unidades dom\u00e9sticas con presencia de ni\u00f1os y ni\u00f1as\u201d<strong>(VW)<\/strong><\/p>\n","protected":false},"excerpt":{"rendered":"<p>As\u00ed lo asegura el \u00faltimo informe del Observatorio de la UCA para el tercer trimestre del a\u00f1o. \u00a0Entre ni\u00f1os y adolescentes lleg\u00f3 al 62,9%. Son los peores datos desde 2001.\u00a0<\/p>\n","protected":false},"author":3,"featured_media":9602,"comment_status":"closed","ping_status":"closed","sticky":false,"template":"","format":"standard","meta":{"_monsterinsights_skip_tracking":false,"_monsterinsights_sitenote_active":false,"_monsterinsights_sitenote_note":"","_monsterinsights_sitenote_category":0,"footnotes":""},"categories":[5],"tags":[1804,77,4530,112],"class_list":["post-12809","post","type-post","status-publish","format-standard","has-post-thumbnail","hentry","category-sociedad","tag-ajuste","tag-inflacion","tag-milei","tag-pobreza"],"_links":{"self":[{"href":"https:\/\/www.visionweb.com.ar\/index.php?rest_route=\/wp\/v2\/posts\/12809","targetHints":{"allow":["GET"]}}],"collection":[{"href":"https:\/\/www.visionweb.com.ar\/index.php?rest_route=\/wp\/v2\/posts"}],"about":[{"href":"https:\/\/www.visionweb.com.ar\/index.php?rest_route=\/wp\/v2\/types\/post"}],"author":[{"embeddable":true,"href":"https:\/\/www.visionweb.com.ar\/index.php?rest_route=\/wp\/v2\/users\/3"}],"replies":[{"embeddable":true,"href":"https:\/\/www.visionweb.com.ar\/index.php?rest_route=%2Fwp%2Fv2%2Fcomments&post=12809"}],"version-history":[{"count":1,"href":"https:\/\/www.visionweb.com.ar\/index.php?rest_route=\/wp\/v2\/posts\/12809\/revisions"}],"predecessor-version":[{"id":12810,"href":"https:\/\/www.visionweb.com.ar\/index.php?rest_route=\/wp\/v2\/posts\/12809\/revisions\/12810"}],"wp:featuredmedia":[{"embeddable":true,"href":"https:\/\/www.visionweb.com.ar\/index.php?rest_route=\/wp\/v2\/media\/9602"}],"wp:attachment":[{"href":"https:\/\/www.visionweb.com.ar\/index.php?rest_route=%2Fwp%2Fv2%2Fmedia&parent=12809"}],"wp:term":[{"taxonomy":"category","embeddable":true,"href":"https:\/\/www.visionweb.com.ar\/index.php?rest_route=%2Fwp%2Fv2%2Fcategories&post=12809"},{"taxonomy":"post_tag","embeddable":true,"href":"https:\/\/www.visionweb.com.ar\/index.php?rest_route=%2Fwp%2Fv2%2Ftags&post=12809"}],"curies":[{"name":"wp","href":"https:\/\/api.w.org\/{rel}","templated":true}]}}