{"id":12798,"date":"2023-12-04T12:17:10","date_gmt":"2023-12-04T15:17:10","guid":{"rendered":"https:\/\/www.visionweb.com.ar\/?p=12798"},"modified":"2023-12-04T12:18:28","modified_gmt":"2023-12-04T15:18:28","slug":"no-habria-mas-elecciones-paso","status":"publish","type":"post","link":"https:\/\/www.visionweb.com.ar\/?p=12798","title":{"rendered":"No habr\u00eda m\u00e1s elecciones PASO"},"content":{"rendered":"<p><strong><em>Mientras se termina de definir el gabinete del Presidente electo, trascendi\u00f3 que\u00a0 las elecciones Primarias, Abiertas, Simult\u00e1neas y Obligatorias (PASO) ser\u00e1 eliminadas.\u00a0<\/em><\/strong><!--more--><\/p>\n<div id=\"attachment_1288\" style=\"width: 338px\" class=\"wp-caption alignright\"><img loading=\"lazy\" decoding=\"async\" aria-describedby=\"caption-attachment-1288\" class=\"wp-image-1288 size-full\" src=\"https:\/\/www.visionweb.com.ar\/wp-content\/uploads\/2021\/03\/Urna-elecciones.bmp\" alt=\"\" width=\"328\" height=\"267\" \/><p id=\"caption-attachment-1288\" class=\"wp-caption-text\">Si el Congreso da luz verde a la iniciativa, en las pr\u00f3ximas elecciones de medio t\u00e9rmino no habr\u00e1 PASO<\/p><\/div>\n<p>La eliminaci\u00f3n de las elecciones primarias, abiertas, simult\u00e1neas y obligatorias estar\u00e1n (PASO) est\u00e1n en la agenda del nuevo Gobierno, seg\u00fan confirm\u00f3 el futuro ministro del Interior, Guillermo Francos.<\/p>\n<p>\u00abEl presidente electo, Javier Milei, enviar\u00e1 al Congreso un proyecto con ese pedido y ratific\u00f3 que en su discurso de asunci\u00f3n anunciar\u00e1 el llamado a sesiones extraordinarias\u00bb, confirm\u00f3 .<\/p>\n<p>\u201cLa eliminaci\u00f3n de las PASO es uno de los temas para incorporar\u201d al conjunto de leyes que Milei enviar\u00e1 al Congreso, asegur\u00f3 Francos en una entrevista en La Naci\u00f3n+.<\/p>\n<p>Adem\u00e1s confirm\u00f3 que Milei, ante la Asamblea Legislativa el pr\u00f3ximo domingo 10 de diciembre, \u201canunciar\u00e1 el llamado a extraordinarias\u201d para tratar esas iniciativas.<\/p>\n<p>Respecto a la conformaci\u00f3n del gabinete del Gobierno de La Libertad Avanza (LLA), el expresidente del Banco Provincia de Buenos Aires admiti\u00f3 que \u201chay conversaciones muy avanzadas\u201d para que el exdiputado Luis Petri ocupe la cartera de Defensa y que, si bien su designaci\u00f3n debe ser \u201cconfirmada\u201d por el presidente electo, su nombramiento \u201cest\u00e1 en conversaciones\u201d.<\/p>\n<p>Francos asegur\u00f3 que \u201cya est\u00e1 definido\u201d quien se pondr\u00e1 al frente de la Agencia Federal de Inteligencia (AFI) pero dijo que ser\u00e1 el propio Milei quien lo comunique.<\/p>\n<p>Adelant\u00f3 que una vez establecido el gobierno de LLA ese organismo \u201cse va a reestructurar\u201d.<\/p>\n<p>Consultado por los pases a planta en organismos del Estado, asegur\u00f3 que despu\u00e9s del 10 de diciembre \u201cjudicializaremos lo que haya que judicializar y quienes hayan entrado por la ventana saldr\u00e1n por la puerta, porque somos respetuosos\u201d, en referencia a presuntos despidos de personal estatal.<\/p>\n<p>\u201cEst\u00e1 claro que cuando uno reduce no se acaban todas las funciones, algunas se eliminar\u00e1n y otras se readecuaran\u201d, asegur\u00f3 Francos, y explic\u00f3 que habr\u00e1 una \u201creestructuraci\u00f3n del organigrama p\u00fablico, donde hoy hay ministerios que est\u00e1n superpoblados que se tendr\u00e1n que reducir\u201d. En el sistema judicial \u201cva a haber un recorte grande\u201d, ejemplific\u00f3.<\/p>\n<p><strong>M\u00e1s definiciones<\/strong><\/p>\n<p>En materia econ\u00f3mica asegur\u00f3: \u201cYo me quedar\u00eda tranquilo con el d\u00f3lar, porque no veo motivo por el cual hubiera una disparada\u201d de la moneda extranjera luego del 10 de diciembre, y consider\u00f3 que \u201c600 o 650 pesos podr\u00eda ser un valor razonable del d\u00f3lar\u201d oficial en el futuro.<\/p>\n<p>Tambi\u00e9n asegur\u00f3 que el equipo del designado ministro de Econom\u00eda, Luis Caputo, \u201cest\u00e1 trabajando con el tema de las leliqs (letras de liquidez)\u201d junto al propio Milei (quien es economista) y consider\u00f3 que la expresi\u00f3n \u201cno hay plata\u201d que el presidente electo repiti\u00f3 en las \u00faltimas entrevistas indica que \u201clos argentinos entiendan que se termin\u00f3 la maquinita (de imprimir billetes) a partir del 10 de diciembre\u201d.<\/p>\n<p>\u201cVa a estar la plata que hay\u201d, asegur\u00f3, y puntualiz\u00f3 que \u201chay situaciones que demandan recursos que el Estado tiene y otras que el Estado no tiene, y para eso habr\u00e1 que analizar prioridades\u201d<strong>(VW)<\/strong>.<\/p>\n<p>&nbsp;<\/p>\n","protected":false},"excerpt":{"rendered":"<p>Mientras se termina de definir el gabinete del Presidente electo, trascendi\u00f3 que\u00a0 las elecciones Primarias, Abiertas, Simult\u00e1neas y Obligatorias (PASO) ser\u00e1 eliminadas.\u00a0<\/p>\n","protected":false},"author":3,"featured_media":1288,"comment_status":"closed","ping_status":"closed","sticky":false,"template":"","format":"standard","meta":{"_monsterinsights_skip_tracking":false,"_monsterinsights_sitenote_active":false,"_monsterinsights_sitenote_note":"","_monsterinsights_sitenote_category":0,"footnotes":""},"categories":[4],"tags":[485,5317,204,5021],"class_list":["post-12798","post","type-post","status-publish","format-standard","has-post-thumbnail","hentry","category-politica","tag-congreso","tag-eliminacion","tag-paso","tag-petri"],"_links":{"self":[{"href":"https:\/\/www.visionweb.com.ar\/index.php?rest_route=\/wp\/v2\/posts\/12798","targetHints":{"allow":["GET"]}}],"collection":[{"href":"https:\/\/www.visionweb.com.ar\/index.php?rest_route=\/wp\/v2\/posts"}],"about":[{"href":"https:\/\/www.visionweb.com.ar\/index.php?rest_route=\/wp\/v2\/types\/post"}],"author":[{"embeddable":true,"href":"https:\/\/www.visionweb.com.ar\/index.php?rest_route=\/wp\/v2\/users\/3"}],"replies":[{"embeddable":true,"href":"https:\/\/www.visionweb.com.ar\/index.php?rest_route=%2Fwp%2Fv2%2Fcomments&post=12798"}],"version-history":[{"count":1,"href":"https:\/\/www.visionweb.com.ar\/index.php?rest_route=\/wp\/v2\/posts\/12798\/revisions"}],"predecessor-version":[{"id":12799,"href":"https:\/\/www.visionweb.com.ar\/index.php?rest_route=\/wp\/v2\/posts\/12798\/revisions\/12799"}],"wp:featuredmedia":[{"embeddable":true,"href":"https:\/\/www.visionweb.com.ar\/index.php?rest_route=\/wp\/v2\/media\/1288"}],"wp:attachment":[{"href":"https:\/\/www.visionweb.com.ar\/index.php?rest_route=%2Fwp%2Fv2%2Fmedia&parent=12798"}],"wp:term":[{"taxonomy":"category","embeddable":true,"href":"https:\/\/www.visionweb.com.ar\/index.php?rest_route=%2Fwp%2Fv2%2Fcategories&post=12798"},{"taxonomy":"post_tag","embeddable":true,"href":"https:\/\/www.visionweb.com.ar\/index.php?rest_route=%2Fwp%2Fv2%2Ftags&post=12798"}],"curies":[{"name":"wp","href":"https:\/\/api.w.org\/{rel}","templated":true}]}}