{"id":12794,"date":"2023-12-04T10:24:44","date_gmt":"2023-12-04T13:24:44","guid":{"rendered":"https:\/\/www.visionweb.com.ar\/?p=12794"},"modified":"2023-12-04T10:24:44","modified_gmt":"2023-12-04T13:24:44","slug":"intensa-busqueda-de-tres-andinistas-argentinos-perdidos-en-una-expedicion-en-los-andes","status":"publish","type":"post","link":"https:\/\/www.visionweb.com.ar\/?p=12794","title":{"rendered":"Intensa b\u00fasqueda de tres andinistas argentinos perdidos en una expedici\u00f3n en Los Andes"},"content":{"rendered":"<p><em><strong>Desaparecieron en la Cordillera y al momento s\u00f3lo se encontr\u00f3 la carpa del campamento que realizaron a 4.000 metros de altura en el cerro Marmolejo. Se trata de Ra\u00fal Espir, jefe comunal de General San Mart\u00edn, Sergio Berardo e Ignacio Lucero, gu\u00eda de monta\u00f1a mendocino.<\/strong><\/em><!--more--><\/p>\n<div id=\"attachment_12795\" style=\"width: 310px\" class=\"wp-caption alignright\"><img loading=\"lazy\" decoding=\"async\" aria-describedby=\"caption-attachment-12795\" class=\"wp-image-12795 size-medium\" src=\"https:\/\/www.visionweb.com.ar\/wp-content\/uploads\/2023\/12\/busqueda-del-intendente-Spir-en-la-cordillera-@diariolaarena-300x183.png\" alt=\"\" width=\"300\" height=\"183\" srcset=\"https:\/\/www.visionweb.com.ar\/wp-content\/uploads\/2023\/12\/busqueda-del-intendente-Spir-en-la-cordillera-@diariolaarena-300x183.png 300w, https:\/\/www.visionweb.com.ar\/wp-content\/uploads\/2023\/12\/busqueda-del-intendente-Spir-en-la-cordillera-@diariolaarena.png 480w\" sizes=\"auto, (max-width: 300px) 100vw, 300px\" \/><p id=\"caption-attachment-12795\" class=\"wp-caption-text\">Intendente del municipio pampeano de General San Mart\u00edn, Ra\u00fal Espir. Foto X @diarioLaArena<\/p><\/div>\n<p><strong>\u00a0 <\/strong><strong>U<\/strong>n grupo de 3 andinistas, se encuentran perdidos en los \u00faltimos d\u00edas en el Cerro Marmolejo, ubicado en Tunuy\u00e1n, compartido con Chile.\u00a0<strong>Desde el s\u00e1bado se activ\u00f3 un operativo de b\u00fasqueda del lado chileno.\u00a0<\/strong><\/p>\n<p><strong>El intendente del municipio pampeano de General San Mart\u00edn, Ra\u00fal Espir\u00a0<\/strong>viaj\u00f3 con el escribano del municipio, <strong>Sergio Berardo<\/strong>, y otras cuatro personas, para subir el\u00a0<strong>cerro Marmolejo<\/strong>, que tiene m\u00e1s de 6.000 metros de altura.<\/p>\n<p>Seg\u00fan relat\u00f3 el diario pampeano\u00a0<strong>La Arena<\/strong>, la expedici\u00f3n de la que participaban ambos funcionarios comenz\u00f3 el pasado 22 de noviembre y\u00a0<strong>deb\u00edan estar de vuelta el 28 del mismo mes<\/strong>, aunque eso a\u00fan no ha ocurrido. Tambi\u00e9n se\u00f1alaron que, de las seis personas que subieron, dos ya descendieron.<\/p>\n<p>Adem\u00e1s, el mismo medio asegur\u00f3 que este tipo de expediciones eran habituales en los dos funcionarios, y se trata de andinistas entusiastas.<\/p>\n<p>As\u00ed, desde el mi\u00e9rcoles 29 de noviembre hay<strong>\u00a0tres andinistas argentinos desaparecidos\u00a0<\/strong>que ten\u00edan el proyecto de ascender el\u00a0<strong>cerro Marmolejo<\/strong>, cuya cima se corresponde con el l\u00edmite internacional entre\u00a0<strong>Chile\u00a0<\/strong>y\u00a0<strong>Argentina<\/strong>.<\/p>\n<p>Sin se\u00f1ales de vida a\u00fan, hay un <strong>equipo de b\u00fasqueda<\/strong> y varios funcionarios pol\u00edticos que est\u00e1n trabajando para intentar dar con su paradero.<\/p>\n<p>La \u00faltima comunicaci\u00f3n se tuvo al momento que el grupo transitaba la vertiente occidental de la monta\u00f1a, del lado chileno y los \u00faltimos rastros hallados fueron una carpa ubicada en un campamento a m\u00e1s de 4.000 metros de altura, mientras que el total del cerro es de 6.108 sobre el nivel del mar.<\/p>\n<p>Todo comenz\u00f3 el d\u00eda mi\u00e9rcoles cuando\u00a0<strong>personal de carabineros de Chile<\/strong> recibi\u00f3 una denuncia que informaba el retraso de una expedici\u00f3n en el cerro Marmolejo de la cual eran parte <strong>dos andinistas originarios de la provincia de La Pampa<\/strong> y <strong>el gu\u00eda<\/strong> mendocino<strong>\u00a0Ignacio Lucero.<\/strong><\/p>\n<p>Dos desaparecidos fueron identificados como\u00a0<strong>Ra\u00fal Espir<\/strong>\u00a0y<strong>\u00a0Sergio Berardo<\/strong>. El primero es el\u00a0<strong>intendente por Juntos por el Cambio<\/strong>\u00a0de la localidad pampeana de General San Martin y el segundo es escribano del mismo lugar, seg\u00fan inform\u00f3 el diario pampeano\u00a0<em>La Arena<\/em>.<\/p>\n<p><img loading=\"lazy\" decoding=\"async\" class=\"size-medium wp-image-12796 alignleft\" src=\"https:\/\/www.visionweb.com.ar\/wp-content\/uploads\/2023\/12\/cordillera-300x166.png\" alt=\"\" width=\"300\" height=\"166\" srcset=\"https:\/\/www.visionweb.com.ar\/wp-content\/uploads\/2023\/12\/cordillera-300x166.png 300w, https:\/\/www.visionweb.com.ar\/wp-content\/uploads\/2023\/12\/cordillera.png 483w\" sizes=\"auto, (max-width: 300px) 100vw, 300px\" \/>Fuentes del Ministerio de Seguridad mendocino y del consulado argentino en Santiago de Chile detallaron que desde la\u00a0<strong>Unidad Patrulla de Rescate y Auxilio en Monta\u00f1a de Mendoza (UPRAM)\u00a0<\/strong>y<strong>\u00a0El Cuerpo de Aviaci\u00f3n Policial de la polic\u00eda de Mendoza<\/strong>\u00a0se mantuvo comunicaci\u00f3n con personal del\u00a0<strong>GOPE\u00a0<\/strong>de Chile (grupo especial de rescate de carabineros) para dar con el paradero de los hombres extraviados.<\/p>\n<p>Desde Chile explicaron que del lado de su pa\u00eds \u201cal momento se est\u00e1n realizando tareas de b\u00fasqueda con helic\u00f3pteros y personal de esa unidad especial, dado que las distancias de aproximaci\u00f3n y la ruta de acceso usada por la expedici\u00f3n es de ese lado de la frontera\u201d.<\/p>\n<p>En tanto, el\u00a0<strong>helic\u00f3ptero V3 de la polic\u00eda de Mendoza\u00a0<\/strong>est\u00e1 a disposici\u00f3n para realizar vuelos de dicho lado, a la espera de la confirmaci\u00f3n del equipo de b\u00fasqueda de Chile y de las condiciones meteorol\u00f3gicas, informaron.<\/p>\n<p>Los rescatistas mendocinos llamaron a \u201cconfiar en las tareas que est\u00e1 realizando el personal del GOPE del lado chileno\u201d.<\/p>\n<p>Desde las autoridades, la vicepresidenta electa, <strong>Victoria Villarruel<\/strong>, anunci\u00f3 ayer en su cuenta de\u00a0<strong>X<\/strong>\u00a0que inici\u00f3 formalmente gestiones con el gobierno de Chile para que intensifique el operativo de b\u00fasqueda del lado del pa\u00eds vecino. Adem\u00e1s, aclar\u00f3 que est\u00e1 actuando de manera conjunta con la senadora<strong>\u00a0Victoria Huala<\/strong>, de La Pampa, y con la futura canciller,\u00a0<strong>Diana Mondino<\/strong>. <strong>(VW)<\/strong><\/p>\n","protected":false},"excerpt":{"rendered":"<p>Desaparecieron en la Cordillera y al momento s\u00f3lo se encontr\u00f3 la carpa del campamento que realizaron a 4.000 metros de altura en el cerro Marmolejo. Se trata de Ra\u00fal Espir, jefe comunal de General&#46;&#46;&#46;<\/p>\n","protected":false},"author":4,"featured_media":12796,"comment_status":"closed","ping_status":"closed","sticky":false,"template":"","format":"standard","meta":{"_monsterinsights_skip_tracking":false,"_monsterinsights_sitenote_active":false,"_monsterinsights_sitenote_note":"","_monsterinsights_sitenote_category":0,"footnotes":""},"categories":[8],"tags":[5312,5313,5314,5316,400,5315],"class_list":["post-12794","post","type-post","status-publish","format-standard","has-post-thumbnail","hentry","category-interes-general","tag-andinistas-perdidos","tag-cerro-marmolejo","tag-chile","tag-guia-mendocino-ignacio-lucero","tag-mendoza","tag-raul-espir-y-sergio-berardo-de-la-pampa"],"_links":{"self":[{"href":"https:\/\/www.visionweb.com.ar\/index.php?rest_route=\/wp\/v2\/posts\/12794","targetHints":{"allow":["GET"]}}],"collection":[{"href":"https:\/\/www.visionweb.com.ar\/index.php?rest_route=\/wp\/v2\/posts"}],"about":[{"href":"https:\/\/www.visionweb.com.ar\/index.php?rest_route=\/wp\/v2\/types\/post"}],"author":[{"embeddable":true,"href":"https:\/\/www.visionweb.com.ar\/index.php?rest_route=\/wp\/v2\/users\/4"}],"replies":[{"embeddable":true,"href":"https:\/\/www.visionweb.com.ar\/index.php?rest_route=%2Fwp%2Fv2%2Fcomments&post=12794"}],"version-history":[{"count":1,"href":"https:\/\/www.visionweb.com.ar\/index.php?rest_route=\/wp\/v2\/posts\/12794\/revisions"}],"predecessor-version":[{"id":12797,"href":"https:\/\/www.visionweb.com.ar\/index.php?rest_route=\/wp\/v2\/posts\/12794\/revisions\/12797"}],"wp:featuredmedia":[{"embeddable":true,"href":"https:\/\/www.visionweb.com.ar\/index.php?rest_route=\/wp\/v2\/media\/12796"}],"wp:attachment":[{"href":"https:\/\/www.visionweb.com.ar\/index.php?rest_route=%2Fwp%2Fv2%2Fmedia&parent=12794"}],"wp:term":[{"taxonomy":"category","embeddable":true,"href":"https:\/\/www.visionweb.com.ar\/index.php?rest_route=%2Fwp%2Fv2%2Fcategories&post=12794"},{"taxonomy":"post_tag","embeddable":true,"href":"https:\/\/www.visionweb.com.ar\/index.php?rest_route=%2Fwp%2Fv2%2Ftags&post=12794"}],"curies":[{"name":"wp","href":"https:\/\/api.w.org\/{rel}","templated":true}]}}