{"id":12786,"date":"2023-12-04T09:23:48","date_gmt":"2023-12-04T12:23:48","guid":{"rendered":"https:\/\/www.visionweb.com.ar\/?p=12786"},"modified":"2023-12-04T09:23:48","modified_gmt":"2023-12-04T12:23:48","slug":"came-las-ventas-minoristas-retrocedieron-29-interanual","status":"publish","type":"post","link":"https:\/\/www.visionweb.com.ar\/?p=12786","title":{"rendered":"CAME: Las ventas minoristas retrocedieron 2,9% interanual"},"content":{"rendered":"<p><em><strong>Alta p\u00e9rdida del poder adquisitivo: Seg\u00fan el relevamiento, las ventas minoristas bajaron 2,4% en lo que va del a\u00f1o. \u201cLas ofertas del comercio electr\u00f3nico\u00a0no fueron suficientes\u00a0para cambiar el signo de la tendencia en las ventas\u201d, indicaron.<\/strong><\/em><!--more--><\/p>\n<p><strong><img loading=\"lazy\" decoding=\"async\" class=\"size-medium wp-image-12787 alignright\" src=\"https:\/\/www.visionweb.com.ar\/wp-content\/uploads\/2023\/12\/indumentaria-300x186.png\" alt=\"\" width=\"300\" height=\"186\" srcset=\"https:\/\/www.visionweb.com.ar\/wp-content\/uploads\/2023\/12\/indumentaria-300x186.png 300w, https:\/\/www.visionweb.com.ar\/wp-content\/uploads\/2023\/12\/indumentaria.png 559w\" sizes=\"auto, (max-width: 300px) 100vw, 300px\" \/>\u00a0\u00a0 L<\/strong>a Confederaci\u00f3n Argentina de la Mediana Empresa (<strong>CAME<\/strong>) inform\u00f3 el reporte de\u00a0<strong>ventas minoristas<\/strong>\u00a0del sector\u00a0<strong>pyme<\/strong>\u00a0correspondiente al mes de noviembre, que registr\u00f3 un nuevo retroceso <strong>al caer 2,9% interanual, y acumul\u00f3 11 meses consecutivos en esa l\u00ednea, con<\/strong> <strong>una retracci\u00f3n del 2,4% e<\/strong>n lo que va del a\u00f1o.<\/p>\n<p>Seg\u00fan el informe, la tendencia a la baja en las ventas podr\u00eda continuar si siguen registr\u00e1ndose los problemas que hicieron que caiga el consumo en noviembre. \u00ab<strong>El clima electoral le puso extrema prudencia al consumo, pero lo que m\u00e1s incidi\u00f3 en el declive del mes fueron las fuertes subas de precios<\/strong>\u00a0que generaron una p\u00e9rdida clara en el poder adquisitivo del ingreso familiar\u00bb, indic\u00f3 la CAME.<\/p>\n<p>Asimismo, indicaron que \u201clos alicientes de\u00a0<strong>las ofertas del comercio electr\u00f3nico\u00a0<\/strong>que se pusieron a disposici\u00f3n de los consumidores a comienzos del mes, con financiamiento que animaron la venta de bienes durables durante tres d\u00edas,\u00a0<strong>no fueron suficientes\u00a0<\/strong>para cambiar el signo de la tendencia en las ventas\u201d.<\/p>\n<p>Adem\u00e1s, desde la entidad gremial-empresaria se\u00f1alaron que \u201clos\u00a0<strong>sobresaltos cambiarios<\/strong>\u00a0no ayudaron a la din\u00e1mica de las ventas del comercio minorista, especialmente a la compra de bienes de mayor valor, porque el d\u00f3lar capt\u00f3 dinero que podr\u00eda haberse volcado a ese consumo\u201d.<\/p>\n<p>De los siete rubros analizados por el relevamiento de CAME,\u00a0<strong>tres escaparon a la tendencia general<\/strong>\u00a0y crecieron en la comparaci\u00f3n anual, y los cuatro restantes declinaron.<\/p>\n<p>Los rubros que registraron subas interanuales en sus ventas durante noviembre, estuvieron liderados por Bazar, decoraci\u00f3n, textiles del hogar y muebles (+4,3% anual).<\/p>\n<p>En cambio, de los cuatro ramos que retrocedieron,<strong>\u00a0la mayor baja fue en Alimentos y bebidas (-7,7% anual).<\/strong><\/p>\n<p><strong>Rendimiento rubro por rubro:<\/strong><\/p>\n<p><strong>Alimentos y bebidas<\/strong>: las ventas\u00a0<strong>se retrajeron 7,7% anual en noviembre<\/strong>, a precios constantes y acumulan una disminuci\u00f3n de 3,3% en los primeros 11 meses del a\u00f1o frente al mismo periodo de 2022. En la comparaci\u00f3n intermensual, crecieron 0,4%.<br \/>\n<strong>Bazar, decoraci\u00f3n, textiles para el hogar y muebles<\/strong>: las ventas tuvieron\u00a0<strong>un ascenso del 4,3%\u00a0<\/strong>anual en noviembre, a precios constantes y llevan un declive del 0,6% en los once meses del a\u00f1o, comparado al mismo periodo de 2022. Contra el mes pasado, en cambio, cayeron 2%.<br \/>\n<strong>Calzado y marroquiner\u00eda<\/strong>: las ventas\u00a0<strong>crecieron 1,3%\u00a0<\/strong>anual en noviembre, a precios constantes y registran un alza de 1,1% en los primeros 11 meses del corriente a\u00f1o frente al mismo periodo de 2022. En la comparaci\u00f3n intermensual cayeron 5%.<br \/>\n<strong>Farmacia<\/strong>: las ventas\u00a0<strong>retrocedieron 4,4% anual<\/strong>, a precios constantes, aunque a\u00fan acumulan un crecimiento de 1,7% en los primeros once meses del a\u00f1o frente al mismo periodo de 2022. En la comparaci\u00f3n intermensual, subieron 1,1%.<br \/>\n<strong>Perfumer\u00eda<\/strong>: las ventas<strong>\u00a0bajaron 0,2% anual en noviembre,\u00a0<\/strong>siempre a precios constantes, y suman una ca\u00edda tambi\u00e9n de 1% en los 11 once meses del 2023, contra el mismo periodo del a\u00f1o pasado. En la comparaci\u00f3n intermensual crecieron 0,9%.<br \/>\nF<strong>erreter\u00eda, materiales el\u00e9ctricos y materiales de la construcci\u00f3n:<\/strong>\u00a0las ventas\u00a0<strong>disminuyeron 2,8% anual y acumulan un declive de 0,7%<\/strong>\u00a0en los 11 meses del a\u00f1o, siempre frente al mismo ciclo de 2022. En el contraste intermensual, cayeron 7,6%.<br \/>\n<strong>Textil e indumentaria: l<\/strong>as ventas\u00a0<strong>subieron 1,8% anual e<\/strong>n noviembre, a precios constantes y acumulan una ca\u00edda de 5,4% en los 11 meses del a\u00f1o, comparado a la misma etapa del 2022. Frente a octubre se registr\u00f3 una suba del 2,2%. <strong>(VW)<\/strong><\/p>\n","protected":false},"excerpt":{"rendered":"<p>Alta p\u00e9rdida del poder adquisitivo: Seg\u00fan el relevamiento, las ventas minoristas bajaron 2,4% en lo que va del a\u00f1o. \u201cLas ofertas del comercio electr\u00f3nico\u00a0no fueron suficientes\u00a0para cambiar el signo de la tendencia en las&#46;&#46;&#46;<\/p>\n","protected":false},"author":4,"featured_media":12787,"comment_status":"closed","ping_status":"closed","sticky":false,"template":"","format":"standard","meta":{"_monsterinsights_skip_tracking":false,"_monsterinsights_sitenote_active":false,"_monsterinsights_sitenote_note":"","_monsterinsights_sitenote_category":0,"footnotes":""},"categories":[6],"tags":[5309,309,5308],"class_list":["post-12786","post","type-post","status-publish","format-standard","has-post-thumbnail","hentry","category-economia","tag-caida-en-noviembre","tag-came","tag-ventas-minoristas"],"_links":{"self":[{"href":"https:\/\/www.visionweb.com.ar\/index.php?rest_route=\/wp\/v2\/posts\/12786","targetHints":{"allow":["GET"]}}],"collection":[{"href":"https:\/\/www.visionweb.com.ar\/index.php?rest_route=\/wp\/v2\/posts"}],"about":[{"href":"https:\/\/www.visionweb.com.ar\/index.php?rest_route=\/wp\/v2\/types\/post"}],"author":[{"embeddable":true,"href":"https:\/\/www.visionweb.com.ar\/index.php?rest_route=\/wp\/v2\/users\/4"}],"replies":[{"embeddable":true,"href":"https:\/\/www.visionweb.com.ar\/index.php?rest_route=%2Fwp%2Fv2%2Fcomments&post=12786"}],"version-history":[{"count":1,"href":"https:\/\/www.visionweb.com.ar\/index.php?rest_route=\/wp\/v2\/posts\/12786\/revisions"}],"predecessor-version":[{"id":12788,"href":"https:\/\/www.visionweb.com.ar\/index.php?rest_route=\/wp\/v2\/posts\/12786\/revisions\/12788"}],"wp:featuredmedia":[{"embeddable":true,"href":"https:\/\/www.visionweb.com.ar\/index.php?rest_route=\/wp\/v2\/media\/12787"}],"wp:attachment":[{"href":"https:\/\/www.visionweb.com.ar\/index.php?rest_route=%2Fwp%2Fv2%2Fmedia&parent=12786"}],"wp:term":[{"taxonomy":"category","embeddable":true,"href":"https:\/\/www.visionweb.com.ar\/index.php?rest_route=%2Fwp%2Fv2%2Fcategories&post=12786"},{"taxonomy":"post_tag","embeddable":true,"href":"https:\/\/www.visionweb.com.ar\/index.php?rest_route=%2Fwp%2Fv2%2Ftags&post=12786"}],"curies":[{"name":"wp","href":"https:\/\/api.w.org\/{rel}","templated":true}]}}