{"id":12784,"date":"2023-12-04T08:45:58","date_gmt":"2023-12-04T11:45:58","guid":{"rendered":"https:\/\/www.visionweb.com.ar\/?p=12784"},"modified":"2023-12-04T08:45:58","modified_gmt":"2023-12-04T11:45:58","slug":"axel-kicillof-reactivo-el-reclamo-por-la-coparticipacion","status":"publish","type":"post","link":"https:\/\/www.visionweb.com.ar\/?p=12784","title":{"rendered":"Axel Kicillof reactiv\u00f3 el reclamo por la coparticipaci\u00f3n"},"content":{"rendered":"<p><em><strong>Kicillof asumir\u00e1 su segundo mandato el lunes 11. Adelant\u00f3 que Buenos Aires es \u201cla provincia es la que menos gasto y empleados tiene\u201d. Una semana antes de que asuma Milei, mostr\u00f3 n\u00fameros para defender el nivel de gasto y el tama\u00f1o del Estado provincial.<\/strong><\/em><!--more--><\/p>\n<p><strong><img loading=\"lazy\" decoding=\"async\" class=\"size-medium wp-image-7951 alignright\" src=\"https:\/\/www.visionweb.com.ar\/wp-content\/uploads\/2022\/10\/Kicillof-archivo-300x246.jpg\" alt=\"\" width=\"300\" height=\"246\" srcset=\"https:\/\/www.visionweb.com.ar\/wp-content\/uploads\/2022\/10\/Kicillof-archivo-300x246.jpg 300w, https:\/\/www.visionweb.com.ar\/wp-content\/uploads\/2022\/10\/Kicillof-archivo.bmp 620w\" sizes=\"auto, (max-width: 300px) 100vw, 300px\" \/>\u00a0\u00a0 E<\/strong>l reelecto gobernador bonaerense, <strong>Axel Kicillof<\/strong>, reactiv\u00f3 el <strong>reclamo por la coparticipaci\u00f3n<\/strong> que recibe la provincia de Buenos Aires, mediante publicaciones en redes sociales que public\u00f3 ayer, a una semana de que asuma la presidencia <strong>Javier Milei<\/strong>; tambi\u00e9n defendi\u00f3 el nivel de empleo p\u00fablico y de gasto del distrito.<\/p>\n<p>\u201c<strong>La provincia de Buenos Aires es la m\u00e1s perjudicada en materia de coparticipaci\u00f3n<\/strong>, aporta cerca del 40% de los fondos y recibe apenas el 22%\u201d, dijo Kicillof en un mensaje difundido a trav\u00e9s de sus redes sociales.<\/p>\n<p>Tambi\u00e9n asegur\u00f3 que \u201cen proporci\u00f3n a la cantidad de habitantes que tiene\u201d (unos 17,5 millones seg\u00fan el \u00faltimo censo) <strong>Buenos Aires es la provincia \u201cque menos gasta y que menos empleados p\u00fablicos tiene<\/strong>\u201d.<\/p>\n<p>Las declaraciones de Kicillof apuntan al recorte de gastos del Estado que Milei tendr\u00eda como plan de acci\u00f3n, pero cuyo contenido concreto se conocer\u00e1 el pr\u00f3ximo domingo cuando asuma y d\u00e9 sus primeros dos discursos como presidente en funciones. Luego, esas reformas deber\u00edan ser debatidas en el Congreso en sesiones extraordinarias.<\/p>\n<p>En ese sentido y anticip\u00e1ndose, Kicillof advirti\u00f3 que continuar\u00e1 peleando por los recursos de la provincia porque \u201cson <strong>fundamentales para afrontar todo lo que falta<\/strong> para que las y los bonaerenses vivan mejor\u201d.<\/p>\n<p>El gobernador neg\u00f3 que la Provincia deba ajustar su aparato de Estado y, record\u00f3 que Buenos Aires est\u00e1 perjudicada por los seis puntos de coparticipaci\u00f3n que perdi\u00f3 a fines de los a\u00f1os 80, ingresos que no pudo recuperar en la misma proporci\u00f3n pese a fondos espec\u00edficos y pactos posteriores.<\/p>\n<p>El r\u00e9gimen de coparticipaci\u00f3n es una ley que, tras la reforma de 1994, necesita el OK de todas las legislaturas provinciales para modificarse.<\/p>\n<p>Pero la provincia de <strong>Buenos Aires recibe una serie de fondos no autom\u00e1ticos<\/strong> con los que viene compensando las deficiencias de la coparticipaci\u00f3n, y estos son los que podr\u00edan ser recortados por Milei.<\/p>\n<p>De esos temas hablaron ya, el futuro ministro del Interior, Guillermo Francos, y el Gobernador Kicillof, en una reuni\u00f3n que sostuvieron, sin que hasta ahora se conozcan acuerdos o compromisos al respecto.<\/p>\n<p>En paralelo, los gobernadores, tanto del actual oficialismo como de Juntos por el Cambio y de partidos provinciales, vienen reclamando algunas acciones para asegurar el financiamiento de sus distritos a futuro.<\/p>\n<p>En ese plano, critican el impacto de la eliminaci\u00f3n de la cuarta categor\u00eda del Impuesto a las Ganancias establecida por el saliente ministro de Econom\u00eda, Sergio Massa, durante su campa\u00f1a presidencial, y buscan que se haga coparticipable el impuesto al Cheque (D\u00e9bitos y Cr\u00e9ditos Bancarios), adem\u00e1s de la mantenci\u00f3n hasta 2050 de un fondo fiduciario espec\u00edfico para el desarrollo de las provincias, que vence este a\u00f1o.<\/p>\n<p><strong>El gobernador asumir\u00e1 su segundo mandato:<\/strong><\/p>\n<p>La \u00abreasunci\u00f3n\u00bb de\u00a0<strong>Axel Kicillof<\/strong>\u00a0al frente del\u00a0<strong>gobierno de la Provincia de Buenos Aires<\/strong>\u00a0ser\u00e1 el<strong>\u00a0lunes 11 de diciembre, en horas de la tarde.\u00a0<\/strong>El gobernador deber\u00e1 presentarse ante la\u00a0<strong>Asamblea Legislativa\u00a0<\/strong>reunida en el recinto de la <strong>C\u00e1mara de Diputados de la Legislatura provincial<\/strong>. Y tal como la constituci\u00f3n provincial marca, ese acto debe llevarse a cabo \u00abel primer d\u00eda h\u00e1bil posterior a la integraci\u00f3n de las C\u00e1maras con la incorporaci\u00f3n de los legisladores electos en la misma elecci\u00f3n\u00bb.<\/p>\n<p>Mientras que<strong> los alcaldes recibir\u00e1n sus diplomas el martes 5, en tanto que los Legisladores tendr\u00e1n jura y sesi\u00f3n preparatoria el mi\u00e9rcoles 6.<\/strong><\/p>\n<p>Cabe recordar, que <strong>Axel Kicillof <\/strong>fue reelecto como gobernador por amplio margen de votos en las elecciones generales del 22 de octubre pasado, sin embargo, el balotaje del 19 de diciembre le dio un cambio dr\u00e1stico al \u00abcontexto\u00bb de su segundo mandato.<\/p>\n<p>Por eso, la expectativa est\u00e1 centrada en el an\u00e1lisis y la estrategia del Gobierno en un escenario en el que la Naci\u00f3n se estar\u00eda moviendo en direcciones diametralmente opuestas a sus propuestas y tendencias.<strong> (VW)<\/strong><\/p>\n<p>&nbsp;<\/p>\n","protected":false},"excerpt":{"rendered":"<p>Kicillof asumir\u00e1 su segundo mandato el lunes 11. Adelant\u00f3 que Buenos Aires es \u201cla provincia es la que menos gasto y empleados tiene\u201d. Una semana antes de que asuma Milei, mostr\u00f3 n\u00fameros para defender&#46;&#46;&#46;<\/p>\n","protected":false},"author":4,"featured_media":7951,"comment_status":"closed","ping_status":"closed","sticky":false,"template":"","format":"standard","meta":{"_monsterinsights_skip_tracking":false,"_monsterinsights_sitenote_active":false,"_monsterinsights_sitenote_note":"","_monsterinsights_sitenote_category":0,"footnotes":""},"categories":[4],"tags":[185,167,356,5307],"class_list":["post-12784","post","type-post","status-publish","format-standard","has-post-thumbnail","hentry","category-politica","tag-coparticipacion","tag-kicillof","tag-provincia","tag-reasuncion"],"_links":{"self":[{"href":"https:\/\/www.visionweb.com.ar\/index.php?rest_route=\/wp\/v2\/posts\/12784","targetHints":{"allow":["GET"]}}],"collection":[{"href":"https:\/\/www.visionweb.com.ar\/index.php?rest_route=\/wp\/v2\/posts"}],"about":[{"href":"https:\/\/www.visionweb.com.ar\/index.php?rest_route=\/wp\/v2\/types\/post"}],"author":[{"embeddable":true,"href":"https:\/\/www.visionweb.com.ar\/index.php?rest_route=\/wp\/v2\/users\/4"}],"replies":[{"embeddable":true,"href":"https:\/\/www.visionweb.com.ar\/index.php?rest_route=%2Fwp%2Fv2%2Fcomments&post=12784"}],"version-history":[{"count":1,"href":"https:\/\/www.visionweb.com.ar\/index.php?rest_route=\/wp\/v2\/posts\/12784\/revisions"}],"predecessor-version":[{"id":12785,"href":"https:\/\/www.visionweb.com.ar\/index.php?rest_route=\/wp\/v2\/posts\/12784\/revisions\/12785"}],"wp:featuredmedia":[{"embeddable":true,"href":"https:\/\/www.visionweb.com.ar\/index.php?rest_route=\/wp\/v2\/media\/7951"}],"wp:attachment":[{"href":"https:\/\/www.visionweb.com.ar\/index.php?rest_route=%2Fwp%2Fv2%2Fmedia&parent=12784"}],"wp:term":[{"taxonomy":"category","embeddable":true,"href":"https:\/\/www.visionweb.com.ar\/index.php?rest_route=%2Fwp%2Fv2%2Fcategories&post=12784"},{"taxonomy":"post_tag","embeddable":true,"href":"https:\/\/www.visionweb.com.ar\/index.php?rest_route=%2Fwp%2Fv2%2Ftags&post=12784"}],"curies":[{"name":"wp","href":"https:\/\/api.w.org\/{rel}","templated":true}]}}