{"id":12773,"date":"2023-12-01T12:11:27","date_gmt":"2023-12-01T15:11:27","guid":{"rendered":"https:\/\/www.visionweb.com.ar\/?p=12773"},"modified":"2023-12-01T12:13:06","modified_gmt":"2023-12-01T15:13:06","slug":"la-provincia-autorizo-11-de-aumento-para-los-colegios-privados","status":"publish","type":"post","link":"https:\/\/www.visionweb.com.ar\/?p=12773","title":{"rendered":"La Provincia autoriz\u00f3 11% de aumento para los colegios privados"},"content":{"rendered":"<p><em><strong>Es a partir de diciembre. Las variables en las cuotas se rigen de acuerdo al nivel educativo y al porcentual de subsidios que reciben los establecimientos.<\/strong><strong>\u00a0<\/strong><\/em><!--more--><\/p>\n<p><strong><img loading=\"lazy\" decoding=\"async\" class=\"size-medium wp-image-12776 alignright\" src=\"https:\/\/www.visionweb.com.ar\/wp-content\/uploads\/2023\/12\/colegios-priv-prov.-dic23-300x160.png\" alt=\"\" width=\"300\" height=\"160\" srcset=\"https:\/\/www.visionweb.com.ar\/wp-content\/uploads\/2023\/12\/colegios-priv-prov.-dic23-300x160.png 300w, https:\/\/www.visionweb.com.ar\/wp-content\/uploads\/2023\/12\/colegios-priv-prov.-dic23.png 565w\" sizes=\"auto, (max-width: 300px) 100vw, 300px\" \/>\u00a0 F<\/strong>inalmente, el gobernador de la provincia de Buenos Aires\u00a0<strong>Axel Kicillof, <\/strong>autoriz\u00f3 un<strong> incremento promedio del 11% en las cuotas de los colegios a partir de\u00a0diciembre, <\/strong>con lo cual el incremento anual promedio ser\u00e1 del 126,75%.<\/p>\n<p>Tras el<strong> reclamo de AIEPBA (Asociaci\u00f3n de Institutos de Ense\u00f1anza Privada de la provincia de Buenos Aires) para actualizar los aranceles de las escuelas privadas con aporte estatal, <\/strong>luego de la paritaria docente y la suba constante de la inflaci\u00f3n, la Provincia hizo eco y autoriz\u00f3 la suba.<\/p>\n<p><strong>Hasta noviembre inclusive los topes arancelarios que autoriza el Gobierno tuvieron un incremento del 115.75% y las paritarias con los docentes tuvieron una suba del 132%. Ahora se suma este 11% m\u00e1s.<\/strong><\/p>\n<p>Cabe recordar que Aiepba, entidad que agrupa a m\u00e1s de 2300 servicios educativos en territorio bonaerense, hab\u00eda pedido al gobierno de la Provincia un aumento en las cuotas<strong> el 15 de Noviembre pasado.<\/strong><\/p>\n<p><strong><img loading=\"lazy\" decoding=\"async\" class=\"size-medium wp-image-12774 alignleft\" src=\"https:\/\/www.visionweb.com.ar\/wp-content\/uploads\/2023\/12\/colegios-privados-300x173.png\" alt=\"\" width=\"300\" height=\"173\" srcset=\"https:\/\/www.visionweb.com.ar\/wp-content\/uploads\/2023\/12\/colegios-privados-300x173.png 300w, https:\/\/www.visionweb.com.ar\/wp-content\/uploads\/2023\/12\/colegios-privados.png 535w\" sizes=\"auto, (max-width: 300px) 100vw, 300px\" \/>Ahora los colegios deber\u00e1n informar a los padres del nuevo cuadro tarifario que se aplicar\u00e1 en los pr\u00f3ximos d\u00edas.<\/strong><\/p>\n<p>D\u00edas atr\u00e1s y a trav\u00e9s de distintos pedidos, AIEPBA, indic\u00f3 que<strong> \u201ces imperioso actualizar los aranceles cuanto antes por los recientes aumentos de sueldo para equiparar los costos y poder brindar la misma calidad educativa\u201d.<\/strong><\/p>\n<p>\u00abNuestra preocupaci\u00f3n se acrecienta debido a que el Gobierno bonaerense y los gremios docentes acordaron volver<strong> a reunirse en el mes de diciembre, para reabrir la discusi\u00f3n paritaria.\u00a0<\/strong>El pedido de aumento busca el reconocimiento de por lo menos el 16% de diferencia. En tanto, la inflaci\u00f3n es del 120% anual. Es decir,<strong> estamos por debajo de la inflaci\u00f3n con un mes m\u00e1s\u00bb<\/strong>, agregaron desde el sector. <strong>(VW)<\/strong><\/p>\n","protected":false},"excerpt":{"rendered":"<p>Es a partir de diciembre. Las variables en las cuotas se rigen de acuerdo al nivel educativo y al porcentual de subsidios que reciben los establecimientos.\u00a0<\/p>\n","protected":false},"author":4,"featured_media":12774,"comment_status":"closed","ping_status":"closed","sticky":false,"template":"","format":"standard","meta":{"_monsterinsights_skip_tracking":false,"_monsterinsights_sitenote_active":false,"_monsterinsights_sitenote_note":"","_monsterinsights_sitenote_category":0,"footnotes":""},"categories":[6],"tags":[373,5304,2539,167],"class_list":["post-12773","post","type-post","status-publish","format-standard","has-post-thumbnail","hentry","category-economia","tag-aiepba","tag-aumento-diciembre","tag-colegios-privados","tag-kicillof"],"_links":{"self":[{"href":"https:\/\/www.visionweb.com.ar\/index.php?rest_route=\/wp\/v2\/posts\/12773","targetHints":{"allow":["GET"]}}],"collection":[{"href":"https:\/\/www.visionweb.com.ar\/index.php?rest_route=\/wp\/v2\/posts"}],"about":[{"href":"https:\/\/www.visionweb.com.ar\/index.php?rest_route=\/wp\/v2\/types\/post"}],"author":[{"embeddable":true,"href":"https:\/\/www.visionweb.com.ar\/index.php?rest_route=\/wp\/v2\/users\/4"}],"replies":[{"embeddable":true,"href":"https:\/\/www.visionweb.com.ar\/index.php?rest_route=%2Fwp%2Fv2%2Fcomments&post=12773"}],"version-history":[{"count":3,"href":"https:\/\/www.visionweb.com.ar\/index.php?rest_route=\/wp\/v2\/posts\/12773\/revisions"}],"predecessor-version":[{"id":12778,"href":"https:\/\/www.visionweb.com.ar\/index.php?rest_route=\/wp\/v2\/posts\/12773\/revisions\/12778"}],"wp:featuredmedia":[{"embeddable":true,"href":"https:\/\/www.visionweb.com.ar\/index.php?rest_route=\/wp\/v2\/media\/12774"}],"wp:attachment":[{"href":"https:\/\/www.visionweb.com.ar\/index.php?rest_route=%2Fwp%2Fv2%2Fmedia&parent=12773"}],"wp:term":[{"taxonomy":"category","embeddable":true,"href":"https:\/\/www.visionweb.com.ar\/index.php?rest_route=%2Fwp%2Fv2%2Fcategories&post=12773"},{"taxonomy":"post_tag","embeddable":true,"href":"https:\/\/www.visionweb.com.ar\/index.php?rest_route=%2Fwp%2Fv2%2Ftags&post=12773"}],"curies":[{"name":"wp","href":"https:\/\/api.w.org\/{rel}","templated":true}]}}