{"id":12757,"date":"2023-11-30T11:13:07","date_gmt":"2023-11-30T14:13:07","guid":{"rendered":"https:\/\/www.visionweb.com.ar\/?p=12757"},"modified":"2023-11-30T11:13:07","modified_gmt":"2023-11-30T14:13:07","slug":"que-es-la-estanflacion-de-la-que-habla-javier-milei","status":"publish","type":"post","link":"https:\/\/www.visionweb.com.ar\/?p=12757","title":{"rendered":"Qu\u00e9 es la \u201cestanflaci\u00f3n\u201d de la que habla Javier Milei"},"content":{"rendered":"<p><strong><em>En t\u00e9rminos generales es la combinaci\u00f3n de falta de crecimiento y suba generalizada y sostenida de precios. En Argentina se dio por primera vez en 1978 y se repiti\u00f3 15 veces desde entonces.<\/em><\/strong><!--more--><\/p>\n<p><strong><img loading=\"lazy\" decoding=\"async\" class=\"size-full wp-image-1346 alignright\" src=\"https:\/\/www.visionweb.com.ar\/wp-content\/uploads\/2021\/04\/supermercado.bmp\" alt=\"\" width=\"244\" height=\"167\" \/>\u00a0\u00a0\u00a0 E<\/strong>l presidente electo, <strong>Javier Milei<\/strong>,\u00a0explic\u00f3 que en los<strong> primeros meses de su gobierno habr\u00e1 alta inflaci\u00f3n con estancamiento econ\u00f3mico a partir de las medidas de ajuste fiscal que deber\u00e1 implementar, <\/strong>y se refiri\u00f3 a la <strong>\u201cestanflaci\u00f3n\u201d<\/strong>, un concepto que se hizo viral en las \u00faltimas horas.<\/p>\n<p>Mieli explic\u00f3 c\u00f3mo ser\u00e1 la econom\u00eda del pa\u00eds en los pr\u00f3ximos meses y habl\u00f3 de estanflaci\u00f3n, que es la uni\u00f3n de los t\u00e9rminos <strong>estancamiento del crecimiento e inflaci\u00f3n,<\/strong> y es el vocablo que se usa para describir <strong>los per\u00edodos en que ambos fen\u00f3menos se dan en simult\u00e1neo<\/strong>.<\/p>\n<p><strong>\u201cVa a haber una estanflaci\u00f3n, porque cuando hagas el reordenamiento fiscal eso va a impactar negativamente en la actividad econ\u00f3mica\u201d<\/strong>, afirm\u00f3 el futuro mandatario en declaraciones radiales.<\/p>\n<p>A ra\u00edz de este escenario, Milei subray\u00f3: \u201c<strong>Por eso la \u00fanica billetera que va a estar abierta es la de Capital Humano para dar contenci\u00f3n a los ca\u00eddos\u201d<\/strong>.<\/p>\n<p>Milei afirm\u00f3 que la inflaci\u00f3n de los pr\u00f3ximos meses \u201cya est\u00e1 jugada\u201d porque la pol\u00edtica monetaria tiene un rezago de 18 a 24 meses\u201d\u00a0<strong>y es la consecuencia \u201cde lo que se hizo en los \u00faltimos meses\u201d<\/strong>.<\/p>\n<p>A la vez, insisti\u00f3 en que ese es el per\u00edodo (de aproximadamente 2 a\u00f1os) que cree demandar\u00e1 la estabilizaci\u00f3n de precios, y en ese sentido afirm\u00f3 que \u201c<strong>est\u00e1 preparando un paquete de medidas<\/strong>\u201d con ese objetivo.<\/p>\n<p>\u201cEstamos creando todos los mecanismos para <strong>detener<\/strong>\u00a0<strong>la emisi\u00f3n de dinero, para que en un lapso de entre 18 a 24 meses terminar con la inflaci\u00f3n.<\/strong>\u00a0Esa es la evidencia emp\u00edrica del caso argentino. L<strong>a convertibilidad, que funcionaba bajo esa misma regla, tard\u00f3 20 meses\u201d<\/strong>, record\u00f3.<\/p>\n<p><strong>Qu\u00e9 es la estanflaci\u00f3n:<\/strong><\/p>\n<p>Se trata de una situaci\u00f3n de dif\u00edcil gesti\u00f3n para los gobiernos, ya que las<strong> pol\u00edticas econ\u00f3micas que pueden ayudar a combatir la inflaci\u00f3n, como la subida de los tipos de inter\u00e9s, pueden agravar el estancamiento econ\u00f3mico<\/strong>. Y a la vez, las pol\u00edticas econ\u00f3micas que pueden <strong>ayudar a reactivar la econom\u00eda<\/strong>, como el aumento del gasto p\u00fablico, <strong>pueden agravar la inflaci\u00f3n<\/strong>.<\/p>\n<p>Puede producirse por diferentes causas, entre las que se encontrar\u00edan:<\/p>\n<ul>\n<li><strong>Shocks externos<\/strong>, como una guerra o una crisis financiera.<\/li>\n<li><strong>Errores de pol\u00edtica econ\u00f3mica<\/strong>, como una pol\u00edtica monetaria demasiado expansiva, o una pol\u00edtica fiscal demasiado restrictiva.<\/li>\n<li><strong>Cambios estructurales en la econom\u00eda<\/strong>, como la globalizaci\u00f3n o la automatizaci\u00f3n.<\/li>\n<\/ul>\n<p>Los efectos de la estanflaci\u00f3n:<\/p>\n<ul>\n<li><strong>Disminuci\u00f3n del nivel de vida<\/strong>, ya que la inflaci\u00f3n erosiona el poder adquisitivo de los ciudadanos.<\/li>\n<li><strong>Aumento del desempleo<\/strong>, ya que el estancamiento econ\u00f3mico genera dificultades para crear puestos de trabajo.<\/li>\n<li><strong>P\u00e9rdida de confianza en la econom\u00eda<\/strong>, lo que puede dificultar la inversi\u00f3n y el crecimiento econ\u00f3mico.<\/li>\n<\/ul>\n<p><strong>Un poco de historia:<\/strong><\/p>\n<p>El t\u00e9rmino surgi\u00f3 casi por casualidad, en medio de una exposici\u00f3n del ministro de Finanzas brit\u00e1nico Ian MacLeod en la C\u00e1mara de los Comunes, el 17 de noviembre de 1965.<\/p>\n<p>En la Argentina, el primer a\u00f1o de estanflaci\u00f3n n\u00edtida fue 1976, en el inicio de la dictadura de Jorge Rafael Videla, con un PBI que cay\u00f3 2% en medio de una inflaci\u00f3n de m\u00e1s del 400%, aunque podr\u00eda tomarse el antecedente de la segunda mitad del a\u00f1o anterior, durante la presidencia de Mar\u00eda Estela Mart\u00ednez de Per\u00f3n, con la aplicaci\u00f3n de lo que posteriormente se conoci\u00f3 como \u201crodrigazo\u201d (por Celestino Rodrigo, ministro de Econom\u00eda del 2 de junio al 17 de julio de ese a\u00f1o).<\/p>\n<p>Las cifras de 1975 muestran una inflaci\u00f3n del 182% y un PBI que no tuvo variaci\u00f3n respecto del precedente, aunque con una ca\u00edda en los \u00faltimos dos trimestres.<\/p>\n<p>La combinaci\u00f3n de inflaci\u00f3n y estancamiento econ\u00f3mico volvi\u00f3 a registrarse en 1978, 1981 y 1982, y marc\u00f3 el piso desde que se iniciaron los gobiernos democr\u00e1ticos que se sucedieron a la dictadura, a\u00a0partir de 1983.<\/p>\n<p>El Plan Austral de 1985 procur\u00f3 poner fin a la continuidad del t\u00e1ndem, aunque no pudo evitar que ese a\u00f1o la inflaci\u00f3n se ubicara en un 385% y la econom\u00eda registrara un descenso del 7%.<\/p>\n<p>El presidente Ra\u00fal Alfons\u00edn y su ministro Juan Sourrouille debieron esperar al a\u00f1o siguiente para mostrar estad\u00edsticas mejores, en un alivio parcial que qued\u00f3 trunco en 1988 (-2% de evoluci\u00f3n del PBI y 387,7% de inflaci\u00f3n) y se expres\u00f3 con virulencia al a\u00f1o siguiente, con una hiperinflaci\u00f3n de cuatro d\u00edgitos con una econom\u00eda que tuvo una ca\u00edda del 7%, performance que, con menor intensidad, se repiti\u00f3 en 1990, ya con Carlos Menem en la Casa Rosada.<\/p>\n<p>El d\u00fao hizo su regreso en 2002, con el peor registro en lo que se refiere a la evoluci\u00f3n del PBI (-10,9%) y una inflaci\u00f3n del 40,9%, concentrada en los primeros meses del a\u00f1o.<\/p>\n<p>Desde entonces, la coexistencia de las dos variables volvi\u00f3 a darse en 2009, 2012, 2014, 2016, 2018, 2019 y 2020, de lo que se desprende que la estanflaci\u00f3n estuvo presente en la Argentina en por lo menos 16 de los \u00faltimos 48 a\u00f1os.<\/p>\n<p>En la actualidad, hay algunos economistas que consideran que la econom\u00eda mundial podr\u00eda estar entrando en una fase de estanflaci\u00f3n,\u00a0<strong>debido a la combinaci\u00f3n de factores como la guerra en Ucrania, la subida de los precios de la energ\u00eda y la subida de los tipos de inter\u00e9s.<\/strong><strong> (VW)<\/strong><\/p>\n","protected":false},"excerpt":{"rendered":"<p>En t\u00e9rminos generales es la combinaci\u00f3n de falta de crecimiento y suba generalizada y sostenida de precios. En Argentina se dio por primera vez en 1978 y se repiti\u00f3 15 veces desde entonces.<\/p>\n","protected":false},"author":4,"featured_media":6394,"comment_status":"closed","ping_status":"closed","sticky":false,"template":"","format":"standard","meta":{"_monsterinsights_skip_tracking":false,"_monsterinsights_sitenote_active":false,"_monsterinsights_sitenote_note":"","_monsterinsights_sitenote_category":0,"footnotes":""},"categories":[6,4],"tags":[5295,4878],"class_list":["post-12757","post","type-post","status-publish","format-standard","has-post-thumbnail","hentry","category-economia","category-politica","tag-estanflacion","tag-javier-milei"],"_links":{"self":[{"href":"https:\/\/www.visionweb.com.ar\/index.php?rest_route=\/wp\/v2\/posts\/12757","targetHints":{"allow":["GET"]}}],"collection":[{"href":"https:\/\/www.visionweb.com.ar\/index.php?rest_route=\/wp\/v2\/posts"}],"about":[{"href":"https:\/\/www.visionweb.com.ar\/index.php?rest_route=\/wp\/v2\/types\/post"}],"author":[{"embeddable":true,"href":"https:\/\/www.visionweb.com.ar\/index.php?rest_route=\/wp\/v2\/users\/4"}],"replies":[{"embeddable":true,"href":"https:\/\/www.visionweb.com.ar\/index.php?rest_route=%2Fwp%2Fv2%2Fcomments&post=12757"}],"version-history":[{"count":1,"href":"https:\/\/www.visionweb.com.ar\/index.php?rest_route=\/wp\/v2\/posts\/12757\/revisions"}],"predecessor-version":[{"id":12758,"href":"https:\/\/www.visionweb.com.ar\/index.php?rest_route=\/wp\/v2\/posts\/12757\/revisions\/12758"}],"wp:featuredmedia":[{"embeddable":true,"href":"https:\/\/www.visionweb.com.ar\/index.php?rest_route=\/wp\/v2\/media\/6394"}],"wp:attachment":[{"href":"https:\/\/www.visionweb.com.ar\/index.php?rest_route=%2Fwp%2Fv2%2Fmedia&parent=12757"}],"wp:term":[{"taxonomy":"category","embeddable":true,"href":"https:\/\/www.visionweb.com.ar\/index.php?rest_route=%2Fwp%2Fv2%2Fcategories&post=12757"},{"taxonomy":"post_tag","embeddable":true,"href":"https:\/\/www.visionweb.com.ar\/index.php?rest_route=%2Fwp%2Fv2%2Ftags&post=12757"}],"curies":[{"name":"wp","href":"https:\/\/api.w.org\/{rel}","templated":true}]}}