{"id":12755,"date":"2023-11-30T10:13:45","date_gmt":"2023-11-30T13:13:45","guid":{"rendered":"https:\/\/www.visionweb.com.ar\/?p=12755"},"modified":"2023-11-30T10:13:45","modified_gmt":"2023-11-30T13:13:45","slug":"ciclo-lectivo-2024-sileoni-puso-fecha-para-el-inicio-de-clases-en-la-provincia","status":"publish","type":"post","link":"https:\/\/www.visionweb.com.ar\/?p=12755","title":{"rendered":"Ciclo lectivo 2024: Sileoni puso fecha para el inicio de clases en la Provincia"},"content":{"rendered":"<p><strong><em>C<\/em><em>omenzar\u00e1n el viernes 1\u00b0 de marzo <\/em><em>en las escuelas de todos los distritos del territorio bonaerense, que cuenta con m\u00e1s de 5 millones de alumnos y alumnas en 21.000 escuelas, distribuidas en los 135 municipios bonaerenses.<\/em><\/strong><!--more--><\/p>\n<p><strong><img loading=\"lazy\" decoding=\"async\" class=\"size-medium wp-image-11702 alignright\" src=\"https:\/\/www.visionweb.com.ar\/wp-content\/uploads\/2023\/09\/a-escuelas-300x145.png\" alt=\"\" width=\"300\" height=\"145\" srcset=\"https:\/\/www.visionweb.com.ar\/wp-content\/uploads\/2023\/09\/a-escuelas-300x145.png 300w, https:\/\/www.visionweb.com.ar\/wp-content\/uploads\/2023\/09\/a-escuelas.png 462w\" sizes=\"auto, (max-width: 300px) 100vw, 300px\" \/>\u00a0\u00a0\u00a0 L<\/strong>a Direcci\u00f3n General de Cultura y Educaci\u00f3n de la provincia de Buenos Aires anunci\u00f3 que el <strong>ciclo lectivo 2024 comenzar\u00e1 el viernes 1\u00b0 de marzo <\/strong>en las escuelas de todos los distritos.<\/p>\n<p>La decisi\u00f3n se inform\u00f3 ayer mi\u00e9rcoles por la tarde, y desde la cartera educativa que conduce Alberto Sileoni precisaron que este jueves se brindar\u00e1n m\u00e1s precisiones, en torno al receso invernal y a la fecha de finalizaci\u00f3n de clases.<\/p>\n<p>El territorio bonaerense cuenta con m\u00e1s de 5 millones de alumnos y alumnas: 678.814 de nivel inicial; 1.766.897 en primaria, 1.709.160 en secundaria, 276.610 en superior y 717.346 en otras modalidades.<\/p>\n<p>En toda la provincia hay 430.000 docentes y 80 mil auxiliares que se desempe\u00f1an en 21.000 escuelas distribuidas en los 135 municipios bonaerenses, que incluyen jardines de infantes, primarias, secundarias, espacios de educaci\u00f3n superior y otras instituciones.<\/p>\n<p>En los \u00faltimos cuatro a\u00f1os, en esa jurisdicci\u00f3n se cumplieron los 190 d\u00edas de clases dado que se han alcanzado acuerdos con los gremios del sector en las negociaciones paritarias, con lo cual se evitaron paros. <strong>(VW)<\/strong><\/p>\n","protected":false},"excerpt":{"rendered":"<p>Comenzar\u00e1n el viernes 1\u00b0 de marzo en las escuelas de todos los distritos del territorio bonaerense, que cuenta con m\u00e1s de 5 millones de alumnos y alumnas en 21.000 escuelas, distribuidas en los 135&#46;&#46;&#46;<\/p>\n","protected":false},"author":4,"featured_media":11702,"comment_status":"closed","ping_status":"closed","sticky":false,"template":"","format":"standard","meta":{"_monsterinsights_skip_tracking":false,"_monsterinsights_sitenote_active":false,"_monsterinsights_sitenote_note":"","_monsterinsights_sitenote_category":0,"footnotes":""},"categories":[7,5],"tags":[5294,356,2160],"class_list":["post-12755","post","type-post","status-publish","format-standard","has-post-thumbnail","hentry","category-educacion-y-cultura","category-sociedad","tag-ciclo-lectivo-2024","tag-provincia","tag-sileoni"],"_links":{"self":[{"href":"https:\/\/www.visionweb.com.ar\/index.php?rest_route=\/wp\/v2\/posts\/12755","targetHints":{"allow":["GET"]}}],"collection":[{"href":"https:\/\/www.visionweb.com.ar\/index.php?rest_route=\/wp\/v2\/posts"}],"about":[{"href":"https:\/\/www.visionweb.com.ar\/index.php?rest_route=\/wp\/v2\/types\/post"}],"author":[{"embeddable":true,"href":"https:\/\/www.visionweb.com.ar\/index.php?rest_route=\/wp\/v2\/users\/4"}],"replies":[{"embeddable":true,"href":"https:\/\/www.visionweb.com.ar\/index.php?rest_route=%2Fwp%2Fv2%2Fcomments&post=12755"}],"version-history":[{"count":1,"href":"https:\/\/www.visionweb.com.ar\/index.php?rest_route=\/wp\/v2\/posts\/12755\/revisions"}],"predecessor-version":[{"id":12756,"href":"https:\/\/www.visionweb.com.ar\/index.php?rest_route=\/wp\/v2\/posts\/12755\/revisions\/12756"}],"wp:featuredmedia":[{"embeddable":true,"href":"https:\/\/www.visionweb.com.ar\/index.php?rest_route=\/wp\/v2\/media\/11702"}],"wp:attachment":[{"href":"https:\/\/www.visionweb.com.ar\/index.php?rest_route=%2Fwp%2Fv2%2Fmedia&parent=12755"}],"wp:term":[{"taxonomy":"category","embeddable":true,"href":"https:\/\/www.visionweb.com.ar\/index.php?rest_route=%2Fwp%2Fv2%2Fcategories&post=12755"},{"taxonomy":"post_tag","embeddable":true,"href":"https:\/\/www.visionweb.com.ar\/index.php?rest_route=%2Fwp%2Fv2%2Ftags&post=12755"}],"curies":[{"name":"wp","href":"https:\/\/api.w.org\/{rel}","templated":true}]}}