{"id":12748,"date":"2023-11-30T06:50:42","date_gmt":"2023-11-30T09:50:42","guid":{"rendered":"https:\/\/www.visionweb.com.ar\/?p=12748"},"modified":"2023-11-29T18:04:14","modified_gmt":"2023-11-29T21:04:14","slug":"milei-y-villaruel-fueron-proclamados-presidente-y-vice","status":"publish","type":"post","link":"https:\/\/www.visionweb.com.ar\/?p=12748","title":{"rendered":"Milei y Villaruel fueron proclamados Presidente y Vice"},"content":{"rendered":"<p><em><strong>Fue en una breve sesi\u00f3n presidida por la titular del Senado, Cristina Kirchner. El binomio renunci\u00f3 a sus bancas en Diputados.<\/strong><\/em><!--more--><\/p>\n<div id=\"attachment_12750\" style=\"width: 310px\" class=\"wp-caption alignright\"><img loading=\"lazy\" decoding=\"async\" aria-describedby=\"caption-attachment-12750\" class=\"wp-image-12750 size-medium\" src=\"https:\/\/www.visionweb.com.ar\/wp-content\/uploads\/2023\/11\/PROCLAMAN-A-LOS-NUEVOS-CANDIDATOS-300x200.png\" alt=\"\" width=\"300\" height=\"200\" srcset=\"https:\/\/www.visionweb.com.ar\/wp-content\/uploads\/2023\/11\/PROCLAMAN-A-LOS-NUEVOS-CANDIDATOS-300x200.png 300w, https:\/\/www.visionweb.com.ar\/wp-content\/uploads\/2023\/11\/PROCLAMAN-A-LOS-NUEVOS-CANDIDATOS.png 640w\" sizes=\"auto, (max-width: 300px) 100vw, 300px\" \/><p id=\"caption-attachment-12750\" class=\"wp-caption-text\"><em><strong>El Congreso de la Naci\u00f3n proclama la nueva f\u00f3rmula presidencial que asumir\u00e1 el 10 de diciembre (Foto: Prensa Diputados<\/strong><\/em>)<\/p><\/div>\n<p><strong>L<\/strong>a Asamblea Legislativa proclam\u00f3, este mi\u00e9rcoles, la f\u00f3rmula presidencial de La Libertad Avanza (LLA) integrada por Javier Milei y Victoria Villarruel , as\u00ed se cumpli\u00f3 con el paso formal necesario antes de la jura prevista para el pr\u00f3ximo 10 de diciembre.<\/p>\n<p>La vicepresidenta Cristina Kirchner encabez\u00f3 la sesi\u00f3n que tuvo lugar en la C\u00e1mara de Diputados, donde estuvieron presentes el presidente y la vice electos.<\/p>\n<p>Durante la Asamblea Legislativa,\u00a0 Milei y Villarruel renunciaron formalmente a sus bancas en la C\u00e1mara de Diputados para quedar listos para asumir al frente del Poder Ejecutivo.<\/p>\n<p>La sesi\u00f3n comenz\u00f3 con qu\u00f3rum pasadas las 15 y Cristina Kirchner conform\u00f3 una comitiva especial de diputados y senadores que se reuni\u00f3 durante un breve cuarto intermedio para contabilizar los votos objetivos por La Libertad Avanza en la segunda vuelta del 22 de noviembre pasado.<\/p>\n<p>Concluido ese recuento, se procedi\u00f3 a la formalidad de proclamar a los pr\u00f3ximos Presidente y Vicepresidenta de la Naci\u00f3n, en medio de aplausos y felicitaciones.<\/p>\n<p>Milei y Villarruel fueron el centro de atenci\u00f3n de la tarde y muchos legisladores de la oposici\u00f3n, especialmente los aliados del PRO, hicieron fila para saludarlos.<\/p>\n<p>Los integrantes del actual oficialismo no se acercaron a los libertarios y tampoco lo hicieron los diputados del Frente de Izquierda, que se sientan al lado.<\/p>\n<p>De acuerdo al escrutinio definitivo que difundi\u00f3 la Justicia Nacional Electoral, en el balotaje particip\u00f3 el 76,32% del padr\u00f3n.<\/p>\n<p>Milei alcanz\u00f3 el 55,65%, es decir, 14.554.560 votos, mientras que la f\u00f3rmula integrada por los candidatos de Uni\u00f3n por la Patria, Sergio Massa y Agust\u00edn Rossi, cosech\u00f3 el 44,35%, 11.598.720 votos.<\/p>\n<p>El libertario asumir\u00e1 como Presidente de la Naci\u00f3n, el pr\u00f3ximo 10 de diciembre, cuando se espera que vuelva al recinto de la C\u00e1mara baja para recibir los atributos de manos del mandatario saliente Alberto Fern\u00e1ndez<strong>(VW)<\/strong>.<\/p>\n<p><strong>Con informaci\u00f3n de agencias de noticias.<\/strong><\/p>\n","protected":false},"excerpt":{"rendered":"<p>Fue en una breve sesi\u00f3n presidida por la titular del Senado, Cristina Kirchner. El binomio renunci\u00f3 a sus bancas en Diputados.<\/p>\n","protected":false},"author":3,"featured_media":12750,"comment_status":"closed","ping_status":"closed","sticky":false,"template":"","format":"standard","meta":{"_monsterinsights_skip_tracking":false,"_monsterinsights_sitenote_active":false,"_monsterinsights_sitenote_note":"","_monsterinsights_sitenote_category":0,"footnotes":""},"categories":[4],"tags":[5292,1143,143,2704,1381],"class_list":["post-12748","post","type-post","status-publish","format-standard","has-post-thumbnail","hentry","category-politica","tag-bancadas","tag-cristina","tag-diputados","tag-renuncias","tag-senadores"],"_links":{"self":[{"href":"https:\/\/www.visionweb.com.ar\/index.php?rest_route=\/wp\/v2\/posts\/12748","targetHints":{"allow":["GET"]}}],"collection":[{"href":"https:\/\/www.visionweb.com.ar\/index.php?rest_route=\/wp\/v2\/posts"}],"about":[{"href":"https:\/\/www.visionweb.com.ar\/index.php?rest_route=\/wp\/v2\/types\/post"}],"author":[{"embeddable":true,"href":"https:\/\/www.visionweb.com.ar\/index.php?rest_route=\/wp\/v2\/users\/3"}],"replies":[{"embeddable":true,"href":"https:\/\/www.visionweb.com.ar\/index.php?rest_route=%2Fwp%2Fv2%2Fcomments&post=12748"}],"version-history":[{"count":3,"href":"https:\/\/www.visionweb.com.ar\/index.php?rest_route=\/wp\/v2\/posts\/12748\/revisions"}],"predecessor-version":[{"id":12752,"href":"https:\/\/www.visionweb.com.ar\/index.php?rest_route=\/wp\/v2\/posts\/12748\/revisions\/12752"}],"wp:featuredmedia":[{"embeddable":true,"href":"https:\/\/www.visionweb.com.ar\/index.php?rest_route=\/wp\/v2\/media\/12750"}],"wp:attachment":[{"href":"https:\/\/www.visionweb.com.ar\/index.php?rest_route=%2Fwp%2Fv2%2Fmedia&parent=12748"}],"wp:term":[{"taxonomy":"category","embeddable":true,"href":"https:\/\/www.visionweb.com.ar\/index.php?rest_route=%2Fwp%2Fv2%2Fcategories&post=12748"},{"taxonomy":"post_tag","embeddable":true,"href":"https:\/\/www.visionweb.com.ar\/index.php?rest_route=%2Fwp%2Fv2%2Ftags&post=12748"}],"curies":[{"name":"wp","href":"https:\/\/api.w.org\/{rel}","templated":true}]}}